{"id":231449,"date":"2025-07-06T23:32:11","date_gmt":"2025-07-06T23:32:11","guid":{"rendered":"https:\/\/www.europesays.com\/fr\/231449\/"},"modified":"2025-07-06T23:32:11","modified_gmt":"2025-07-06T23:32:11","slug":"raphael-glucksmann-critique-le-coup-de-fil-de-macron-a-poutine","status":"publish","type":"post","link":"https:\/\/www.europesays.com\/fr\/231449\/","title":{"rendered":"Rapha\u00ebl Glucksmann critique le coup de fil de Macron \u00e0 Poutine"},"content":{"rendered":"<p>\u00abTant que Vladimir Poutine menace la s\u00e9curit\u00e9 des Europ\u00e9ens, nous ne lui parlons pas\u00bb, a fait valoir l\u2019eurod\u00e9put\u00e9 PS-Place publique, dimanche soir sur BFMTV.<\/p>\n<p class=\"fig-paragraph\">L&rsquo;eurod\u00e9put\u00e9 fran\u00e7ais\u00a0<a href=\"http:\/\/www.lefigaro.fr\/politique\/tribune-cosignee-par-retailleau-sur-l-energie-dans-le-figaro-du-populo-trumpisme-raille-glucksmann-20250706\" data-fig-type=\"NewsFlash\" data-gtm-custom-categorie=\"navigation\" data-gtm-custom-action=\"crossclick\" data-gtm-custom-label=\"Contextuel\" data-gtm-event=\"customEventSPE\" data-fig-domain=\"LEFIGARO\" target=\"_blank\" rel=\"noopener\">Rapha\u00ebl Glucksmann<\/a>\u00a0a estim\u00e9 dimanche que le coup de fil d&rsquo;<a href=\"http:\/\/www.lefigaro.fr\/politique\/sur-l-energie-bruno-retailleau-assume-une-rupture-avec-emmanuel-macron-et-electrise-le-gouvernement-20250704\" data-fig-type=\"Article\" data-gtm-custom-categorie=\"navigation\" data-gtm-custom-action=\"crossclick\" data-gtm-custom-label=\"Contextuel\" data-gtm-event=\"customEventSPE\" data-fig-domain=\"LEFIGARO\" target=\"_blank\" rel=\"noopener\">Emmanuel Macron<\/a>\u00a0\u00e0 Vladimir Poutine \u00abne donnera(it) rien\u00bb, d\u00e9plorant qu&rsquo;il \u00abenvoie le message\u00bb au dirigeant russe qu&rsquo;on peut \u00abtravailler ensemble\u00bb sur ce qui ne concerne pas l&rsquo;Ukraine. \u00abLa seule chose dont nous devons parler avec lui, c&rsquo;est du retrait des troupes russes d&rsquo;Ukraine\u00bb, au nom de \u00abla s\u00e9curit\u00e9 des Europ\u00e9ens\u00bb, a d\u00e9clar\u00e9 le leader de Place publique sur BFMTV. \u00abLa seule chose que \u00e7a donnera, \u00e7a enverra le message que l&rsquo;Ukraine est devenue un sujet comme un autre\u00bb, a-t-il soupir\u00e9.<\/p>\n<p class=\"fig-paragraph\">Dans le communiqu\u00e9 de l&rsquo;\u00c9lys\u00e9e,\u00a0<a href=\"http:\/\/www.lefigaro.fr\/international\/macron-reprend-contact-avec-poutine-dans-l-espoir-d-une-issue-diplomatique-sur-l-iran-20250701\" data-fig-type=\"Article\" data-gtm-custom-categorie=\"navigation\" data-gtm-custom-action=\"crossclick\" data-gtm-custom-label=\"Contextuel\" data-gtm-event=\"customEventSPE\" data-fig-domain=\"LEFIGARO\" target=\"_blank\" rel=\"noopener\">publi\u00e9 apr\u00e8s cet appel mardi<\/a>, le premier depuis septembre 2022, entre les deux pr\u00e9sidents, \u00abl&rsquo;Ukraine, c&rsquo;est quatre lignes, tout le reste, c&rsquo;est \u201cnous allons travailler ensemble sur l&rsquo;Iran\u201d\u00bb, a-t-il regrett\u00e9. \u00abSi l&rsquo;Ukraine s&rsquo;effondre, c&rsquo;est toute la s\u00e9curit\u00e9 europ\u00e9enne qui s&rsquo;effondre\u00bb, a r\u00e9p\u00e9t\u00e9 Rapha\u00ebl Glucksmann, appelant \u00e0 \u00ab\u00e9couter nos services de s\u00e9curit\u00e9, les services de s\u00e9curit\u00e9 allemands, danois, polonais, quand ils nous disent que le plan de Poutine, c&rsquo;est l&rsquo;invasion d&rsquo;un pays membre de l&rsquo;Union europ\u00e9enne et de l&rsquo;Otan avant 2029\u00bb.<\/p>\n<p>                                    <a class=\"fig-a11y-skip a11y-hidden\" href=\"#fig-a11y-skip-main-inarticle\"><br \/>\n        Passer la publicit\u00e9<br \/>\n    <\/a><\/p>\n<p>\u00abIl attaque encore plus fort\u00bb<\/p>\n<p class=\"fig-paragraph\">\u00abTant que Vladimir Poutine menace la s\u00e9curit\u00e9 des Europ\u00e9ens, nous ne lui parlons pas\u00bb, a-t-il tanc\u00e9, refusant que la France fasse \u00absemblant qu&rsquo;on peut continuer \u00e0 avoir des relations diplomatiques avec lui tant qu&rsquo;il n&rsquo;y a pas la paix en Ukraine\u00bb. Il a d&rsquo;ailleurs relev\u00e9 que depuis cet \u00e9change avec Emmanuel Macron, \u00abil n&rsquo;y a jamais eu des bombardements aussi forts sur Kiev\u00bb. \u00ab\u00c0 chaque fois que Vladimir Poutine per\u00e7oit chez nous la tentation d&rsquo;un retour \u00e0 la discussion ou \u00e0 la normale avec lui, eh bien il attaque encore plus fort\u00bb, a regrett\u00e9 le responsable politique. Les pr\u00e9sidents fran\u00e7ais Emmanuel Macron et russe Vladimir Poutine se sont parl\u00e9 mardi, affichant leurs divergences sur le conflit en Ukraine mais se disant pr\u00eats \u00e0 coop\u00e9rer pour encadrer le programme nucl\u00e9aire iranien apr\u00e8s les d\u00e9g\u00e2ts caus\u00e9s par les frappes isra\u00e9liennes et am\u00e9ricaines.<\/p>\n","protected":false},"excerpt":{"rendered":"\u00abTant que Vladimir Poutine menace la s\u00e9curit\u00e9 des Europ\u00e9ens, nous ne lui parlons pas\u00bb, a fait valoir l\u2019eurod\u00e9put\u00e9&hellip;\n","protected":false},"author":2,"featured_media":231450,"comment_status":"","ping_status":"","sticky":false,"template":"","format":"standard","meta":{"footnotes":""},"categories":[1590],"tags":[11,1073,1777,674,12,15923,220,135],"class_list":{"0":"post-231449","1":"post","2":"type-post","3":"status-publish","4":"format-standard","5":"has-post-thumbnail","7":"category-ukraine","8":"tag-actualites","9":"tag-emmanuel-macron","10":"tag-eu","11":"tag-europe","12":"tag-news","13":"tag-raphael-glucksmann","14":"tag-ukraine","15":"tag-vladimir-poutine"},"share_on_mastodon":{"url":"https:\/\/pubeurope.com\/@fr\/114808903778405180","error":""},"_links":{"self":[{"href":"https:\/\/www.europesays.com\/fr\/wp-json\/wp\/v2\/posts\/231449","targetHints":{"allow":["GET"]}}],"collection":[{"href":"https:\/\/www.europesays.com\/fr\/wp-json\/wp\/v2\/posts"}],"about":[{"href":"https:\/\/www.europesays.com\/fr\/wp-json\/wp\/v2\/types\/post"}],"author":[{"embeddable":true,"href":"https:\/\/www.europesays.com\/fr\/wp-json\/wp\/v2\/users\/2"}],"replies":[{"embeddable":true,"href":"https:\/\/www.europesays.com\/fr\/wp-json\/wp\/v2\/comments?post=231449"}],"version-history":[{"count":0,"href":"https:\/\/www.europesays.com\/fr\/wp-json\/wp\/v2\/posts\/231449\/revisions"}],"wp:featuredmedia":[{"embeddable":true,"href":"https:\/\/www.europesays.com\/fr\/wp-json\/wp\/v2\/media\/231450"}],"wp:attachment":[{"href":"https:\/\/www.europesays.com\/fr\/wp-json\/wp\/v2\/media?parent=231449"}],"wp:term":[{"taxonomy":"category","embeddable":true,"href":"https:\/\/www.europesays.com\/fr\/wp-json\/wp\/v2\/categories?post=231449"},{"taxonomy":"post_tag","embeddable":true,"href":"https:\/\/www.europesays.com\/fr\/wp-json\/wp\/v2\/tags?post=231449"}],"curies":[{"name":"wp","href":"https:\/\/api.w.org\/{rel}","templated":true}]}}