{"id":231457,"date":"2025-07-06T23:36:24","date_gmt":"2025-07-06T23:36:24","guid":{"rendered":"https:\/\/www.europesays.com\/fr\/231457\/"},"modified":"2025-07-06T23:36:24","modified_gmt":"2025-07-06T23:36:24","slug":"pourquoi-lavion-est-moins-cher-que-le-train-en-europe-et-comment-y-remedier","status":"publish","type":"post","link":"https:\/\/www.europesays.com\/fr\/231457\/","title":{"rendered":"Pourquoi l\u2019avion est moins cher que le train en Europe (et comment y rem\u00e9dier) ?"},"content":{"rendered":"<p>En 2023, en France, l\u2019a\u00e9rien repr\u00e9sentait 14\u00a0% des \u00e9missions de gaz \u00e0 effet de serre du secteur des transports, et 25\u00a0% de son empreinte carbone en int\u00e9grant les effets \u201chors CO2\u201d. Si les objectifs cibles de la Strat\u00e9gie Nationale Bas Carbone sont respect\u00e9s, ces chiffres grimperont respectivement \u00e0 20\u00a0% et 34\u00a0% en 2030  . C\u2019est d\u2019ailleurs <a href=\"https:\/\/bonpote.com\/les-francais-mis-en-danger-le-haut-conseil-pour-le-climat-alerte-sur-la-politique-du-gouvernement-macron\/\" rel=\"nofollow noopener\" target=\"_blank\">une des alertes lanc\u00e9es par le Haut Conseil pour le Climat<\/a> dans son 7e rapport annuel, publi\u00e9 hier.<\/p>\n<p>Le report modal de l\u2019avion vers le train, notamment pour les destinations europ\u00e9ennes, est un des leviers pertinents pour r\u00e9duire les \u00e9missions du secteur a\u00e9rien. <a href=\"https:\/\/bonpote.com\/visiter-leurope-a-quel-point-le-train-est-moins-polluant-que-lavion\/\" rel=\"nofollow noopener\" target=\"_blank\">Un trajet Paris-Barcelone a un impact sur le climat 55 fois sup\u00e9rieur en avion qu\u2019en TGV<\/a>. Pourtant, sur cette liaison comme sur beaucoup d\u2019autres, les billets de train sont plus chers que les billets d\u2019avion.<\/p>\n<p><img loading=\"lazy\" decoding=\"async\" width=\"851\" height=\"1024\" src=\"https:\/\/www.europesays.com\/fr\/wp-content\/uploads\/2025\/07\/Infographie-min-1-1-851x1024.png\" alt=\"\" class=\"lazyload wp-image-33476\" style=\"width:541px;height:auto\"  data-\/>Toutes nos infographies sont \u00e0 retrouver <a href=\"https:\/\/bonpote.com\/infographies\/\" rel=\"nofollow noopener\" target=\"_blank\">en grand format ici<\/a><\/p>\n<p>Le <a href=\"https:\/\/reseauactionclimat.org\/pourquoi-lavion-est-souvent-moins-cher-que-le-train-et-comment-y-remedier\/\" rel=\"nofollow noopener\" target=\"_blank\">nouveau rapport du R\u00e9seau Action Climat<\/a> cherche \u00e0 objectiver ce constat, \u00e0 en comprendre les ressorts et \u00e0 lister des recommandations pour que le prix du train soit plus comp\u00e9titif que celui de l\u2019avion.<\/p>\n<p><strong>En France, le train moins cher\u2026quand il existe une liaison directe<\/strong><\/p>\n<p><a href=\"https:\/\/www.quechoisir.org\/action-ufc-que-choisir-destinations-francaises-le-train-loin-d-etre-toujours-le-moins-cher-n168320\/\" rel=\"nofollow noopener\" target=\"_blank\">Dans un rapport sorti hier \u00e9galement<\/a>, l\u2019UFC-Que Choisir a compar\u00e9 le prix le plus bas en avion et en train sur les 48 liaisons a\u00e9riennes hexagonales ayant transport\u00e9 plus de 50\u00a0000 passagers en 2023. R\u00e9sultat\u00a0: lorsqu\u2019il existe une alternative ferroviaire directe, le prix d\u2019entr\u00e9e du train est nettement moins cher (-40\u00a0%).<\/p>\n<p>En revanche, quand une correspondance est n\u00e9cessaire, le prix des billets de train double presque (113\u20ac contre 64\u00a0\u20ac pour un train direct), et le train devient alors plus cher que l\u2019avion (+10\u00a0%).\u00a0<\/p>\n<p><img loading=\"lazy\" decoding=\"async\" width=\"1024\" height=\"330\" src=\"https:\/\/www.europesays.com\/fr\/wp-content\/uploads\/2025\/07\/Train-vs-avion-image-1--1024x330.png\" alt=\"\" class=\"lazyload wp-image-33669\"  data-\/><\/p>\n<p><strong>Ce constat d\u00e9montre que le manque de liaisons ferroviaires directes entre les r\u00e9gions fran\u00e7aises est corr\u00e9l\u00e9 \u00e0 une augmentation du prix des billets de train<\/strong>. La ligne entre Nantes et Marseille en est un bon exemple. Depuis le Covid, la SNCF a supprim\u00e9 le TGV direct sur cette liaison.<\/p>\n<p>Corr\u00e9lation \u00e9trange, le trafic a\u00e9rien a augment\u00e9 entre 2019 et 2024 sur cette m\u00eame ligne Marseille-Nantes (+11\u00a0%), \u00e0 rebours de la tendance globale sur les vols internes (-25\u00a0%). C\u2019est aujourd\u2019hui la principale liaison a\u00e9rienne transversale en France (\u00e7a n\u2019\u00e9tait que la cinqui\u00e8me en 2019), avec plus de 400\u00a0000 passagers a\u00e9riens en 2024\u00a0<\/p>\n<p><strong>Sur les liaisons europ\u00e9ennes, le train est en moyenne 2.5 fois plus cher que l\u2019avion<\/strong><\/p>\n<p>Dans un <a href=\"https:\/\/greenpeace.at\/uploads\/2025\/06\/prices-planes-vs-trains-france-june2025.pdf\" rel=\"nofollow noopener\" target=\"_blank\">rapport dont les premiers r\u00e9sultats ont \u00e9t\u00e9 publi\u00e9s hier<\/a>, Greenpeace Central and Eastern Europe a compar\u00e9 le prix d\u2019entr\u00e9e des billets d\u2019avion et de train sur 21 liaisons entre la France et l\u2019Europe. En pond\u00e9rant par le nombre de passagers a\u00e9riens, <strong>le train est en moyenne 2,5 fois plus cher que l\u2019avion<\/strong>.<\/p>\n<p>Par exemple\u00a0: sur la liaison entre Paris et Rome, qui transporte plus de 2 millions de passagers a\u00e9riens chaque ann\u00e9e, le billet d\u2019avion le plus bas se trouve autour de 70\u00a0\u20ac en moyenne, contre 210\u00a0\u20ac pour un billet de train.<\/p>\n<p><img loading=\"lazy\" decoding=\"async\" width=\"1024\" height=\"616\" src=\"https:\/\/www.europesays.com\/fr\/wp-content\/uploads\/2025\/07\/Train-vs-avion-image-2-1024x616.png\" alt=\"\" class=\"lazyload wp-image-33672\"  data-\/><\/p>\n<p>Outre la question de la connectivit\u00e9 (Paris-Rome n\u00e9cessite un changement \u00e0 Turin ou Milan) la situation s\u2019explique par le prix extr\u00eamement bas de certains billets d\u2019avion, ainsi que la raret\u00e9 des billets de train bon march\u00e9 sur les liaisons internationales. La conjugaison de ces deux facteurs peut donner des diff\u00e9rences de prix consid\u00e9rables\u00a0: il n\u2019est pas rare de trouver pour un m\u00eame jour, comme l\u2019a relev\u00e9 Greenpeace entre Marseille et Londres, un billet d\u2019avion \u00e0 15\u00a0\u20ac quand le billet de train le moins cher co\u00fbtait 188\u00a0\u20ac.<\/p>\n<p>Cet \u00e9cart de prix sur les liaisons europ\u00e9ennes est d\u2019autant plus pr\u00e9judiciable que les vols europ\u00e9ens sont plus \u00e9metteurs que les vols internes.\u00a0<\/p>\n<p><strong>La comp\u00e9titivit\u00e9 du train brid\u00e9e par les niches fiscales a\u00e9riennes et les p\u00e9ages ferroviaires\u00a0<\/strong><\/p>\n<p>Le prix des billets pay\u00e9 par les voyageurs est \u00e0 diff\u00e9rencier du co\u00fbt pour les compagnies (a\u00e9riennes ou ferroviaires). Le prix d\u2019un billet peut ainsi \u00eatre inf\u00e9rieur ou sup\u00e9rieur au co\u00fbt pour transporter un passager, selon la strat\u00e9gie tarifaire de l\u2019entreprise. Le cabinet d\u2019\u00e9tude Carbone 4 s\u2019est justement int\u00e9ress\u00e9 \u00e0 ce qu\u2019une compagnie doit d\u00e9penser pour transporter un passager entre Paris et Barcelone, pour mieux comprendre ces \u00e9carts de prix de vente des billets.\u00a0<\/p>\n<p>L\u2019analyse de co\u00fbts a permis de d\u00e9gager deux facteurs explicatifs\u00a0:\u00a0<\/p>\n<ul class=\"wp-block-list\">\n<li><strong>Les exon\u00e9rations fiscales a\u00e9riennes<\/strong> (aucune taxe sur le k\u00e9ros\u00e8ne, et TVA \u00e0 0\u00a0% sur les vols internationaux et 10% sur les vols internes hors correspondance). Sur un vol entre Paris et Barcelone, ces exon\u00e9rations repr\u00e9sentent entre 30 et 40\u00a0\u20ac par passager selon les compagnies, selon les estimations de Carbone 4. Cette situation est d\u2019autant plus incompr\u00e9hensible que le transport automobile est lui bien soumis \u00e0 une taxe sur le carburant, et que le transport ferroviaire paye une TVA sur certains trajets internationaux (ex\u00a0: pr\u00e8s de 10\u00a0% sur un Perpignan-Madrid).<\/li>\n<\/ul>\n<ul class=\"wp-block-list\">\n<li><strong>Le poids des p\u00e9ages ferroviaires<\/strong> (ou redevances), qui repr\u00e9sentent plus de la moiti\u00e9 des co\u00fbts pour la SNCF sur un trajet Paris-Barcelone selon Carbone 4. A noter que pour les autres liaisons ce chiffre se situe plut\u00f4t entre 30 et 40\u00a0%. Ce surco\u00fbt s\u2019explique par la pr\u00e9sence du tunnel du Perthus sous les Pyr\u00e9n\u00e9es qui non seulement est payant \u00e0 l\u2019usage (6\u00a0\u20ac par passager environ), et surtout ne permet pas le passage de TGV \u00e0 double rame, dont les p\u00e9ages par passager sont moins \u00e9lev\u00e9s sur le r\u00e9seau ferr\u00e9 fran\u00e7ais.<\/li>\n<\/ul>\n<p><img loading=\"lazy\" decoding=\"async\" width=\"1024\" height=\"617\" src=\"https:\/\/www.europesays.com\/fr\/wp-content\/uploads\/2025\/07\/Train-vs-avion-image-3-1024x617.png\" alt=\"\" class=\"lazyload wp-image-33674\"  data-\/>Source\u00a0: <a href=\"https:\/\/reseauactionclimat.org\/pourquoi-lavion-est-souvent-moins-cher-que-le-train-et-comment-y-remedier\/\" rel=\"nofollow noopener\" target=\"_blank\">R\u00e9seau Action Climat<\/a>, Carbone 4, 2025.<\/p>\n<p>Il est int\u00e9ressant de noter \u00e9galement sur ce graphique la capacit\u00e9 des compagnies a\u00e9riennes low cost \u00e0 r\u00e9duire leurs \u201cautres co\u00fbts\u201d (amortissement de l\u2019appareil et personnel de bord, principalement). Cela passe notamment par une rotation intensive des a\u00e9ronefs, et des conditions de travail moins-disantes par rapport aux compagnies traditionnelles comme Air France (heures de vol plus importantes, moins de formations internes, etc.).<\/p>\n<p>Enfin notons que la SNCF n\u2019offre aujourd\u2019hui que 1\u00a0000 si\u00e8ges \u00e0 la vente sur la liaison Paris-Barcelone (2 rames simples par jour), contre pr\u00e8s de 8\u00a0000 pour les compagnies a\u00e9riennes. Associ\u00e9 \u00e0 la tarification dynamique, ce manque d\u2019offre conduit \u00e0 faire grimper le prix des billets de train entre Paris et Barcelone.<\/p>\n<p><strong>Comment inverser la situation et encourager financi\u00e8rement les Fran\u00e7ais \u00e0 prendre le train\u00a0?<\/strong><\/p>\n<p>Fort de cette analyse, <strong>le R\u00e9seau Action Climat recommande la fin des niches fiscales a\u00e9riennes<\/strong> (hors Outre-mer). Sur les lignes int\u00e9rieures (hors Outre-mer), cela passe par l\u2019instauration d\u2019une TICPE sur le k\u00e9ros\u00e8ne (au m\u00eame niveau que le diesel, soit environ 0,6\u00a0\u20ac \/ litre) et d\u2019une TVA \u00e0 20\u00a0% (contre 10\u00a0% aujourd\u2019hui)<\/p>\n<p>Sur les liaisons europ\u00e9ennes, r\u00e9gies par diff\u00e9rents trait\u00e9s internationaux, la fin de ces exon\u00e9rations passerait par l\u2019augmentation de la taxe sur les billets d\u2019avion \u00e0 un niveau qui permette de compenser les exon\u00e9rations fiscales a\u00e9riennes (soit environ 30\u00a0\u20ac par passager sur un vol europ\u00e9en en classe \u00e9co). Le bar\u00e8me suivant, largement inspir\u00e9 de la proposition de la Convention citoyenne pour le climat, permettrait de se rapprocher de cet objectif:<\/p>\n<p><img loading=\"lazy\" decoding=\"async\" width=\"1024\" height=\"338\" src=\"https:\/\/www.europesays.com\/fr\/wp-content\/uploads\/2025\/07\/Train-vs-avion-image-4-1024x338.png\" alt=\"\" class=\"lazyload wp-image-33676\"  data-\/><\/p>\n<p>Cette proposition permettrait de financer 3 mesures en faveur du ferroviaire\u00a0:<\/p>\n<ul class=\"wp-block-list\">\n<li><a href=\"https:\/\/reseauactionclimat.org\/train-de-nuit-frequentation-record-bridee\/\" rel=\"nofollow noopener\" target=\"_blank\">Relancer (vraiment) le train de nuit,<\/a> en priorit\u00e9 les lignes entre les r\u00e9gions (ex\u00a0: Marseille-Nantes, Lyon-Bordeaux) et vers l\u2019international (ex\u00a0: Paris-Barcelone). Cette mesure a un co\u00fbt tr\u00e8s modeste (de l\u2019ordre de 60 millions d\u2019euros par an \u00e0 partir de 2030).<\/li>\n<li>Offrir un billet de train \u00e0 tarif r\u00e9duit \u00e0 tous les Fran\u00e7ais. Il s\u2019agit de revaloriser le \u201cbillet de cong\u00e9s annuel\u201d cr\u00e9\u00e9 par le Front Populaire en 1936, en proposant une fois par an un aller-retour en train \u00e0 29\u00a0\u20ac. Avec les hypoth\u00e8ses retenues, cela co\u00fbterait 1,6 milliard d\u2019euros par an \u00e0 l\u2019Etat\u00a0<\/li>\n<li>Financer la r\u00e9novation d\u2019un r\u00e9seau ferr\u00e9 vieillissant, puis baisser les p\u00e9ages ferroviaires du TGV, \u00e0 commencer par les liaisons internationales et transversales (r\u00e9gion-r\u00e9gion).\u00a0<\/li>\n<\/ul>\n<p>Autrement dit, l\u2019\u00e9cart de prix entre les billets d\u2019avion et de train n\u2019est pas une fatalit\u00e9 qui viendrait de trait\u00e9s internationaux ou d\u2019une diff\u00e9rence structurelle de co\u00fbt entre les modes de transports. Il s\u2019agit d\u2019abord de r\u00e9sultats de d\u00e9cisions politiques (le maintien des niches fiscales en faveur de l\u2019a\u00e9rien, l\u2019absence de subvention pour le TGV en France) qui peuvent \u00eatre modifi\u00e9es par\u2026 d\u2019autres d\u00e9cisions politiques plus favorables au climat.<\/p>\n<p><strong>Article d\u2019Alexis Chailloux, responsable Transports au R\u00e9seau Action Climat <\/strong><\/p>\n","protected":false},"excerpt":{"rendered":"En 2023, en France, l\u2019a\u00e9rien repr\u00e9sentait 14\u00a0% des \u00e9missions de gaz \u00e0 effet de serre du secteur des&hellip;\n","protected":false},"author":2,"featured_media":231458,"comment_status":"","ping_status":"","sticky":false,"template":"","format":"standard","meta":{"footnotes":""},"categories":[1586],"tags":[11,1777,674,1011,27,1137,12,25,15097],"class_list":{"0":"post-231457","1":"post","2":"type-post","3":"status-publish","4":"format-standard","5":"has-post-thumbnail","7":"category-europe","8":"tag-actualites","9":"tag-eu","10":"tag-europe","11":"tag-fr","12":"tag-france","13":"tag-mobilite","14":"tag-news","15":"tag-republique-francaise","16":"tag-solutions"},"share_on_mastodon":{"url":"https:\/\/pubeurope.com\/@fr\/114808919786118437","error":""},"_links":{"self":[{"href":"https:\/\/www.europesays.com\/fr\/wp-json\/wp\/v2\/posts\/231457","targetHints":{"allow":["GET"]}}],"collection":[{"href":"https:\/\/www.europesays.com\/fr\/wp-json\/wp\/v2\/posts"}],"about":[{"href":"https:\/\/www.europesays.com\/fr\/wp-json\/wp\/v2\/types\/post"}],"author":[{"embeddable":true,"href":"https:\/\/www.europesays.com\/fr\/wp-json\/wp\/v2\/users\/2"}],"replies":[{"embeddable":true,"href":"https:\/\/www.europesays.com\/fr\/wp-json\/wp\/v2\/comments?post=231457"}],"version-history":[{"count":0,"href":"https:\/\/www.europesays.com\/fr\/wp-json\/wp\/v2\/posts\/231457\/revisions"}],"wp:featuredmedia":[{"embeddable":true,"href":"https:\/\/www.europesays.com\/fr\/wp-json\/wp\/v2\/media\/231458"}],"wp:attachment":[{"href":"https:\/\/www.europesays.com\/fr\/wp-json\/wp\/v2\/media?parent=231457"}],"wp:term":[{"taxonomy":"category","embeddable":true,"href":"https:\/\/www.europesays.com\/fr\/wp-json\/wp\/v2\/categories?post=231457"},{"taxonomy":"post_tag","embeddable":true,"href":"https:\/\/www.europesays.com\/fr\/wp-json\/wp\/v2\/tags?post=231457"}],"curies":[{"name":"wp","href":"https:\/\/api.w.org\/{rel}","templated":true}]}}