{"id":231459,"date":"2025-07-06T23:37:11","date_gmt":"2025-07-06T23:37:11","guid":{"rendered":"https:\/\/www.europesays.com\/fr\/231459\/"},"modified":"2025-07-06T23:37:11","modified_gmt":"2025-07-06T23:37:11","slug":"la-chine-impose-a-son-tour-des-restrictions-a-lue-sur-les-commandes-de-materiel-medical","status":"publish","type":"post","link":"https:\/\/www.europesays.com\/fr\/231459\/","title":{"rendered":"La Chine impose \u00e0 son tour des restrictions \u00e0 l&rsquo;UE sur les commandes de mat\u00e9riel m\u00e9dical"},"content":{"rendered":"<p>Le minist\u00e8re chinois des Finances a annonc\u00e9 dimanche 6 juillet des restrictions aux commandes publiques de mat\u00e9riels m\u00e9dicaux en provenance de l&rsquo;Union europ\u00e9enne (UE) dont la valeur d\u00e9passe 45 millions de yuans (5,35 millions d&rsquo;euros), en repr\u00e9sailles aux mesures similaires impos\u00e9es par Bruxelles le mois dernier.<\/p>\n<p>Masques, pansements, machines ou encore robot&#8230; Fin juin, Bruxelles d\u00e9cidait d&rsquo;exclure les entreprises chinoises des commandes publiques de mat\u00e9riels m\u00e9dicaux d\u00e9passant 5 millions d&rsquo;euros. Une commission d&rsquo;enqu\u00eate l&rsquo;ann\u00e9e derni\u00e8re pointait les pratiques discriminatoires de la Chine.<\/p>\n<p>Ce dimanche, P\u00e9kin d\u00e9nonce de \u00ab nouvelles barri\u00e8res protectionnistes \u00bb. \u00ab La Chine n&rsquo;a donc pas d&rsquo;autre choix que d&rsquo;adopter des mesures restrictives r\u00e9ciproques \u00bb, \u00e9crit le minist\u00e8re chinois des Finances.<\/p>\n<p>Cette d\u00e9claration, avec effet imm\u00e9diat, est une nouvelle \u00e9tape du bras de fer qui oppose l&rsquo;Union europ\u00e9enne et la Chine. Des conflits qui se sont multipli\u00e9s depuis trois ans dans de multiples domaines : automobiles \u00e9lectriques, industrie ferroviaire, panneaux solaires ou encore \u00e9oliennes.<\/p>\n<p>Vendredi, la Chine d\u00e9clarait de son c\u00f4t\u00e9 une <a href=\"https:\/\/www.rfi.fr\/fr\/\u00e9conomie\/20250704-commerce-la-chine-annonce-une-surtaxe-sur-des-eaux-de-vie-europ\u00e9ennes-dont-certains-cognacs-fran\u00e7ais\" rel=\"nofollow noopener\" target=\"_blank\" data-ylk=\"slk:nouvelle imposition sur les eaux-de-vie et cognacs fran\u00e7ais;elm:context_link;itc:0;sec:content-canvas\" class=\"link \"><strong>nouvelle imposition sur les eaux-de-vie et cognacs fran\u00e7ais<\/strong><\/a>&#8230; L\u00e0 encore, une r\u00e9ponse aux restrictions impos\u00e9es par l&rsquo;Union europ\u00e9enne sur les <a href=\"https:\/\/www.rfi.fr\/fr\/europe\/20241029-union-europ\u00e9enne-jusqu-\u00e0-35-de-taxes-sur-les-voitures-\u00e9lectriques-import\u00e9es-chinoises\" rel=\"nofollow noopener\" target=\"_blank\" data-ylk=\"slk:v\u00e9hicules \u00e9lectriques fabriqu\u00e9s en Chine;elm:context_link;itc:0;sec:content-canvas\" class=\"link \"><strong>v\u00e9hicules \u00e9lectriques fabriqu\u00e9s en Chine<\/strong><\/a>.<\/p>\n<p><a href=\"https:\/\/www.rfi.fr\/fr\/%C3%A9conomie\/20250706-la-chine-impose-%C3%A0-son-tour-des-restrictions-%C3%A0-l-ue-sur-les-commandes-de-mat%C3%A9riel-m%C3%A9dical\" rel=\"nofollow noopener\" target=\"_blank\" data-ylk=\"slk:Lire la suite sur RFI;elm:context_link;itc:0;sec:content-canvas\" class=\"link \">Lire la suite sur RFI<\/a><\/p>\n","protected":false},"excerpt":{"rendered":"Le minist\u00e8re chinois des Finances a annonc\u00e9 dimanche 6 juillet des restrictions aux commandes publiques de mat\u00e9riels m\u00e9dicaux&hellip;\n","protected":false},"author":2,"featured_media":231460,"comment_status":"","ping_status":"","sticky":false,"template":"","format":"standard","meta":{"footnotes":""},"categories":[1586],"tags":[11,37044,1777,674,1779,1011,27,7738,12,25,16524,1778,364],"class_list":{"0":"post-231459","1":"post","2":"type-post","3":"status-publish","4":"format-standard","5":"has-post-thumbnail","7":"category-europe","8":"tag-actualites","9":"tag-commandes-publiques","10":"tag-eu","11":"tag-europe","12":"tag-european-union","13":"tag-fr","14":"tag-france","15":"tag-lunion-europeenne","16":"tag-news","17":"tag-republique-francaise","18":"tag-restrictions","19":"tag-ue","20":"tag-union-europeenne"},"share_on_mastodon":{"url":"https:\/\/pubeurope.com\/@fr\/114808923324102741","error":""},"_links":{"self":[{"href":"https:\/\/www.europesays.com\/fr\/wp-json\/wp\/v2\/posts\/231459","targetHints":{"allow":["GET"]}}],"collection":[{"href":"https:\/\/www.europesays.com\/fr\/wp-json\/wp\/v2\/posts"}],"about":[{"href":"https:\/\/www.europesays.com\/fr\/wp-json\/wp\/v2\/types\/post"}],"author":[{"embeddable":true,"href":"https:\/\/www.europesays.com\/fr\/wp-json\/wp\/v2\/users\/2"}],"replies":[{"embeddable":true,"href":"https:\/\/www.europesays.com\/fr\/wp-json\/wp\/v2\/comments?post=231459"}],"version-history":[{"count":0,"href":"https:\/\/www.europesays.com\/fr\/wp-json\/wp\/v2\/posts\/231459\/revisions"}],"wp:featuredmedia":[{"embeddable":true,"href":"https:\/\/www.europesays.com\/fr\/wp-json\/wp\/v2\/media\/231460"}],"wp:attachment":[{"href":"https:\/\/www.europesays.com\/fr\/wp-json\/wp\/v2\/media?parent=231459"}],"wp:term":[{"taxonomy":"category","embeddable":true,"href":"https:\/\/www.europesays.com\/fr\/wp-json\/wp\/v2\/categories?post=231459"},{"taxonomy":"post_tag","embeddable":true,"href":"https:\/\/www.europesays.com\/fr\/wp-json\/wp\/v2\/tags?post=231459"}],"curies":[{"name":"wp","href":"https:\/\/api.w.org\/{rel}","templated":true}]}}