{"id":231461,"date":"2025-07-06T23:38:12","date_gmt":"2025-07-06T23:38:12","guid":{"rendered":"https:\/\/www.europesays.com\/fr\/231461\/"},"modified":"2025-07-06T23:38:12","modified_gmt":"2025-07-06T23:38:12","slug":"ouvert-gentil-et-sans-prejuges-qui-est-lennart-monterlos-le-francais-de-18-ans-porte-disparu-en-iran","status":"publish","type":"post","link":"https:\/\/www.europesays.com\/fr\/231461\/","title":{"rendered":"\u00ab\u00a0Ouvert, gentil et sans pr\u00e9jug\u00e9s\u00a0\u00bb\u00a0: qui est Lennart Monterlos, le Fran\u00e7ais de 18\u00a0ans port\u00e9 disparu en Iran\u00a0?"},"content":{"rendered":"<p class=\"paragraph text_align_left lp-f-body-02\">L\u2019incertitude sur son sort crispe ses proches. Lennart Monterlos, jeune Franco-Allemand de 18 ans originaire de Besan\u00e7on (<a href=\"https:\/\/www.leparisien.fr\/doubs-25\/\" target=\"_self\" rel=\"noopener\">Doubs<\/a>), qui faisait une randonn\u00e9e \u00e0 v\u00e9lo en Iran, n\u2019a plus donn\u00e9 de nouvelles \u00e0 ses proches depuis le 16 juin. <a href=\"https:\/\/www.leparisien.fr\/international\/iran\/disparition-inquietante-dun-jeune-touriste-francais-en-iran-indique-la-diplomatie-francaise-06-07-2025-4EOTDZUEQFAQHP432FHXWPX4SE.php\" target=\"_self\" rel=\"noopener\">Une disparition jug\u00e9e \u00ab inqui\u00e9tante \u00bb<\/a>, a d\u00e9clar\u00e9 dimanche une source diplomatique fran\u00e7aise interrog\u00e9e sur un avis de recherche post\u00e9 sur les r\u00e9seaux sociaux.<\/p>\n<p><img decoding=\"async\" class=\"image \" loading=\"lazy\" src=\"https:\/\/www.europesays.com\/fr\/wp-content\/uploads\/2025\/07\/PKFZGZ6VJBD25H7NYQ2UBL7OPA.jpg\" alt=\"Lennart Monterlos, 18 ans, port\u00e9 disparu en Iran\" align=\"\" data-rubrique-principale=\"\" data-article-type=\"\" fetchpriority=\"auto\"\/>Lennart Monterlos, 18 ans, port\u00e9 disparu en Iran<\/p>\n<p class=\"paragraph text_align_left lp-f-body-02\">\u00c0 l\u2019\u00e9t\u00e9 2024, tout juste dipl\u00f4m\u00e9 de son <a href=\"https:\/\/www.leparisien.fr\/etudiant\/lycee\/bac\/resultats-du-bac-avec-des-taux-de-reussite-a-plus-de-97-certaines-academies-frolent-le-sans-faute-WOO5KRCFWNGIRPCYQI6GSPB73Q.php\" target=\"_self\" rel=\"noopener\">baccalaur\u00e9at<\/a> Abibac (parcours binational franco-allemand) au lyc\u00e9e Ledoux, ce passionn\u00e9 de sport et d\u2019escalade s\u2019est lanc\u00e9 dans un projet fou : une escapade \u00e0 v\u00e9lo de 400 jours \u00e0 travers l\u2019Eurasie et 35 pays. Une c\u00e9sure avant de commencer ses \u00e9tudes sup\u00e9rieures.<\/p>\n<p class=\"paragraph text_align_left lp-f-body-02\">\u00ab J\u2019aime beaucoup lire et voyager \u00e0 travers les livres, et maintenant je souhaite voyager \u00e0 travers le monde \u00e0 v\u00e9lo. Depuis le plus jeune \u00e2ge je suis parti \u00e0 v\u00e9lo, en bivouac de plusieurs jours et parfois semaines \u00bb, explique-t-il sur une plateforme de financement participatif.<\/p>\n<p>\u00ab Il est plein de joie de vivre \u00bb<\/p>\n<p class=\"paragraph text_align_left lp-f-body-02\">Contact\u00e9 par Le Parisien, Nathan, l\u2019un de ses amis, nous explique que ce projet concordait totalement avec les valeurs du jeune homme. \u00ab C\u2019est quelqu\u2019un d\u2019extr\u00eamement ouvert, de fondamentalement gentil et sans pr\u00e9jug\u00e9s. Il est plein de joie de vivre, toujours pr\u00eat \u00e0 faire rire les gens \u00bb, d\u00e9crit celui qui partageait notamment avec lui de nombreuses sorties escalades.<\/p>\n<p class=\"paragraph text_align_left lp-f-body-02\">\u00ab Ce projet n\u2019est pas seulement une qu\u00eate personnelle, mais aussi une initiative humaine et solidaire. En traversant diff\u00e9rents pays et cultures, je souhaite cr\u00e9er des liens authentiques avec les habitants, partager leurs histoires et promouvoir un mode de vie plus durable \u00bb, explique Lennart sur son blog.<\/p>\n<p class=\"paragraph text_align_left lp-f-body-02\">Un engagement assum\u00e9 qui n\u2019a pas emp\u00each\u00e9 une certaine \u00ab appr\u00e9hension \u00bb au moment du d\u00e9part. \u00ab Je ne sais pas dans quoi je m\u2019engage \u00bb, confie-t-il. Parti de Besan\u00e7on en ao\u00fbt 2024, Lennart a depuis successivement travers\u00e9 la Suisse, l\u2019Allemagne, l\u2019Autriche, la Slovaquie, la Hongrie, la Serbie, la Roumanie, la Bulgarie et la Turquie.<\/p>\n<p class=\"paragraph text_align_left lp-f-body-02\">Le 24 novembre dernier, il arrive \u00e0 Salmas en Iran. En d\u00e9cembre, il d\u00e9couvre \u00ab \u00e9merveill\u00e9 \u00bb T\u00e9h\u00e9ran, \u00ab capitale Iranienne aux rues agit\u00e9es \u00bb, comme il le relate sur son blog de voyage. C\u2019est \u00e0 ce moment que Lennart \u00e9voque son mal du pays et son d\u00e9sir de rentrer en France pour les f\u00eates de No\u00ebl, notamment pour revoir sa famille, ses amis et sa petite amie.<\/p>\n<p class=\"paragraph text_align_left lp-f-body-02\">\u00ab Mon c\u0153ur s\u2019emballe, l\u2019impatience se fait sentir et je m\u2019imagine d\u00e9j\u00e0 les retrouvailles \u00e9mouvantes \u00bb, explique-t-il. Apr\u00e8s une pause de plusieurs mois en France, il reprend son voyage le 24 mai dernier \u00e0 Varzaneh, au centre de l\u2019Iran. Il visite ensuite Yazd, Abarkuh puis Shiraz, le 3 juin dernier. C\u2019est \u00e0 partir de cette date que le jeune homme cesse de documenter son trajet sur le site permettant de suivre son parcours.<\/p>\n<p>\u00ab On me disait que le risque \u00e9tait trop grand \u00bb<\/p>\n<p class=\"paragraph text_align_left lp-f-body-02\">Le 12 juin, soit quatre jours avant sa disparition, le passionn\u00e9 de voyage expliquait sur <a href=\"https:\/\/www.instagram.com\/lennart_mtrl\/\" target=\"_self\" rel=\"noopener\">son compte Instagram<\/a> que son passage par l\u2019Iran avait \u00ab fait l\u2019objet de vifs d\u00e9bats \u00bb avec son entourage, qui l\u2019avait mis en garde au moment de se rendre dans ce \u00ab pays dangereux \u00bb.<\/p>\n<p class=\"paragraph text_align_left lp-f-body-02\">\u00ab On me disait que le risque \u00e9tait trop grand \u00bb, poursuit le jeune bachelier, s\u2019adressant aux quelque 800 followers qui suivent ses aventures. Reconnaissant que cette destination n\u00e9cessitait \u00ab certaines pr\u00e9cautions \u00bb, il assure que \u00ab cela a \u00e9t\u00e9 une tr\u00e8s belle exp\u00e9rience jusque-l\u00e0 \u00bb. Sa vid\u00e9o met en valeur la m\u00e9t\u00e9o ensoleill\u00e9e, la culture, l\u2019architecture et la nature du pays.<\/p>\n<p class=\"paragraph text_align_left lp-f-body-02\">\u00ab Cette disparition est inqui\u00e9tante. Nous sommes en lien avec la famille \u00e0 ce sujet \u00bb, a indiqu\u00e9 dimanche une source diplomatique fran\u00e7aise, en rappelant qu\u2019il est recommand\u00e9 aux ressortissants fran\u00e7ais de ne pas se rendre en Iran, T\u00e9h\u00e9ran mettant en \u0153uvre \u00ab une politique d\u00e9lib\u00e9r\u00e9e de prise d\u2019otages occidentaux \u00bb.<\/p>\n<p class=\"paragraph text_align_left lp-f-body-02\">Cette source n\u2019\u00e9tait pas en mesure de dire si ce jeune Fran\u00e7ais fait partie des <a href=\"https:\/\/www.leparisien.fr\/international\/iran\/guerre-israel-iran-un-nouvel-europeen-arrete-suspecte-detre-un-espion-pour-le-compte-de-letat-hebreu-23-06-2025-JO5D7P4MQJEJFJFMP2VIZXWM2Y.php\" target=\"_self\" rel=\"noopener\">Europ\u00e9ens r\u00e9cemment arr\u00eat\u00e9s en Iran<\/a>, accus\u00e9s d\u2019espionnage pour Isra\u00ebl.<\/p>\n<p><script async src=\"\/\/www.instagram.com\/embed.js\"><\/script><\/p>\n","protected":false},"excerpt":{"rendered":"L\u2019incertitude sur son sort crispe ses proches. Lennart Monterlos, jeune Franco-Allemand de 18 ans originaire de Besan\u00e7on (Doubs),&hellip;\n","protected":false},"author":2,"featured_media":231462,"comment_status":"","ping_status":"","sticky":false,"template":"","format":"standard","meta":{"footnotes":""},"categories":[2],"tags":[11,1011,27,14,3019,12,25],"class_list":{"0":"post-231461","1":"post","2":"type-post","3":"status-publish","4":"format-standard","5":"has-post-thumbnail","7":"category-actualites","8":"tag-actualites","9":"tag-fr","10":"tag-france","11":"tag-international","12":"tag-iran","13":"tag-news","14":"tag-republique-francaise"},"share_on_mastodon":{"url":"https:\/\/pubeurope.com\/@fr\/114808927477578785","error":""},"_links":{"self":[{"href":"https:\/\/www.europesays.com\/fr\/wp-json\/wp\/v2\/posts\/231461","targetHints":{"allow":["GET"]}}],"collection":[{"href":"https:\/\/www.europesays.com\/fr\/wp-json\/wp\/v2\/posts"}],"about":[{"href":"https:\/\/www.europesays.com\/fr\/wp-json\/wp\/v2\/types\/post"}],"author":[{"embeddable":true,"href":"https:\/\/www.europesays.com\/fr\/wp-json\/wp\/v2\/users\/2"}],"replies":[{"embeddable":true,"href":"https:\/\/www.europesays.com\/fr\/wp-json\/wp\/v2\/comments?post=231461"}],"version-history":[{"count":0,"href":"https:\/\/www.europesays.com\/fr\/wp-json\/wp\/v2\/posts\/231461\/revisions"}],"wp:featuredmedia":[{"embeddable":true,"href":"https:\/\/www.europesays.com\/fr\/wp-json\/wp\/v2\/media\/231462"}],"wp:attachment":[{"href":"https:\/\/www.europesays.com\/fr\/wp-json\/wp\/v2\/media?parent=231461"}],"wp:term":[{"taxonomy":"category","embeddable":true,"href":"https:\/\/www.europesays.com\/fr\/wp-json\/wp\/v2\/categories?post=231461"},{"taxonomy":"post_tag","embeddable":true,"href":"https:\/\/www.europesays.com\/fr\/wp-json\/wp\/v2\/tags?post=231461"}],"curies":[{"name":"wp","href":"https:\/\/api.w.org\/{rel}","templated":true}]}}