{"id":231467,"date":"2025-07-06T23:41:10","date_gmt":"2025-07-06T23:41:10","guid":{"rendered":"https:\/\/www.europesays.com\/fr\/231467\/"},"modified":"2025-07-06T23:41:10","modified_gmt":"2025-07-06T23:41:10","slug":"lottie-woad-remporte-son-premier-titre-celine-herbin-et-anne-charlotte-mora-9es-lequipe","status":"publish","type":"post","link":"https:\/\/www.europesays.com\/fr\/231467\/","title":{"rendered":"Lottie Woad remporte son premier titre, C\u00e9line Herbin et Anne-Charlotte Mora 9es &#8211; L&#039;\u00c9quipe"},"content":{"rendered":"<ol>\n<li><a href=\"https:\/\/news.google.com\/rss\/articles\/CBMixAFBVV95cUxPTkJ1aXhLUGlmMVcwTV9sVGtlaUV4TXNlMXIwdWRtRFpjd0ppamllS2g1ZUNybFdRODN3N1F0UzVFMTFKYTNJYVJ1TVpRTnB2aVppVTl1SXA3MV8waDE0QWdmcHlRTnl2am1ncnN2Y2QyaUYwcG5HZGRFZHZ3Z0xnRGw0aWwzMW91UjZMaFgwTHYxTDI2VEdrcTNzWXBxQVFWUm55eG1PLXNBNkRRQ0pUZFVUbnllRXdKMm1aY1ZySmVqT2RK?oc=5\" target=\"_blank\" rel=\"nofollow noopener\">Lottie Woad remporte son premier titre, C\u00e9line Herbin et Anne-Charlotte Mora 9es<\/a>&nbsp;&nbsp;L&rsquo;\u00c9quipe<\/li>\n<li><a href=\"https:\/\/news.google.com\/rss\/articles\/CBMiuAFBVV95cUxNWVJRa1Exc2hiVlkyUTU1OGV1WERuUU9laV9aaTItR1dpQjVaM2lCQXBJLWtwQmZISDVFTVFrQTFUS2QxOFprZ2xycW5ZOE9udWIwN28xdmVCOVJXQ2kxMF82UkZxWHR6eF9YUElKc3Rma0xYSTJoUk1vblJZMEZsUU5mUkJ5Z3NCSUdoNVJSbG1iR0JMSFpEVHhxRWNIUk1tUEpVenI4ZklQYlNYX0phVF9FOXhvZHhW?oc=5\" target=\"_blank\" rel=\"nofollow noopener\">KPMG Women&rsquo;s Irish Open : Herbin et Mora dans le top 10<\/a>&nbsp;&nbsp;F\u00e9d\u00e9ration Fran\u00e7aise de Golf<\/li>\n<li><a href=\"https:\/\/news.google.com\/rss\/articles\/CBMilAJBVV95cUxPcUY5NWJHaUdDelZnZzZOdmdtSk9NNFZuR3pudmpaSmVQYUpsOUpScnE4Zkh5VVVhRC11cnNpd3RNbWlhMHVVaXg3dGhMWnhPSExRdmpwS1lVQWEwVFg2dFlzbmNkNmZFM0NhYmFTeFBKOXREUWNfZ1E3dlFqU3NxVnJWYlVjdHBIN185S1V6TWJQRVJXQkZGaFBsNTFmSXpuNXFpTnJTZVRXeGxWczVaa0hMME50TF9xQWFUdnZKTWJXQnM1cklnUnhXaUZxR2otcTY2TG41R1U5b0FNemdqV3BUbmVBWm5RV1gtM09OY1FDbXlNRUs1UHFKOG1nSGVXSnVRUlV0OUJmUlQ0aHhMTmNjUUk?oc=5\" target=\"_blank\" rel=\"nofollow noopener\">Golf. LET &#8211; Irish Open: Victoire de Lottie Woad (a). C\u00e9line Herbin et Anne Charlotte Mora top 10<\/a>&nbsp;&nbsp;Ouest-France<\/li>\n<li><a href=\"https:\/\/news.google.com\/rss\/articles\/CBMizwFBVV95cUxQM2FEZXdBa2hYbXh2ejc3RTNCTlpqWnpjT1VoX3MtRk9SRHkxRmREZjJuWW9jbjF2QmtsdmZmS3BnM3FHX2J4Y3NnTXZqTGxkQXF6NmZjNTBkbm1qaFpwSkViQ1N2V2ZmcDVqX2ltU3dYNTBKRnlPTWMxQ0x3LU52YXhyM3pTVlI2Rkh6SzNUQ1p5V3VWaks4clBRal9oclhhVk1PRzVSU2dVd3hNNDlJQ0h2UEk5M0FQTFVyN2lkaTVuUE51UGhSMGRBTEczZVk?oc=5\" target=\"_blank\" rel=\"nofollow noopener\">Lottie Load dame le pion aux proettes, Mora et Herbin dans le top 10<\/a>&nbsp;&nbsp;Golf Plan\u00e8te<\/li>\n<li><a href=\"https:\/\/news.google.com\/rss\/articles\/CBMikAFBVV95cUxNTlV5SjE4N2tXYlRwTzY2b25NdDNoUXZ4aldkZExyaDdITlY0bllQUmVkVUd0RmdaWTRueGp6WkFPNzVzVkhLdFNKR2xJempaVGM2aDRrRkxrTFNjd0lhbDF2dlYwY2tnRzgycWZBUkFjdUhwNlJ1VVFSQ2Fya0Zfd3RhVFlER2lmTE5KX25DTGw?oc=5\" target=\"_blank\" rel=\"nofollow noopener\">Lottie Woad en t\u00eate en Irlande, Mora et Herbin dans le top 10<\/a>&nbsp;&nbsp;Swing F\u00e9minin<\/li>\n<\/ol>\n","protected":false},"excerpt":{"rendered":"Lottie Woad remporte son premier titre, C\u00e9line Herbin et Anne-Charlotte Mora 9es&nbsp;&nbsp;L&rsquo;\u00c9quipe KPMG Women&rsquo;s Irish Open : Herbin&hellip;\n","protected":false},"author":2,"featured_media":231468,"comment_status":"","ping_status":"","sticky":false,"template":"","format":"standard","meta":{"footnotes":""},"categories":[1418],"tags":[1011,27,1472,60],"class_list":{"0":"post-231467","1":"post","2":"type-post","3":"status-publish","4":"format-standard","5":"has-post-thumbnail","7":"category-golf","8":"tag-fr","9":"tag-france","10":"tag-golf","11":"tag-sports"},"share_on_mastodon":{"url":"https:\/\/pubeurope.com\/@fr\/114808938987511272","error":""},"_links":{"self":[{"href":"https:\/\/www.europesays.com\/fr\/wp-json\/wp\/v2\/posts\/231467","targetHints":{"allow":["GET"]}}],"collection":[{"href":"https:\/\/www.europesays.com\/fr\/wp-json\/wp\/v2\/posts"}],"about":[{"href":"https:\/\/www.europesays.com\/fr\/wp-json\/wp\/v2\/types\/post"}],"author":[{"embeddable":true,"href":"https:\/\/www.europesays.com\/fr\/wp-json\/wp\/v2\/users\/2"}],"replies":[{"embeddable":true,"href":"https:\/\/www.europesays.com\/fr\/wp-json\/wp\/v2\/comments?post=231467"}],"version-history":[{"count":0,"href":"https:\/\/www.europesays.com\/fr\/wp-json\/wp\/v2\/posts\/231467\/revisions"}],"wp:featuredmedia":[{"embeddable":true,"href":"https:\/\/www.europesays.com\/fr\/wp-json\/wp\/v2\/media\/231468"}],"wp:attachment":[{"href":"https:\/\/www.europesays.com\/fr\/wp-json\/wp\/v2\/media?parent=231467"}],"wp:term":[{"taxonomy":"category","embeddable":true,"href":"https:\/\/www.europesays.com\/fr\/wp-json\/wp\/v2\/categories?post=231467"},{"taxonomy":"post_tag","embeddable":true,"href":"https:\/\/www.europesays.com\/fr\/wp-json\/wp\/v2\/tags?post=231467"}],"curies":[{"name":"wp","href":"https:\/\/api.w.org\/{rel}","templated":true}]}}