{"id":231475,"date":"2025-07-06T23:47:12","date_gmt":"2025-07-06T23:47:12","guid":{"rendered":"https:\/\/www.europesays.com\/fr\/231475\/"},"modified":"2025-07-06T23:47:12","modified_gmt":"2025-07-06T23:47:12","slug":"la-course-horrible-de-verstappen-rien-na-bien-fonctionne","status":"publish","type":"post","link":"https:\/\/www.europesays.com\/fr\/231475\/","title":{"rendered":"La course \u00ab\u00a0horrible\u00a0\u00bb de Verstappen\u00a0: \u00ab\u00a0Rien n&rsquo;a bien fonctionn\u00e9\u00a0\u00bb"},"content":{"rendered":"<p><a href=\"https:\/\/fr.motorsport.com\/driver\/max-verstappen\/93029\/\" target=\"_blank\" rel=\"noopener nofollow\">Max Verstappen<\/a> a fait illusion pendant sept tours, a tenu 13 de plus et a finalement vu sa course partir en vrille \u00e0 Silverstone, \u00e0 tous les sens du terme. Parti en pole, il est rest\u00e9 leader devant <a href=\"https:\/\/fr.motorsport.com\/driver\/oscar-piastri\/835356\/\" target=\"_blank\" rel=\"noopener nofollow\">Oscar Piastri<\/a> en d\u00e9but d&rsquo;\u00e9preuve, sur une piste humide, avant de c\u00e9der face \u00e0 lui. Un t\u00eate-\u00e0-queue \u00e0 la fin d&rsquo;une intervention de la voiture de s\u00e9curit\u00e9 l&rsquo;a fait d\u00e9gringoler en dixi\u00e8me position et il est p\u00e9niblement remont\u00e9 au cinqui\u00e8me rang sous le drapeau \u00e0 damier.<\/p>\n<p>\u00ab\u00a0Sinc\u00e8rement, je ne savais pas \u00e0 quoi m&rsquo;attendre mais c&rsquo;\u00e9tait tr\u00e8s difficile d\u00e8s ce premier tour\u00a0\u00bb, a constat\u00e9 Verstappen. \u00ab\u00a0Un \u00e9quilibre tr\u00e8s difficile dans la voiture entre les vitesses \u00e9lev\u00e9es et les faibles vitesses, je n&rsquo;arrivais vraiment pas \u00e0 trouver un bon \u00e9quilibre. En interm\u00e9diaires, je pense aussi que nous d\u00e9gradions trop les pneus, surtout par rapport \u00e0 <a href=\"https:\/\/fr.motorsport.com\/team\/mclaren\/609\/\" target=\"_blank\" rel=\"noopener nofollow\">McLaren<\/a>. Ils \u00e9taient encore \u00e0 un autre niveau. Puis j&rsquo;ai \u00e9videmment eu ma frayeur, qui a un peu tout compliqu\u00e9. Mais m\u00eame quand j&rsquo;\u00e9tais vers la dixi\u00e8me place, je n&rsquo;avais pas non plus le rythme pour avancer, ce qui \u00e9tait un peu inqui\u00e9tant.\u00a0\u00bb<\/p>\n<p>\u00ab\u00a0Mais nous avons fait les bons choix. Nous sommes rest\u00e9s calmes, nous sommes rest\u00e9s aussi longtemps que possible en interm\u00e9diaires et c&rsquo;\u00e9tait encore le bon choix, donc nous avons fini cinqui\u00e8mes. Avec le recul, en regardant, c&rsquo;\u00e9tait probablement la meilleure place possible apr\u00e8s tout ce qu&rsquo;il s&rsquo;est pass\u00e9.\u00a0\u00bb<\/p>\n<p>\u00ab\u00a0Rien n&rsquo;a bien fonctionn\u00e9, c&rsquo;\u00e9tait vraiment &lsquo;on\/off&rsquo; et \u00e9videmment, c&rsquo;est pr\u00e9cis\u00e9ment ce qu&rsquo;on ne veut pas dans ces conditions\u00a0\u00bb, a n\u00e9anmoins d\u00e9plor\u00e9 Verstappen sur Viaplay, diffuseur de la F1 aux Pays-Bas. \u00ab\u00a0Juste une course horrible.\u00a0\u00bb<\/p>\n<p>   <img decoding=\"async\" draggable=\"false\" src=\"https:\/\/www.europesays.com\/fr\/wp-content\/uploads\/2025\/07\/lando-norris-mclaren-max-verst.jpg\" alt=\"Lando Norris, McLaren, Max Verstappen, Red Bull Racing\" width=\"1200\" height=\"800\" loading=\"lazy\"\/> <\/p>\n<p class=\"title\">Max Verstappen n&rsquo;a pas pu rester devant Lando Norris.<\/p>\n<p class=\"photographer\">Photo de: Glenn Dunbar \/ LAT Images via Getty Images<\/p>\n<p>Verstappen s&rsquo;est tout simplement senti d\u00e9muni dans la <a href=\"https:\/\/fr.motorsport.com\/team\/red-bull\/553\/\" target=\"_blank\" rel=\"noopener nofollow\">Red Bull<\/a>\u00a0: \u00ab\u00a0Du survirage, du sous-virage, la voiture \u00e9tait vraiment&#8230; Disons que je devais vraiment m&rsquo;accrocher au volant, sinon \u00e7a serait mal pass\u00e9 beaucoup plus de fois. [&#8230;] Je n&rsquo;avais pas plus de rythme que ceux autour de moi. Mon rythme n&rsquo;\u00e9tait juste pas bon, en partie \u00e0 cause des niveaux d&rsquo;ailerons, mais dans l&rsquo;ensemble nous \u00e9tions assez mauvais dans ces conditions avec peu d&rsquo;adh\u00e9rence.\u00a0\u00bb<\/p>\n<p>Deux incidents en quelques instants<\/p>\n<p>La course de Verstappen a d\u00e9raill\u00e9 \u00e0 partir de deux s\u00e9quences qui se sont succ\u00e9d\u00e9es, le freinage de Piastri sous r\u00e9gime de voiture de s\u00e9curit\u00e9, qui a valu une p\u00e9nalit\u00e9 \u00e0 l&rsquo;Australien, puis le t\u00eate-\u00e0-queue de Verstappen au virage suivant, Stowe. \u00c0 Montr\u00e9al, Red Bull avait r\u00e9clam\u00e9 une sanction contre <a href=\"https:\/\/fr.motorsport.com\/driver\/george-russell\/96626\/\" target=\"_blank\" rel=\"noopener nofollow\">George Russell<\/a> pour une man\u0153uvre similaire, sans obtenir gain de cause.<\/p>\n<p>Ce dimanche, Verstappen a \u00e9t\u00e9 surpris que Piastri re\u00e7oive une p\u00e9nalit\u00e9, la jugeant \u00ab\u00a0tr\u00e8s extr\u00eame\u00a0\u00bb\u00a0: \u00ab\u00a0Je n&rsquo;ai appris qu&rsquo;apr\u00e8s la course qu&rsquo;il en avait re\u00e7u une, personne ne me l&rsquo;a dit pendant la course. Vous savez, ce genre de sc\u00e9nario m&rsquo;est arriv\u00e9 plusieurs fois maintenant. Je trouve juste bizarre [que] tout \u00e0 coup, Oscar soit le premier \u00e0 recevoir dix secondes pour \u00e7a.\u00a0\u00bb<\/p>\n<p>\u00a0<\/p>\n<p>\u00ab\u00a0Mais je ne fais pas les r\u00e8gles\u00a0\u00bb, a ajout\u00e9 Verstappen. Pour autant, il \u00ab\u00a0ne pense pas\u00a0\u00bb que cette s\u00e9quence a contribu\u00e9 \u00e0 son erreur quelques secondes plus tard : \u00ab\u00a0J&rsquo;ai juste essay\u00e9 d&rsquo;acc\u00e9l\u00e9rer mais la voiture \u00e9tait d\u00e9j\u00e0 difficile avant \u00e7a. J&rsquo;essayais juste de trouver un bon rythme et \u00e7a m&rsquo;a juste pi\u00e9g\u00e9 en pneus froids.\u00a0\u00bb<\/p>\n<p>Le manque de rythme et cette erreur semblent trouver une m\u00eame cause, l&rsquo;aileron arri\u00e8re \u00e0 faible appui choisi pour ce week-end, sans pour autant expliquer l&rsquo;\u00e9cart avec les McLaren\u00a0: \u00ab\u00a0C&rsquo;est s\u00fbr que l&rsquo;aileron arri\u00e8re a tout beaucoup compliqu\u00e9. Mais dans l&rsquo;ensemble, m\u00eame si nous avions eu un peu plus d&rsquo;appui sur la voiture, nous ne nous serions pas battus avec les McLaren, c&rsquo;est certain.\u00a0\u00bb<\/p>\n<p style=\"text-align: right;\">Avec Scott Gregory, Oleg Karpov et Ronald Vording<\/p>\n<p>Lire aussi :<\/p>\n<p><\/p>\n<\/p>\n<p>Dans cet article<\/p>\n<p>    Vincent Lalanne-Sicaud\n<\/p>\n<p>    Formule 1\n<\/p>\n<p>    Max Verstappen\n<\/p>\n<p>    Red Bull\n<\/p>\n<p>Soyez le premier inform\u00e9 et souscrivez aux alertes mails pour recevoir les infos en temps r\u00e9el<\/p>\n<p>    S&rsquo;abonner aux alertes de news<\/p>\n","protected":false},"excerpt":{"rendered":"Max Verstappen a fait illusion pendant sept tours, a tenu 13 de plus et a finalement vu sa&hellip;\n","protected":false},"author":2,"featured_media":231476,"comment_status":"","ping_status":"","sticky":false,"template":"","format":"standard","meta":{"footnotes":""},"categories":[1412],"tags":[1451,1452,1453,1454,1455,1011,27,23124,2236,2255,23125,60],"class_list":{"0":"post-231475","1":"post","2":"type-post","3":"status-publish","4":"format-standard","5":"has-post-thumbnail","7":"category-f1","8":"tag-f1","9":"tag-formula-1","10":"tag-formula1","11":"tag-formule-1","12":"tag-formule1","13":"tag-fr","14":"tag-france","15":"tag-gp-de-grande-bretagne","16":"tag-max-verstappen","17":"tag-red-bull","18":"tag-silverstone","19":"tag-sports"},"share_on_mastodon":{"url":"https:\/\/pubeurope.com\/@fr\/114808963000058619","error":""},"_links":{"self":[{"href":"https:\/\/www.europesays.com\/fr\/wp-json\/wp\/v2\/posts\/231475","targetHints":{"allow":["GET"]}}],"collection":[{"href":"https:\/\/www.europesays.com\/fr\/wp-json\/wp\/v2\/posts"}],"about":[{"href":"https:\/\/www.europesays.com\/fr\/wp-json\/wp\/v2\/types\/post"}],"author":[{"embeddable":true,"href":"https:\/\/www.europesays.com\/fr\/wp-json\/wp\/v2\/users\/2"}],"replies":[{"embeddable":true,"href":"https:\/\/www.europesays.com\/fr\/wp-json\/wp\/v2\/comments?post=231475"}],"version-history":[{"count":0,"href":"https:\/\/www.europesays.com\/fr\/wp-json\/wp\/v2\/posts\/231475\/revisions"}],"wp:featuredmedia":[{"embeddable":true,"href":"https:\/\/www.europesays.com\/fr\/wp-json\/wp\/v2\/media\/231476"}],"wp:attachment":[{"href":"https:\/\/www.europesays.com\/fr\/wp-json\/wp\/v2\/media?parent=231475"}],"wp:term":[{"taxonomy":"category","embeddable":true,"href":"https:\/\/www.europesays.com\/fr\/wp-json\/wp\/v2\/categories?post=231475"},{"taxonomy":"post_tag","embeddable":true,"href":"https:\/\/www.europesays.com\/fr\/wp-json\/wp\/v2\/tags?post=231475"}],"curies":[{"name":"wp","href":"https:\/\/api.w.org\/{rel}","templated":true}]}}