{"id":231477,"date":"2025-07-06T23:48:15","date_gmt":"2025-07-06T23:48:15","guid":{"rendered":"https:\/\/www.europesays.com\/fr\/231477\/"},"modified":"2025-07-06T23:48:15","modified_gmt":"2025-07-06T23:48:15","slug":"tdf-tour-de-france-aurelien-paret-peintre-on-ne-peut-pas-faire-nimporte-quoi","status":"publish","type":"post","link":"https:\/\/www.europesays.com\/fr\/231477\/","title":{"rendered":"TDF. Tour de France &#8211; Aur\u00e9lien Paret-Peintre : \u00abOn ne peut pas faire n&rsquo;importe quoi\u00bb"},"content":{"rendered":"<p>Sans faire de bruit, les <strong>Decathlon AG2R La Mondiale<\/strong>\u00a0ont sign\u00e9 une performance solide dans une deuxi\u00e8me \u00e9tape de <strong><a href=\"https:\/\/www.cyclismactu.net\/..\/news-tdf-route-tour-de-france-jonas-vingegaard-on-voulait-que-wout-van-aert-gagne-mais-88752.html\" target=\"_blank\" rel=\"nofollow noopener\">Tour de France<\/a><\/strong> explosive\u00a0! Alors que ses compatriotes\u00a0<strong><a href=\"https:\/\/www.cyclismactu.net\/..\/news-tdf-route-tour-de-france-jonas-vingegaard-on-voulait-que-wout-van-aert-gagne-mais-88752.html\" target=\"_blank\" rel=\"nofollow noopener\">K\u00e9vin Vauquelin<\/a> <\/strong>(Ark\u00e9a-B&amp;B H\u00f4tels), <strong>Romain Gr\u00e9goire <\/strong>(Groupama-FDJ) ou <strong>Julian Alaphilippe <\/strong>(Tudor Pro Cycling Team) ont tent\u00e9 des choses pour s&rsquo;isoler dans le final, <strong>Aur\u00e9lien Paret-Peintre <\/strong>a quant \u00e0 lui choisi de d\u00e9fendre ses chances au sprint \u00e0 l&rsquo;arriv\u00e9e \u00e0 Boulogne-sur-mer. A juste titre puisque le fran\u00e7ais est all\u00e9 chercher une belle 7e place, synonyme de sa bonne forme.<\/p>\n<p>Vid\u00e9o &#8211; Aur\u00e9lien Paret-Peintre apr\u00e8s l&rsquo;arriv\u00e9 de la 2e \u00e9tape  Lire la suite de l&rsquo;article&#13;<\/p>\n<p>\u00a0<\/p>\n<p>&#13;<br \/>\n\u00ab\u00a0Tu ne peux pas tricher dans un final comme \u00e7a\u00a0\u00bb&#13;<\/p>\n<p>M\u00eame s&rsquo;il n&rsquo;est pas parvenu \u00e0 suivre <strong>Tadej Pogacar <\/strong>(UAE Team Emirates XRG), <strong>Mathieu Van der Poel <\/strong>(Alpecin-Deceuninck) ou <strong>Jonas Vingegaard <\/strong>(Team Visma | Lease a Bike), <strong>Aur\u00e9lien Paret-Peintre <\/strong>est parvenu \u00e0 revenir pour jouer la victoire\u00a0:\u00a0\u00ab\u00a0C&rsquo;\u00e9tait difficile, on \u00e9tait venus reconna\u00eetre mercredi et c&rsquo;\u00e9tait un bel avantage, le final \u00e9tait vraiment dur. Je connaissais bien, je n&rsquo;avais pas trop envie de me louper, hier je jouais pas le classement g\u00e9n\u00e9ral mais c&rsquo;est toujours ennuyant de perdre du temps et avec la place d&rsquo;aujourd&rsquo;hui \u00e7a permettait d&rsquo;\u00eatre plac\u00e9 au classement g\u00e9n\u00e9ral. J&rsquo;\u00e9tais bien d\u00e9\u00e7u hier soir, j&rsquo;avais envie de faire une bonne \u00e9tape, on avait envie de remettre un peu de l&rsquo;ordre. Je suis content d&rsquo;\u00eatre venu sur le Tour, j&rsquo;en ai fait que deux dans ma vie pour l&rsquo;instant. Je suis content, je suis avec les cadors, c&rsquo;\u00e9tait \u00e0 la p\u00e9dale, on voit que je suis juste derri\u00e8re, pas tr\u00e8s loin. Dans la premi\u00e8re bosse ils sont partis forts, apr\u00e8s ils avaient besoin de souffler. Le final \u00e9tait un peu strat\u00e9gique, j&rsquo;\u00e9tais bien plac\u00e9 pour le sprint apr\u00e8s voil\u00e0, c&rsquo;est Van der Poel, Pogacar, je ne peux pas faire beaucoup mieux, m\u00eame si on esp\u00e8re toujours plus. Un top 10 en tout cas c&rsquo;est cool pour l&rsquo;\u00e9quipe.\u00a0\u00bb\u00a0<\/p>\n<p>&#13;<\/p>\n<p>Apr\u00e8s sa d\u00e9convenue de la veille, le Savoyard se rassure et pourra rapidement retrouver un terrain \u00e0 sa convenance, tout en\u00a0 clarifiant son r\u00f4le sur ce <strong>Tour de France<\/strong>\u00a0:\u00a0\u00ab\u00a0Ca veut dire que les jambes sont l\u00e0. Aujourd&rsquo;hui, tu ne peux pas tricher dans un final comme \u00e7a donc les jambes sont bonnes, c&rsquo;est cool. S&rsquo;il y avait eu Bastien Tronchon j&rsquo;aurais peut-\u00eatre \u00e9t\u00e9 plus offensif, l\u00e0 je voulais quand m\u00eame pas sacrifier mes chances en tentant ma chance parce que sur le Tour on ne peut pas faire n&rsquo;importe quoi et finir 20e \u00e0 l&rsquo;arriv\u00e9e, c&rsquo;est important de s\u00e9curiser un top 10 pour l&rsquo;\u00e9quipe. J&rsquo;ai bien g\u00e9r\u00e9, je savais qu&rsquo;\u00e0 500-600 m \u00e7a allait replatir, j&rsquo;ai essay\u00e9 de me replacer et Van der Poel s&rsquo;est mis devant \u00e0 300 m et il a lanc\u00e9. Je savais qu&rsquo;il fallait lancer dans le virage, j&rsquo;ai fait comme je pouvais dans les 100 derniers m\u00e8tres. J&rsquo;ai pas envie de me prendre la t\u00eate avec le g\u00e9n\u00e9ral, je l&rsquo;ai fait plusieurs fois, j&rsquo;ai but\u00e9. L\u00e0 on a encore pass\u00e9 une bonne journ\u00e9e avec Felix qui arrive devant, c&rsquo;est vraiment important.\u00a0\u00bb<\/p>\n<p>Tour de France &#8211; Classement de la 2\u00e8 \u00e9tape Tour de France &#8211; Classement g\u00e9n\u00e9ral provisoire apr\u00e8s la 2\u00e8 \u00e9tape<\/p>\n","protected":false},"excerpt":{"rendered":"Sans faire de bruit, les Decathlon AG2R La Mondiale\u00a0ont sign\u00e9 une performance solide dans une deuxi\u00e8me \u00e9tape de&hellip;\n","protected":false},"author":2,"featured_media":231478,"comment_status":"","ping_status":"","sticky":false,"template":"","format":"standard","meta":{"footnotes":""},"categories":[1411],"tags":[1154,207,211,1011,27,209,60,210,212,208,213],"class_list":{"0":"post-231477","1":"post","2":"type-post","3":"status-publish","4":"format-standard","5":"has-post-thumbnail","7":"category-cyclisme","8":"tag-cycling","9":"tag-cyclisme","10":"tag-ffc","11":"tag-fr","12":"tag-france","13":"tag-route","14":"tag-sports","15":"tag-tour-de-france","16":"tag-uci","17":"tag-velo","18":"tag-world-tour"},"share_on_mastodon":{"url":"https:\/\/pubeurope.com\/@fr\/114808966588947096","error":""},"_links":{"self":[{"href":"https:\/\/www.europesays.com\/fr\/wp-json\/wp\/v2\/posts\/231477","targetHints":{"allow":["GET"]}}],"collection":[{"href":"https:\/\/www.europesays.com\/fr\/wp-json\/wp\/v2\/posts"}],"about":[{"href":"https:\/\/www.europesays.com\/fr\/wp-json\/wp\/v2\/types\/post"}],"author":[{"embeddable":true,"href":"https:\/\/www.europesays.com\/fr\/wp-json\/wp\/v2\/users\/2"}],"replies":[{"embeddable":true,"href":"https:\/\/www.europesays.com\/fr\/wp-json\/wp\/v2\/comments?post=231477"}],"version-history":[{"count":0,"href":"https:\/\/www.europesays.com\/fr\/wp-json\/wp\/v2\/posts\/231477\/revisions"}],"wp:featuredmedia":[{"embeddable":true,"href":"https:\/\/www.europesays.com\/fr\/wp-json\/wp\/v2\/media\/231478"}],"wp:attachment":[{"href":"https:\/\/www.europesays.com\/fr\/wp-json\/wp\/v2\/media?parent=231477"}],"wp:term":[{"taxonomy":"category","embeddable":true,"href":"https:\/\/www.europesays.com\/fr\/wp-json\/wp\/v2\/categories?post=231477"},{"taxonomy":"post_tag","embeddable":true,"href":"https:\/\/www.europesays.com\/fr\/wp-json\/wp\/v2\/tags?post=231477"}],"curies":[{"name":"wp","href":"https:\/\/api.w.org\/{rel}","templated":true}]}}