{"id":231485,"date":"2025-07-06T23:53:29","date_gmt":"2025-07-06T23:53:29","guid":{"rendered":"https:\/\/www.europesays.com\/fr\/231485\/"},"modified":"2025-07-06T23:53:29","modified_gmt":"2025-07-06T23:53:29","slug":"santa-debarque-dans-the-voice-kids-soprano-devoile-comment-sest-passe-le-tournage-video","status":"publish","type":"post","link":"https:\/\/www.europesays.com\/fr\/231485\/","title":{"rendered":"Santa d\u00e9barque dans The Voice Kids, Soprano d\u00e9voile comment s&rsquo;est pass\u00e9 le tournage (VIDEO)"},"content":{"rendered":"<p>C&rsquo;est <b>un jury tout neuf<\/b>, ou presque, qui sera aux commandes de la saison 11 de The Voice Kids, bient\u00f4t, sur TF1. Les jeunes candidats du t\u00e9l\u00e9-crochet seront jug\u00e9s par <a href=\"https:\/\/www.programme-tv.net\/biographie\/20185-fiori-patrick\/\" data-link-people=\"ffed3509-79ac-4a5a-8e29-6cd7151f71a1\" target=\"_blank\" rel=\"noopener\">Patrick Fiori<\/a>, qui est celui qui s&rsquo;est assis le plus de fois sur les fauteuils rouges du programme (dix fois, depuis la saison 2), <a href=\"https:\/\/www.programme-tv.net\/biographie\/243465-pokora-m\/\" data-link-people=\"7e0f9812-4c6a-4475-a694-2ea3f8554a2d\" target=\"_blank\" rel=\"noopener\">M. Pokora<\/a>, d\u00e9j\u00e0 coach dans les saisons 3 et 4, et Soprano, <a href=\"https:\/\/www.programme-tv.net\/news\/tv\/216668-soprano-si-mes-enfants-veulent-faire-the-voice-kids-je-serais-mefiant\/\" data-api-deeplink=\"teleloisirs:\/\/news\/216668\" target=\"_blank\" rel=\"noopener\">qui avait \u00e9t\u00e9 jur\u00e9 lors des saisons 5, 6 et 7<\/a>. Mais ces trois habitu\u00e9s de The Voice Kids seront oppos\u00e9s \u00e0 une petite nouvelle : Santa. L&rsquo;auteure et interpr\u00e8te du tube <a href=\"https:\/\/www.programme-tv.net\/news\/tv\/362784-star-academy-santa-a-modifie-son-titre-recommence-moi-pour-quil-devienne-lhymne-de-cette-saison-voici-pourquoi\/\" data-api-deeplink=\"teleloisirs:\/\/news\/362784\" target=\"_blank\" rel=\"noopener\">Recommence-moi, qui \u00e9tait l&rsquo;hymne de la derni\u00e8re Star Academy<\/a>, rejoint en effet le jury du programme phare de TF1. Et ses premiers pas ont \u00e9t\u00e9 tr\u00e8s r\u00e9ussis, si l&rsquo;on en croit Soprano ! Le rappeur \u00e9tait en effet l&rsquo;invit\u00e9 de la derni\u00e8re avant l&rsquo;\u00e9t\u00e9 d&rsquo;On refait la t\u00e9l\u00e9, qui reviendra \u00e0 la rentr\u00e9e pour sa 10e saison anniversaire, sur RTL. Selon l&rsquo;interpr\u00e8te d&rsquo;En feu, Santa \u00ab\u00a0assure\u00a0\u00bb dans son nouveau costume de coach. \u00ab\u00a0Mais bon, on n&rsquo;\u00e9tait pas trop inquiets !\u00a0\u00bb, sourit-il.<\/p>\n<p>                        \u00ab\u00a0Les petits sont contents de la voir\u00a0\u00bb : Soprano explique pourquoi Santa a r\u00e9ussi sa premi\u00e8re en tant que coach dans The Voice Kids<\/p>\n<p>\u00ab\u00a0Elle assure, les petits sont contents de la voir, elle donne de super conseils\u00a0\u00bb, d\u00e9clare Soprano au sujet de Santa. L&rsquo;artiste se souvient d&rsquo;ailleurs du tout premier jour de tournage de The Voice Kids, aux c\u00f4t\u00e9s de sa cons\u0153ur. \u00ab\u00a0<b>Elle nous a dit &lsquo;J&rsquo;ai un peu la pression !&rsquo;<\/b>, raconte-t-il dans On refait la t\u00e9l\u00e9 sur RTL. Mais apr\u00e8s&#8230; Elle nous a fracass\u00e9s ! Mais bon, Patrick [Fiori], il est l\u00e0 depuis tellement longtemps qu&rsquo;il est fort ! Il est fort, le Patrick !\u00a0\u00bb Soprano a d&rsquo;ailleurs confi\u00e9 qu&rsquo;ils \u00e9taient tous tr\u00e8s heureux de la composition de ce nouveau jury de The Voice Kids. \u00ab\u00a0On s&rsquo;est \u00e9clat\u00e9s\u00a0\u00bb, a expliqu\u00e9 le Marseillais de 46 ans \u00e0 Jade et <a href=\"https:\/\/www.programme-tv.net\/biographie\/115232-dussart-eric\/\" data-link-people=\"39593e83-3544-4385-ae29-a263038a7c94\" target=\"_blank\" rel=\"noopener\">Eric Dussart<\/a>. \u00ab\u00a0Je pense que c&rsquo;est une des meilleures saisons. Pourquoi ? Parce que, d\u00e9j\u00e0, les quatre coachs, d\u00e8s que l&rsquo;on a vu qui \u00e9taient les coachs avec nous, on \u00e9tait d\u00e9j\u00e0 tous souriants. On s&rsquo;est tous appel\u00e9s, et \u00e7a se voit, je pense. \u00c7a va se voir \u00e0 l&rsquo;\u00e9cran !\u00a0\u00bb<\/p>\n<p>            The Voice Kids : Tim, le petit prot\u00e9g\u00e9 de Lara Fabian, avait remport\u00e9 la saison 10<\/p>\n<p>La saison 10 de The Voice Kids, avec <a href=\"https:\/\/www.programme-tv.net\/news\/tv\/338753-the-voice-kids-2024-le-jury-officiel-enfin-devoile-par-tf1\/\" data-api-deeplink=\"teleloisirs:\/\/news\/338753\" target=\"_blank\" rel=\"noopener\">Patrick Fiori, Claudio Cap\u00e9o, Slimane et Lara Fabian<\/a>, avait \u00e9t\u00e9 remport\u00e9e par <b>Tim<\/b>, \u00e2g\u00e9 de 10 ans. Ce coll\u00e9gien des Hauts-de-Seine, coach\u00e9 par l&rsquo;interpr\u00e8te de Je t&rsquo;aime et d&rsquo;Immortelle, avait \u00e9mu bon nombre de t\u00e9l\u00e9spectateurs, en interpr\u00e9tant Creep de Radiohead lors des auditions \u00e0 l&rsquo;aveugle ou encore Qui a le droit, en duo avec <a href=\"https:\/\/www.programme-tv.net\/biographie\/229-bruel-patrick\/\" data-link-people=\"36f20a48-b5d6-4af9-a0f1-655243bd0daf\" target=\"_blank\" rel=\"noopener\">Patrick Bruel<\/a>, lors de la finale.<\/p>\n<p>Article \u00e9crit en collaboration avec 6M\u00e9dias<\/p>\n","protected":false},"excerpt":{"rendered":"C&rsquo;est un jury tout neuf, ou presque, qui sera aux commandes de la saison 11 de The Voice&hellip;\n","protected":false},"author":2,"featured_media":231486,"comment_status":"","ping_status":"","sticky":false,"template":"","format":"standard","meta":{"footnotes":""},"categories":[1356],"tags":[244,58,59,18287,1011,27,11887,2700,10825,10826,252,199,1364],"class_list":{"0":"post-231485","1":"post","2":"type-post","3":"status-publish","4":"format-standard","5":"has-post-thumbnail","7":"category-television","8":"tag-commentaire","9":"tag-divertissement","10":"tag-entertainment","11":"tag-extraits","12":"tag-fr","13":"tag-france","14":"tag-on-refait-la-tu00e9lu00e9","15":"tag-rtl","16":"tag-santa-hyphen-hyphen","17":"tag-soprano","18":"tag-television","19":"tag-tf1","20":"tag-tv"},"share_on_mastodon":{"url":"https:\/\/pubeurope.com\/@fr\/114808986393491148","error":""},"_links":{"self":[{"href":"https:\/\/www.europesays.com\/fr\/wp-json\/wp\/v2\/posts\/231485","targetHints":{"allow":["GET"]}}],"collection":[{"href":"https:\/\/www.europesays.com\/fr\/wp-json\/wp\/v2\/posts"}],"about":[{"href":"https:\/\/www.europesays.com\/fr\/wp-json\/wp\/v2\/types\/post"}],"author":[{"embeddable":true,"href":"https:\/\/www.europesays.com\/fr\/wp-json\/wp\/v2\/users\/2"}],"replies":[{"embeddable":true,"href":"https:\/\/www.europesays.com\/fr\/wp-json\/wp\/v2\/comments?post=231485"}],"version-history":[{"count":0,"href":"https:\/\/www.europesays.com\/fr\/wp-json\/wp\/v2\/posts\/231485\/revisions"}],"wp:featuredmedia":[{"embeddable":true,"href":"https:\/\/www.europesays.com\/fr\/wp-json\/wp\/v2\/media\/231486"}],"wp:attachment":[{"href":"https:\/\/www.europesays.com\/fr\/wp-json\/wp\/v2\/media?parent=231485"}],"wp:term":[{"taxonomy":"category","embeddable":true,"href":"https:\/\/www.europesays.com\/fr\/wp-json\/wp\/v2\/categories?post=231485"},{"taxonomy":"post_tag","embeddable":true,"href":"https:\/\/www.europesays.com\/fr\/wp-json\/wp\/v2\/tags?post=231485"}],"curies":[{"name":"wp","href":"https:\/\/api.w.org\/{rel}","templated":true}]}}