{"id":231489,"date":"2025-07-06T23:55:13","date_gmt":"2025-07-06T23:55:13","guid":{"rendered":"https:\/\/www.europesays.com\/fr\/231489\/"},"modified":"2025-07-06T23:55:13","modified_gmt":"2025-07-06T23:55:13","slug":"le-top-5-de-la-redaction-dactu-fr","status":"publish","type":"post","link":"https:\/\/www.europesays.com\/fr\/231489\/","title":{"rendered":"le top 5 de la r\u00e9daction d&rsquo;actu.fr"},"content":{"rendered":"<p>            Par<br \/>\n        <strong><br \/>\n            <a href=\"https:\/\/actu.fr\/auteur\/redaction-actu\" title=\"Consulter tous les articles de R\u00e9daction Actu\" rel=\"nofollow noopener\" target=\"_blank\">R\u00e9daction Actu<\/a><br \/>\n        <\/strong><\/p>\n<p>        Publi\u00e9 le<\/p>\n<p>            6 juil. 2025 \u00e0 19h36        <\/p>\n<p>Les bureaux qui se vident, les coll\u00e8gues en boucle sur leurs prochaines <a href=\"https:\/\/actu.fr\/tag\/vacances-scolaires\" rel=\"nofollow noopener\" target=\"_blank\">vacances<\/a>, les verres en terrasse, les pr\u00e9visions de barbecues et autres planchas du week-end\u2026 Bref, <strong>c\u2019est l\u2019\u00e9t\u00e9<\/strong>, et cela se ressent. Si vous \u00eates plut\u00f4t du genre \u00e0 beaucoup sortir \u00e0 cette p\u00e9riode de l\u2019ann\u00e9e, peut-\u00eatre passez-vous moins de temps que d\u2019habitude devant votre t\u00e9l\u00e9, et davantage le nez dehors.<\/p>\n<p class=\" wall-content\">Enfin, exception faite pour LE film de l\u2019\u00e9t\u00e9, ce long-m\u00e9trage \u00ab\u00a0feel good\u00a0\u00bb\u00a0qui vous plonge dans l\u2019ivresse estivale, ambiance peau sal\u00e9e et chemises \u00e0 fleurs. Celui que vous vous rematez chaque \u00e9t\u00e9 comme <strong>un rituel de juillet-ao\u00fbt.<\/strong><\/p>\n<p class=\" wall-content\">\u00c0 la r\u00e9daction d\u2019actu.fr, on est comme vous, on a notre petit chouchou estival. On a \u00e9tabli un top 5 des meilleurs films de l\u2019\u00e9t\u00e9 \u00e0 re-re-regarder pendant ses vacances.<\/p>\n<p>Alexandra \u2013 Mamma Mia !<\/p>\n<p class=\" wall-content\">Une \u00eele grecque aux eaux cristallines, une ambiance festive avec un mariage en approche, une \u00e9mouvante complicit\u00e9 m\u00e8re-fille et <strong>les tubes embl\u00e9matiques d\u2019ABBA<\/strong>\u2026 Pour moi, le meilleur film de l\u2019\u00e9t\u00e9, c\u2019est Mamma Mia ! de la r\u00e9alisatrice Phyllida Lloyd en 2008.<\/p>\n<p class=\" wall-content\">Un film, que dis-je ! C\u2019est une com\u00e9die musicale, dans laquelle Sophie, 20 ans, veut r\u00e9soudre le grand myst\u00e8re de sa vie avant de se marier : qui est son p\u00e8re ? Elle retrouve le journal intime de sa m\u00e8re Donna et monte un plan fou : inviter en secret les trois anciens amours d\u2019\u00e9t\u00e9 de Donna et mener son enqu\u00eate\u2026<\/p>\n<p>Vid\u00e9os : en ce moment sur Actu<\/p>\n<p class=\" wall-content\">Je le regarde chaque ann\u00e9e avec des amis, pour chanter \u00e0 tue-t\u00eate, l\u00e2cher une petite larme et m\u2019extasier devant Meryl Streep \u2013 et le reste du casting, impeccable. J\u2019ai ador\u00e9 la suite aussi, sortie 10 ans apr\u00e8s. Alors, sortez vos meilleurs pots de glace, d\u00e9bouchez une bouteille de vin et r\u00e9visez votre r\u00e9pertoire : <strong>Mamma Mia !, c\u2019est culte et sans mod\u00e9ration.<\/strong><\/p>\n<p class=\" wall-content\">\n<p>Martin \u2013 Nos jours heureux<\/p>\n<p class=\" wall-content\">Moi, \u00e0 chaque \u00e9t\u00e9, je me refais Nos jours heureux, d\u2019\u00c9ric Toledano et Olivier Nakache. Sorti en 2006, ce film a, \u00e0 mon sens, tous les ingr\u00e9dients pour passer un super moment, \u00e0 l\u2019ombre, prot\u00e9g\u00e9 du cagnard estival. Avec ou sans enfants, d\u2019ailleurs.\u00a0<\/p>\n<p class=\" wall-content\">On y suit les jeunes Jean-Paul Rouve, Omar Sy et Marilou Berry, pour ne citer qu\u2019eux, en tant qu\u2019encadrants d\u2019<strong>une colonie de vacances pour enfants et ados.<\/strong> L\u2019occasion de se rem\u00e9morer des souvenirs de jeunesse, d\u2019\u00eatre touch\u00e9 par les efforts des organisateurs et par l\u2019insouciance des gamins, et de se marrer devant<strong> l\u2019humour d\u00e9sormais iconique du film.<\/strong> Je veux dire\u2026 Nos jours heureux, c\u2019est un classique, non ? \u201cJ\u2019suis bien d\u2019accord avec la grosse\u201d, \u201ct\u2019es le roi des cons au pays des emmerdeurs\u201d\u2026\u00a0<\/p>\n<p class=\" wall-content\">Bref, j\u2019estime que c\u2019est LE film feel good des vacances. Le genre o\u00f9 5 minutes suffisent pour \u00eatre happ\u00e9, et se le refaire en entier.<\/p>\n<p class=\" wall-content\">\n<p>Jean-Baptiste \u2013 Sexy Dance 3, The Battle<\/p>\n<p class=\" wall-content\">\u00c0 chaque \u00e9t\u00e9, c\u2019est pour moi un rituel, un plaisir que d\u2019aucuns, mal avis\u00e9s ou auteurs de d\u00e9lit de sale gueule, qualifieraient de coupable : <strong>quand arrive juillet, c\u2019est qu\u2019il est temps de regarder Sexy Dance 3.<\/strong><\/p>\n<p class=\" wall-content\">Pas le premier, pas le deuxi\u00e8me, et surtout pas les suivants ; non, le 3. C\u2019est, \u00e0 bien y r\u00e9fl\u00e9chir, avant tout le souvenir de sa d\u00e9couverte, presque par hasard \u00e0 l\u2019\u00e9t\u00e9 2010, que j\u2019aime \u00e0 chaque fois raviver. Dans la salle obscure, on s\u2019attend \u00e0 un vulgaire assemblage de num\u00e9ros de danse un peu virtuoses, \u00e0 un Plus grand cabaret du monde sans Patrick S\u00e9bastien, mais en fait c\u2019est bien plus.<\/p>\n<p class=\" wall-content\">De <a href=\"https:\/\/www.youtube.com\/watch?v=m79yBHqS-eE\" rel=\"nofollow noopener\" target=\"_blank\">la formidable sc\u00e8ne de danse au pied du camion de glaces<\/a> \u00e0 la battle du \u00ab\u00a0robot\u00a0\u00bb, le film est immense une bouff\u00e9e d\u2019air frais (ne vous attendez toutefois pas \u00e0 un grand sc\u00e9nario ni \u00e0 de fabuleux jeux d\u2019acteurs), jouissif \u00e0 s\u2019en d\u00e9crocher la m\u00e2choire, et \u00e0 chaque visionnage \u00e0 nous provoquer tout plein de mignons frissons salutaires, lorsque la canicule r\u00f4de.<\/p>\n<p class=\" wall-content\">Lorsque les jours rallongent et qu\u2019un soir, sans pr\u00e9venir, je relance le film, mes proches g\u00e9n\u00e9ralement se moquent ou s\u2019agacent, mais d\u2019aucuns \u2013 les vrais, les purs \u2013 finissent par s\u2019y faire, accepter voire comprendre ou m\u00eame souscrire. Et c\u2019est peut-\u00eatre \u00e7a, l\u2019amour v\u00e9ritable.<\/p>\n<p class=\" wall-content\">\n<p>L\u00e9a \u2013 Little Miss Sunshine<\/p>\n<p class=\" wall-content\">Un combi Volkswagen jaune, une BO qui donne envie de tout plaquer pour partir en road-trip, et une famille aussi tordue qu\u2019attachante bien s\u00fbr : pas de doutes, tous les ingr\u00e9dients sont r\u00e9unis pour faire de Little Miss Sunshine LE film aux airs d\u2019\u00e9t\u00e9.\u00a0<\/p>\n<p class=\" wall-content\">Ce road-movie raconte une famille qui part sur les routes des \u00c9tats-Unis pour emmener Olive, la petite derni\u00e8re archi-mignonne avec ses lunettes rondes et son bidou d\u2019enfant, participer \u00e0 un concours de beaut\u00e9. Mais rien ne se passe comme pr\u00e9vu sur la route des Hoover jusqu\u2019en Californie. Les p\u00e9rip\u00e9ties s\u2019encha\u00eenent et sont l\u2019occasion, pour cette famille atypique et pourtant confront\u00e9e \u00e0 des \u00e9v\u00e8nements dramatiques, de resserrer les liens.\u00a0<\/p>\n<p class=\" wall-content\">Si j\u2019aime autant Little Miss Sunshine, de Valerie Faris et Jonathan Dayton, c\u2019est parce que cette com\u00e9die dramatique de nous fait passer par tous les \u00e9tats : on craque pour<strong> l\u2019ing\u00e9nuit\u00e9 attendrissante d\u2019Olive<\/strong>, on se prend d\u2019attachement pour l\u2019oncle d\u00e9pressif camp\u00e9 par un Steve Carell impeccable, et on rit avec le grand-p\u00e8re et ses blagues salaces.<\/p>\n<p class=\" wall-content\">Et puis c\u2019est un film qui respire le soleil, et dans lequel on vibre avec cette famille qui donne tout pour la petite derni\u00e8re, dans une satire de l\u2019Am\u00e9rique superficielle.<\/p>\n<p class=\" wall-content\">\n<p>Camille \u2013 Call Me by Your Name<\/p>\n<p class=\" wall-content\">Soleil br\u00fblant, conversations au bord de la piscine, balades \u00e0 bicyclette\u2026 Call Me by Your Name de Luca Guadagnino est<strong> une ode \u00e0 l\u2019\u00e9t\u00e9 italien.<\/strong><\/p>\n<p class=\" wall-content\">C\u2019est le r\u00e9cit sensible d\u2019un premier amour, celui d\u2019Elio, 17 ans, avec un \u00e9tudiant am\u00e9ricain en arch\u00e9ologie h\u00e9berg\u00e9 par ses parents dans la campagne lombarde. <strong>Une histoire d\u2019amour aussi puissante qu\u2019\u00e9ph\u00e9m\u00e8re.<\/strong><\/p>\n<p class=\" wall-content\">Dans la torpeur de l\u2019\u00e9t\u00e9 1983, on est happ\u00e9 par la chaleur et la gr\u00e2ce qui impr\u00e8gnent chaque plan. Timoth\u00e9e Chalamet, qui joue Elio, excelle en adolescent enivr\u00e9 par le d\u00e9sir et son obsession pour Oliver. Sans oublier <a href=\"https:\/\/www.youtube.com\/watch?v=4WTt69YO2VI&amp;list=RD4WTt69YO2VI&amp;start_radio=1\" rel=\"nofollow noopener\" target=\"_blank\">la musique \u00e9lectrisante de Sufjan Stevens<\/a>, qui emporte tout sur son passage.<\/p>\n<p class=\" wall-content\">Un film qui donne envie de (re)tomber amoureux !<\/p>\n<p class=\" wall-content\">\n<p class=\" wall-content\">Alors si vous avez des envies de d\u00e9couvertes cin\u00e9matographiques estivales, ou de revoir quelques merveilles, ne vous privez pas. Et sachez que l\u2019\u00e9t\u00e9, nombreuses sont les villes qui proposent <a href=\"https:\/\/actu.fr\/bretagne\/rennes_35238\/rasta-rockett-e-t-le-cinema-en-plein-air-de-retour-a-rennes-voici-la-programmation-de-l-ete-2025_62719313.html\" rel=\"nofollow noopener\" target=\"_blank\">des s\u00e9ances de cin\u00e9ma en plein air.\u00a0<\/a><\/p>\n<p class=\" wall-content\">Suivez toute l\u2019actualit\u00e9 de vos villes et m\u00e9dias favoris en vous inscrivant \u00e0 <a href=\"https:\/\/moncompte.actu.fr\" title=\"D\u00e9couvez Mon Actu\" rel=\"nofollow noopener\" data-trk=\"{&quot;cta&quot;:{&quot;action&quot;:&quot;https:\\\/\\\/moncompte.actu.fr&quot;,&quot;category&quot;:&quot;mon compte&quot;,&quot;from&quot;:&quot;article footer&quot;,&quot;name&quot;:&quot;Mon actu&quot;,&quot;type&quot;:&quot;cta&quot;}}\" target=\"_blank\">Mon Actu<\/a>.<\/p>\n","protected":false},"excerpt":{"rendered":"Par R\u00e9daction Actu Publi\u00e9 le 6 juil. 2025 \u00e0 19h36 Les bureaux qui se vident, les coll\u00e8gues en&hellip;\n","protected":false},"author":2,"featured_media":231490,"comment_status":"","ping_status":"","sticky":false,"template":"","format":"standard","meta":{"footnotes":""},"categories":[1354],"tags":[650,58,59,1346,1011,27,1360,104],"class_list":{"0":"post-231489","1":"post","2":"type-post","3":"status-publish","4":"format-standard","5":"has-post-thumbnail","7":"category-films","8":"tag-cinema","9":"tag-divertissement","10":"tag-entertainment","11":"tag-films","12":"tag-fr","13":"tag-france","14":"tag-movies","15":"tag-societe"},"share_on_mastodon":{"url":"https:\/\/pubeurope.com\/@fr\/114808994251048174","error":""},"_links":{"self":[{"href":"https:\/\/www.europesays.com\/fr\/wp-json\/wp\/v2\/posts\/231489","targetHints":{"allow":["GET"]}}],"collection":[{"href":"https:\/\/www.europesays.com\/fr\/wp-json\/wp\/v2\/posts"}],"about":[{"href":"https:\/\/www.europesays.com\/fr\/wp-json\/wp\/v2\/types\/post"}],"author":[{"embeddable":true,"href":"https:\/\/www.europesays.com\/fr\/wp-json\/wp\/v2\/users\/2"}],"replies":[{"embeddable":true,"href":"https:\/\/www.europesays.com\/fr\/wp-json\/wp\/v2\/comments?post=231489"}],"version-history":[{"count":0,"href":"https:\/\/www.europesays.com\/fr\/wp-json\/wp\/v2\/posts\/231489\/revisions"}],"wp:featuredmedia":[{"embeddable":true,"href":"https:\/\/www.europesays.com\/fr\/wp-json\/wp\/v2\/media\/231490"}],"wp:attachment":[{"href":"https:\/\/www.europesays.com\/fr\/wp-json\/wp\/v2\/media?parent=231489"}],"wp:term":[{"taxonomy":"category","embeddable":true,"href":"https:\/\/www.europesays.com\/fr\/wp-json\/wp\/v2\/categories?post=231489"},{"taxonomy":"post_tag","embeddable":true,"href":"https:\/\/www.europesays.com\/fr\/wp-json\/wp\/v2\/tags?post=231489"}],"curies":[{"name":"wp","href":"https:\/\/api.w.org\/{rel}","templated":true}]}}