{"id":231499,"date":"2025-07-07T00:00:09","date_gmt":"2025-07-07T00:00:09","guid":{"rendered":"https:\/\/www.europesays.com\/fr\/231499\/"},"modified":"2025-07-07T00:00:09","modified_gmt":"2025-07-07T00:00:09","slug":"trump-qualifie-la-creation-du-parti-politique-delon-musk-de-ridicule","status":"publish","type":"post","link":"https:\/\/www.europesays.com\/fr\/231499\/","title":{"rendered":"Trump qualifie la cr\u00e9ation du parti politique d\u2019Elon Musk de \u00abridicule\u00bb"},"content":{"rendered":"<p>Le ministre am\u00e9ricain des Finances, Scott Bessent, a estim\u00e9 dimanche matin qu\u2019Elon Musk devrait \u00eatre encourag\u00e9 \u00e0 se consacrer \u00e0 ses entreprises plut\u00f4t qu\u2019\u00e0 faire de la politique.<\/p>\n<p class=\"fig-paragraph\">Donald Trump a qualifi\u00e9 dimanche de \u00abridicule\u00bb la d\u00e9cision d\u2019Elon Musk de\u00a0<a href=\"http:\/\/www.lefigaro.fr\/international\/le-milliardaire-elon-musk-annonce-creer-sa-formation-politique-le-parti-de-l-amerique-20250705\" data-fig-type=\"NewsFlash\" data-gtm-custom-categorie=\"navigation\" data-gtm-custom-action=\"crossclick\" data-gtm-custom-label=\"Contextuel\" data-gtm-event=\"customEventSPE\" data-fig-domain=\"LEFIGARO\" rel=\"nofollow noopener\" target=\"_blank\">cr\u00e9er un nouveau parti politique<\/a>. \u00abJe pense que c&rsquo;est ridicule de lancer un troisi\u00e8me parti. Nous connaissons un formidable succ\u00e8s avec le parti r\u00e9publicain\u00bb, a d\u00e9clar\u00e9 M. Trump \u00e0 des journalistes avant d&#8217;embarquer dans son avion pour rentrer \u00e0 Washington.<\/p>\n<p class=\"fig-paragraph\">\u00abLes d\u00e9mocrates sont perdus, mais il y a toujours eu un syst\u00e8me bipartite et je pense que lancer un troisi\u00e8me parti ajoute simplement de la confusion\u00bb, a poursuivi le chef de l&rsquo;\u00c9tat. \u00abLes troisi\u00e8mes partis n&rsquo;ont jamais fonctionn\u00e9\u00bb, a-t-il ass\u00e9n\u00e9. \u00abDonc, il peut s&rsquo;amuser autant qu&rsquo;il veut avec \u00e7a, mais je pense que c&rsquo;est ridicule\u00bb, a conclu M. Trump.<\/p>\n<p>                                    <a class=\"fig-a11y-skip a11y-hidden\" href=\"#fig-a11y-skip-main-inarticle\"><br \/>\n        Passer la publicit\u00e9<br \/>\n    <\/a><\/p>\n<p class=\"fig-paragraph\">Elon Musk a contribu\u00e9 \u00e0 hauteur de plus de 270 millions de dollars \u00e0 la campagne du r\u00e9publicain pour la Maison Blanche. Il a notamment pilot\u00e9 la Commission pour l&rsquo;efficacit\u00e9 gouvernementale (Doge) destin\u00e9e \u00e0 r\u00e9duire drastiquement les d\u00e9penses f\u00e9d\u00e9rales. Il \u00e9tait un habitu\u00e9 du Bureau ovale. Il a quitt\u00e9 Doge en mai pour reprendre en main ses entreprises et, en particulier, le sp\u00e9cialiste des v\u00e9hicules \u00e9lectriques Tesla, dont l&rsquo;image et les ventes ont souffert dans le monde du fait de cette collaboration. Peu apr\u00e8s, les deux hommes ont durement et publiquement ferraill\u00e9 au sujet du projet de loi budg\u00e9taire de Donald Trump.<\/p>\n<p>Le \u00abParti de l\u2019Am\u00e9rique\u00bb<\/p>\n<p class=\"fig-paragraph\">Fermement oppos\u00e9 \u00e0 ce texte, dont il d\u00e9nonce l&rsquo;impact sur les finances publiques, Elon Musk avait promis de lancer son propre parti politique si le texte \u00e9tait adopt\u00e9. Il a mis sa menace \u00e0 ex\u00e9cution samedi, au lendemain de la promulgation en grande pompe de la \u00abgrande et belle loi\u00bb de Donald Trump, en annon\u00e7ant la cr\u00e9ation de sa formation, le \u00abParti de l&rsquo;Am\u00e9rique\u00bb (America Party).<\/p>\n<p class=\"fig-paragraph\">\u00abEn plongeant encore plus profond\u00e9ment dans la politique (&#8230;) Musk part exactement dans la direction oppos\u00e9e de ce que les actionnaires\/investisseurs de Tesla veulent qu&rsquo;il fasse pendant cette p\u00e9riode cruciale\u00bb pour l&rsquo;entreprise, a comment\u00e9 dimanche Dan Ives, analyste de Wedbush. \u00abSi les plus fervents supporteurs de Musk le soutiendront co\u00fbte que co\u00fbte (&#8230;) il y a un sentiment g\u00e9n\u00e9ral d&rsquo;\u00e9puisement de la part de nombreux investisseurs de Tesla li\u00e9 au fait que Musk persiste sur la voie politique\u00bb, a-t-il relev\u00e9. Le \u00absoulagement initial\u00bb de son d\u00e9part de Doge a \u00e9t\u00e9 \u00abde courte dur\u00e9e\u00bb, a-t-il ajout\u00e9.<\/p>\n<p class=\"fig-paragraph\">Le ministre am\u00e9ricain des Finances Scott Bessent a estim\u00e9 dimanche matin qu&rsquo;Elon Musk devrait \u00eatre encourag\u00e9 \u00e0 se consacrer \u00e0 ses entreprises (Tesla, SpaceX, le r\u00e9seau social X, entre autres) plut\u00f4t qu&rsquo;\u00e0 faire de la politique. \u00abJe pense que les conseils d&rsquo;administration de ses diff\u00e9rentes entreprises voulaient qu&rsquo;il revienne diriger ces entreprises, ce \u00e0 quoi il est meilleur que quiconque\u00bb, a r\u00e9agi M. Bessent, interrog\u00e9 sur CNN pour savoir si l&rsquo;annonce de M. Musk inqui\u00e9tait l&rsquo;administration Trump. Selon lui, \u00ables principes\u00bb d\u00e9fendus par la commission dirig\u00e9e par M. Musk ont \u00ab\u00e9t\u00e9 tr\u00e8s populaires\u00bb mais, \u00ablorsque l&rsquo;on regarde les sondages, Elon ne l&rsquo;\u00e9tait pas\u00bb.<\/p>\n","protected":false},"excerpt":{"rendered":"Le ministre am\u00e9ricain des Finances, Scott Bessent, a estim\u00e9 dimanche matin qu\u2019Elon Musk devrait \u00eatre encourag\u00e9 \u00e0 se&hellip;\n","protected":false},"author":2,"featured_media":231500,"comment_status":"","ping_status":"","sticky":false,"template":"","format":"standard","meta":{"footnotes":""},"categories":[6],"tags":[35,75,33,34,46,73,1011,27],"class_list":{"0":"post-231499","1":"post","2":"type-post","3":"status-publish","4":"format-standard","5":"has-post-thumbnail","7":"category-economie","8":"tag-business","9":"tag-donald-trump","10":"tag-economie","11":"tag-economy","12":"tag-elon-musk","13":"tag-etats-unis","14":"tag-fr","15":"tag-france"},"share_on_mastodon":{"url":"https:\/\/pubeurope.com\/@fr\/114809013878643154","error":""},"_links":{"self":[{"href":"https:\/\/www.europesays.com\/fr\/wp-json\/wp\/v2\/posts\/231499","targetHints":{"allow":["GET"]}}],"collection":[{"href":"https:\/\/www.europesays.com\/fr\/wp-json\/wp\/v2\/posts"}],"about":[{"href":"https:\/\/www.europesays.com\/fr\/wp-json\/wp\/v2\/types\/post"}],"author":[{"embeddable":true,"href":"https:\/\/www.europesays.com\/fr\/wp-json\/wp\/v2\/users\/2"}],"replies":[{"embeddable":true,"href":"https:\/\/www.europesays.com\/fr\/wp-json\/wp\/v2\/comments?post=231499"}],"version-history":[{"count":0,"href":"https:\/\/www.europesays.com\/fr\/wp-json\/wp\/v2\/posts\/231499\/revisions"}],"wp:featuredmedia":[{"embeddable":true,"href":"https:\/\/www.europesays.com\/fr\/wp-json\/wp\/v2\/media\/231500"}],"wp:attachment":[{"href":"https:\/\/www.europesays.com\/fr\/wp-json\/wp\/v2\/media?parent=231499"}],"wp:term":[{"taxonomy":"category","embeddable":true,"href":"https:\/\/www.europesays.com\/fr\/wp-json\/wp\/v2\/categories?post=231499"},{"taxonomy":"post_tag","embeddable":true,"href":"https:\/\/www.europesays.com\/fr\/wp-json\/wp\/v2\/tags?post=231499"}],"curies":[{"name":"wp","href":"https:\/\/api.w.org\/{rel}","templated":true}]}}