{"id":231501,"date":"2025-07-07T00:01:14","date_gmt":"2025-07-07T00:01:14","guid":{"rendered":"https:\/\/www.europesays.com\/fr\/231501\/"},"modified":"2025-07-07T00:01:14","modified_gmt":"2025-07-07T00:01:14","slug":"faute-daccord-avec-les-etats-unis-les-nouveaux-tarifs-sappliqueront-au-1er-aout","status":"publish","type":"post","link":"https:\/\/www.europesays.com\/fr\/231501\/","title":{"rendered":"Faute d\u2019accord avec les \u00c9tats-Unis, les nouveaux tarifs s\u2019appliqueront au 1er\u00a0ao\u00fbt"},"content":{"rendered":"<p>Plein tarif\u00a0! Le ministre am\u00e9ricain du Tr\u00e9sor Scott Bessent a affirm\u00e9 ce dimanche que faute d\u2019accord avec les \u00c9tats-Unis, les <a href=\"https:\/\/www.20minutes.fr\/economie\/droits-douane-americains\/\" class=\"color-ultramarine c-link\" rel=\"nofollow noopener\" target=\"_blank\">droits de douane<\/a> &#8211; pouvant atteindre 50\u00a0% &#8211; entreraient en vigueur le 1er\u00a0ao\u00fbt. L\u2019\u00e9ch\u00e9ance du 9\u00a0juillet pour la mise en place de ces droits punitifs avait auparavant \u00e9t\u00e9 mentionn\u00e9e mais le pr\u00e9sident Donald Trump a annonc\u00e9 vendredi, sans autre d\u00e9tail, que <a href=\"https:\/\/www.20minutes.fr\/monde\/etats-unis\/4149696-20250422-droits-douane-trump-jusque-3-521-etats-unis-envisagent-taxes-stratospheriques-asie-sud\" target=\"_blank\" class=\"color-ultramarine c-link\" rel=\"nofollow noopener\">les pays concern\u00e9s commenceraient \u00e0 payer \u00e0 partir du 1er\u00a0ao\u00fbt.<\/a><\/p>\n<\/p>\n<p>Interrog\u00e9 sur la cha\u00eene d\u2019information CNN sur ce qu\u2019il allait se passer mercredi, Tr\u00e9sor Scott Bessent a r\u00e9pondu\u00a0: \u00ab\u00a0Nous allons \u00eatre tr\u00e8s occup\u00e9s pendant les prochaines 72 heures\u00a0\u00bb. Et d\u2019insister\u00a0: \u00ab\u00a0Le pr\u00e9sident Trump va envoyer des courriers \u00e0 certains de nos partenaires commerciaux disant que s\u2019ils ne font pas avancer les choses alors, le 1er\u00a0ao\u00fbt, ils retourneront tel un <a href=\"https:\/\/www.20minutes.fr\/monde\/etats-unis\/4152941-20250512-droits-douane-etats-unis-chine-vont-suspendre-90-jours-guerre-commerciale\" target=\"_blank\" class=\"color-ultramarine c-link\" rel=\"nofollow noopener\">boomerang au niveau des droits de douane<\/a> du 2\u00a0avril.\u00a0\u00bb<\/p>\n<p>\u00ab\u00a0Vous allez voir beaucoup d\u2019accord tr\u00e8s rapidement\u00a0\u00bb<\/p>\n<p>\u00ab\u00a0Par cons\u00e9quent, je pense que vous allez voir beaucoup d\u2019accords tr\u00e8s rapidement\u00a0\u00bb, a-t-il ajout\u00e9, anticipant \u00ab\u00a0plusieurs annonces importantes dans les prochains jours\u00a0\u00bb malgr\u00e9 \u00ab\u00a0beaucoup de r\u00e9sistance en face\u00a0\u00bb. \u00ab\u00a0La strat\u00e9gie (am\u00e9ricaine) est d\u2019appliquer un maximum de pression\u00a0\u00bb, a-t-il expliqu\u00e9, citant en exemple l\u2019<a href=\"https:\/\/www.20minutes.fr\/dossier\/ue\" class=\"color-ultramarine c-link\" rel=\"nofollow noopener\" target=\"_blank\">Union europ\u00e9enne<\/a>.<\/p>\n<p>\u00ab\u00a0L\u2019Union europ\u00e9enne a \u00e9t\u00e9 tr\u00e8s lente \u00e0 venir \u00e0 la table des n\u00e9gociations jusqu\u2019\u00e0 ce que, il y a trois semaines, un vendredi matin, le pr\u00e9sident Trump menace de 50\u00a0% de droits de douane\u00a0\u00bb, a relat\u00e9 le ministre. \u00ab\u00a0Dans les heures qui ont suivi, cinq dirigeants europ\u00e9ens l\u2019ont appel\u00e9 et Ursula von der Leyen, la chef de l\u2019UE, \u00e9tait au t\u00e9l\u00e9phone\u00a0\u00bb. \u00ab\u00a0L\u2019UE fait de tr\u00e8s bons progr\u00e8s\u00a0\u00bb, a-t-il not\u00e9.<\/p>\n<p>Selon lui, \u00ab\u00a0probablement une centaine de lettres vont \u00eatre envoy\u00e9es \u00e0 des petits pays avec lesquels nous ne commer\u00e7ons pas beaucoup\u00a0\u00bb, mais l\u2019administration \u00ab\u00a0se concentre\u00a0\u00bb sur les \u00ab\u00a0dix-huit importantes relations commerciales qui repr\u00e9sentent 95\u00a0% de notre d\u00e9ficit\u00a0\u00bb commercial.<\/p>\n","protected":false},"excerpt":{"rendered":"Plein tarif\u00a0! Le ministre am\u00e9ricain du Tr\u00e9sor Scott Bessent a affirm\u00e9 ce dimanche que faute d\u2019accord avec les&hellip;\n","protected":false},"author":2,"featured_media":231502,"comment_status":"","ping_status":"","sticky":false,"template":"","format":"standard","meta":{"footnotes":""},"categories":[5],"tags":[47,11,981,33742,73,1011,27,14,74,12,28],"class_list":{"0":"post-231501","1":"post","2":"type-post","3":"status-publish","4":"format-standard","5":"has-post-thumbnail","7":"category-international","8":"tag-actualite","9":"tag-actualites","10":"tag-douane","11":"tag-droits-de-douane-americains","12":"tag-etats-unis","13":"tag-fr","14":"tag-france","15":"tag-international","16":"tag-monde","17":"tag-news","18":"tag-world"},"share_on_mastodon":{"url":"https:\/\/pubeurope.com\/@fr\/114809017710858447","error":""},"_links":{"self":[{"href":"https:\/\/www.europesays.com\/fr\/wp-json\/wp\/v2\/posts\/231501","targetHints":{"allow":["GET"]}}],"collection":[{"href":"https:\/\/www.europesays.com\/fr\/wp-json\/wp\/v2\/posts"}],"about":[{"href":"https:\/\/www.europesays.com\/fr\/wp-json\/wp\/v2\/types\/post"}],"author":[{"embeddable":true,"href":"https:\/\/www.europesays.com\/fr\/wp-json\/wp\/v2\/users\/2"}],"replies":[{"embeddable":true,"href":"https:\/\/www.europesays.com\/fr\/wp-json\/wp\/v2\/comments?post=231501"}],"version-history":[{"count":0,"href":"https:\/\/www.europesays.com\/fr\/wp-json\/wp\/v2\/posts\/231501\/revisions"}],"wp:featuredmedia":[{"embeddable":true,"href":"https:\/\/www.europesays.com\/fr\/wp-json\/wp\/v2\/media\/231502"}],"wp:attachment":[{"href":"https:\/\/www.europesays.com\/fr\/wp-json\/wp\/v2\/media?parent=231501"}],"wp:term":[{"taxonomy":"category","embeddable":true,"href":"https:\/\/www.europesays.com\/fr\/wp-json\/wp\/v2\/categories?post=231501"},{"taxonomy":"post_tag","embeddable":true,"href":"https:\/\/www.europesays.com\/fr\/wp-json\/wp\/v2\/tags?post=231501"}],"curies":[{"name":"wp","href":"https:\/\/api.w.org\/{rel}","templated":true}]}}