{"id":231509,"date":"2025-07-07T00:08:58","date_gmt":"2025-07-07T00:08:58","guid":{"rendered":"https:\/\/www.europesays.com\/fr\/231509\/"},"modified":"2025-07-07T00:08:58","modified_gmt":"2025-07-07T00:08:58","slug":"nancy-lycee-henri-loritz-bac-2025-mention-tres-bien-aloys-anciaux-18-ans-bac-general","status":"publish","type":"post","link":"https:\/\/www.europesays.com\/fr\/231509\/","title":{"rendered":"Nancy, lyc\u00e9e Henri-Loritz | Bac 2025 Mention Tr\u00e8s Bien. Aloys Anciaux, 18 ans, bac g\u00e9n\u00e9ral"},"content":{"rendered":"<p>Aloys Anciaux, 18 ans, r\u00e9sidant \u00e0 Saint-Nicolas-de-Port, a d\u00e9croch\u00e9 son bac g\u00e9n\u00e9ral en Physique\/SVT option maths compl\u00e9mentaire avec mention tr\u00e8s bien. Il a eu la moyenne de 16,54. Passionn\u00e9 par les sports et le piano, il a obtenu la note de 20 en SVT, sa mati\u00e8re pr\u00e9f\u00e9r\u00e9e. Aloys pratique la musculation et le tennis, activit\u00e9s qui lui permettent de se d\u00e9tendre et de maintenir une bonne condition physique. Heureux, soulag\u00e9 et fier d&rsquo;avoir obtenu cette mention, il se pr\u00e9pare \u00e0 int\u00e9grer des \u00e9tudes de m\u00e9decine pour devenir m\u00e9decin l\u00e9giste. Cet \u00e9t\u00e9, il pr\u00e9voit de se reposer, de pr\u00e9parer la rentr\u00e9e et de profiter.<\/p>\n<p>\u270e R\u00e9dig\u00e9 avec l&rsquo;aide d&rsquo;outils IA et v\u00e9rifi\u00e9 par un journaliste \ud83d\udec8 En savoir plus avec la charte IA d&rsquo;Ebra.<\/p>\n","protected":false},"excerpt":{"rendered":"Aloys Anciaux, 18 ans, r\u00e9sidant \u00e0 Saint-Nicolas-de-Port, a d\u00e9croch\u00e9 son bac g\u00e9n\u00e9ral en Physique\/SVT option maths compl\u00e9mentaire avec&hellip;\n","protected":false},"author":2,"featured_media":231510,"comment_status":"","ping_status":"","sticky":false,"template":"","format":"standard","meta":{"footnotes":""},"categories":[9635],"tags":[1111,11,36609,1704,1057,1777,674,10961,1011,27,775,1702,1703,12,25],"class_list":{"0":"post-231509","1":"post","2":"type-post","3":"status-publish","4":"format-standard","5":"has-post-thumbnail","7":"category-nancy","8":"tag-actu","9":"tag-actualites","10":"tag-baccalaureat-mention-tres-bien","11":"tag-edition-nancy-et-agglomeration","12":"tag-education","13":"tag-eu","14":"tag-europe","15":"tag-examen-diplome","16":"tag-fr","17":"tag-france","18":"tag-grand-est","19":"tag-nancy","20":"tag-nancy-ville-54b","21":"tag-news","22":"tag-republique-francaise"},"share_on_mastodon":{"url":"https:\/\/pubeurope.com\/@fr\/114809049116420469","error":""},"_links":{"self":[{"href":"https:\/\/www.europesays.com\/fr\/wp-json\/wp\/v2\/posts\/231509","targetHints":{"allow":["GET"]}}],"collection":[{"href":"https:\/\/www.europesays.com\/fr\/wp-json\/wp\/v2\/posts"}],"about":[{"href":"https:\/\/www.europesays.com\/fr\/wp-json\/wp\/v2\/types\/post"}],"author":[{"embeddable":true,"href":"https:\/\/www.europesays.com\/fr\/wp-json\/wp\/v2\/users\/2"}],"replies":[{"embeddable":true,"href":"https:\/\/www.europesays.com\/fr\/wp-json\/wp\/v2\/comments?post=231509"}],"version-history":[{"count":0,"href":"https:\/\/www.europesays.com\/fr\/wp-json\/wp\/v2\/posts\/231509\/revisions"}],"wp:featuredmedia":[{"embeddable":true,"href":"https:\/\/www.europesays.com\/fr\/wp-json\/wp\/v2\/media\/231510"}],"wp:attachment":[{"href":"https:\/\/www.europesays.com\/fr\/wp-json\/wp\/v2\/media?parent=231509"}],"wp:term":[{"taxonomy":"category","embeddable":true,"href":"https:\/\/www.europesays.com\/fr\/wp-json\/wp\/v2\/categories?post=231509"},{"taxonomy":"post_tag","embeddable":true,"href":"https:\/\/www.europesays.com\/fr\/wp-json\/wp\/v2\/tags?post=231509"}],"curies":[{"name":"wp","href":"https:\/\/api.w.org\/{rel}","templated":true}]}}