{"id":231517,"date":"2025-07-07T00:22:11","date_gmt":"2025-07-07T00:22:11","guid":{"rendered":"https:\/\/www.europesays.com\/fr\/231517\/"},"modified":"2025-07-07T00:22:11","modified_gmt":"2025-07-07T00:22:11","slug":"previsions-du-lundi-7-juillet-2025-5","status":"publish","type":"post","link":"https:\/\/www.europesays.com\/fr\/231517\/","title":{"rendered":"pr\u00e9visions du lundi 7 juillet 2025"},"content":{"rendered":"<p>Aujourd&rsquo;hui, il est possible que de petites averses \u00e9clatent \u00e0 Strasbourg. On anticipe des valeurs avoisinant 17\u00b0C. Un vent de sud-ouest soufflera l\u00e9g\u00e8rement, avec 18 km\/h dans la matin\u00e9e. Les temp\u00e9ratures s&rsquo;\u00e9chelonneront entre 17 et 21\u00b0C l&rsquo;apr\u00e8s-midi. Des averses sont annonc\u00e9es le soir, et peuvent perturber les promenades. On passera de lundi \u00e0 mardi par une nuit pluvieuse.<\/p>\n<p>La grisaille ne se dissipe toujours pas, il va y avoir encore des nuages demain. Une baisse des temp\u00e9ratures est attendue \u00e0 Strasbourg. Les valeurs afficheront entre 12 et 19\u00b0C. Les nuages en pr\u00e9vision le matin, et un ciel encore gris. Des pluies \u00e9parses sont pr\u00e9vues. Il fera 16\u00b0C en moyenne. Un l\u00e9ger vent de nord-ouest sera ressenti par les habitants. De l\u00e9g\u00e8res averses auront lieu au cours de l&rsquo;apr\u00e8s-midi. Les maximales atteindront les 19\u00b0C et les minimales seront de 17\u00b0C. Demain soir, toujours des nuages dans le ciel qui emp\u00eachent le soleil de faire son apparition. Il faudra s&rsquo;attendre \u00e0 des perturbations, les Strasbourgeois se retrouveront sous des pluies \u00e9parses. Le mercure affichera 15\u00b0C en moyenne. Une brise de sud soufflera doucement.<\/p>\n<p>Une am\u00e9lioration est \u00e0 pr\u00e9voir les jours qui suivent. Des temp\u00e9ratures dans les 25\u00b0C iront de pair avec un ciel ensoleill\u00e9.<\/p>\n<p><\/p>\n","protected":false},"excerpt":{"rendered":"Aujourd&rsquo;hui, il est possible que de petites averses \u00e9clatent \u00e0 Strasbourg. On anticipe des valeurs avoisinant 17\u00b0C. Un&hellip;\n","protected":false},"author":2,"featured_media":231518,"comment_status":"","ping_status":"","sticky":false,"template":"","format":"standard","meta":{"footnotes":""},"categories":[2820],"tags":[1111,11,2389,2649,1777,674,1011,27,775,12,2119,25,640],"class_list":{"0":"post-231517","1":"post","2":"type-post","3":"status-publish","4":"format-standard","5":"has-post-thumbnail","7":"category-strasbourg","8":"tag-actu","9":"tag-actualites","10":"tag-alsace","11":"tag-bas-rhin","12":"tag-eu","13":"tag-europe","14":"tag-fr","15":"tag-france","16":"tag-grand-est","17":"tag-news","18":"tag-previsions-meteo","19":"tag-republique-francaise","20":"tag-strasbourg"},"share_on_mastodon":{"url":"https:\/\/pubeurope.com\/@fr\/114809100385386750","error":""},"_links":{"self":[{"href":"https:\/\/www.europesays.com\/fr\/wp-json\/wp\/v2\/posts\/231517","targetHints":{"allow":["GET"]}}],"collection":[{"href":"https:\/\/www.europesays.com\/fr\/wp-json\/wp\/v2\/posts"}],"about":[{"href":"https:\/\/www.europesays.com\/fr\/wp-json\/wp\/v2\/types\/post"}],"author":[{"embeddable":true,"href":"https:\/\/www.europesays.com\/fr\/wp-json\/wp\/v2\/users\/2"}],"replies":[{"embeddable":true,"href":"https:\/\/www.europesays.com\/fr\/wp-json\/wp\/v2\/comments?post=231517"}],"version-history":[{"count":0,"href":"https:\/\/www.europesays.com\/fr\/wp-json\/wp\/v2\/posts\/231517\/revisions"}],"wp:featuredmedia":[{"embeddable":true,"href":"https:\/\/www.europesays.com\/fr\/wp-json\/wp\/v2\/media\/231518"}],"wp:attachment":[{"href":"https:\/\/www.europesays.com\/fr\/wp-json\/wp\/v2\/media?parent=231517"}],"wp:term":[{"taxonomy":"category","embeddable":true,"href":"https:\/\/www.europesays.com\/fr\/wp-json\/wp\/v2\/categories?post=231517"},{"taxonomy":"post_tag","embeddable":true,"href":"https:\/\/www.europesays.com\/fr\/wp-json\/wp\/v2\/tags?post=231517"}],"curies":[{"name":"wp","href":"https:\/\/api.w.org\/{rel}","templated":true}]}}