{"id":231526,"date":"2025-07-07T00:28:11","date_gmt":"2025-07-07T00:28:11","guid":{"rendered":"https:\/\/www.europesays.com\/fr\/231526\/"},"modified":"2025-07-07T00:28:11","modified_gmt":"2025-07-07T00:28:11","slug":"previsions-du-lundi-7-juillet-2025-6","status":"publish","type":"post","link":"https:\/\/www.europesays.com\/fr\/231526\/","title":{"rendered":"pr\u00e9visions du lundi 7 juillet 2025"},"content":{"rendered":"<p>\u00c0 Bordeaux, les temp\u00e9ratures tourneront autour des 20\u00b0C au cours de la journ\u00e9e. Il sera difficile de rester au sec car de la pluie est pr\u00e9vue dans la matin\u00e9e. Un vent d&rsquo;ouest soufflera l\u00e9g\u00e8rement, avec 17 km\/h. Dans l&rsquo;apr\u00e8s-midi, des pluies \u00e9parses sont pr\u00e9vues. Les valeurs s&rsquo;\u00e9chelonneront entre 21\u00b0C et 23\u00b0C. Un vent de nord-ouest, enregistrant 24 km\/h, soufflera. Dans la soir\u00e9e, les temp\u00e9ratures tourneront autour des 20\u00b0C. On passera de lundi \u00e0 mardi par une nuit claire.<\/p>\n<p>Un bel ensoleillement est attendu demain \u00e0 Bordeaux. Le thermom\u00e8tre affichera 20\u00b0C en moyenne. Un l\u00e9ger vent de nord-ouest sera ressenti par les habitants. Il fera environ 21\u00b0C, le matin. Les temp\u00e9ratures vont conna\u00eetre une augmentation de plusieurs degr\u00e9s dans l&rsquo;apr\u00e8s-midi. Les valeurs seront comprises entre 25 et 27\u00b0C. Demain soir, on pr\u00e9voit des valeurs d&rsquo;environ 21\u00b0C.<\/p>\n<p>Le temps restera stable les jours \u00e0 venir. Des temp\u00e9ratures dans les 34\u00b0C iront de pair avec un ciel ensoleill\u00e9.<\/p>\n<p><\/p>\n","protected":false},"excerpt":{"rendered":"\u00c0 Bordeaux, les temp\u00e9ratures tourneront autour des 20\u00b0C au cours de la journ\u00e9e. Il sera difficile de rester&hellip;\n","protected":false},"author":2,"featured_media":231527,"comment_status":"","ping_status":"","sticky":false,"template":"","format":"standard","meta":{"footnotes":""},"categories":[2817],"tags":[1111,11,3177,1997,1777,674,1011,27,2905,12,2219,2119,25],"class_list":{"0":"post-231526","1":"post","2":"type-post","3":"status-publish","4":"format-standard","5":"has-post-thumbnail","7":"category-bordeaux","8":"tag-actu","9":"tag-actualites","10":"tag-aquitaine","11":"tag-bordeaux","12":"tag-eu","13":"tag-europe","14":"tag-fr","15":"tag-france","16":"tag-gironde","17":"tag-news","18":"tag-nouvelle-aquitaine","19":"tag-previsions-meteo","20":"tag-republique-francaise"},"share_on_mastodon":{"url":"https:\/\/pubeurope.com\/@fr\/114809123842533954","error":""},"_links":{"self":[{"href":"https:\/\/www.europesays.com\/fr\/wp-json\/wp\/v2\/posts\/231526","targetHints":{"allow":["GET"]}}],"collection":[{"href":"https:\/\/www.europesays.com\/fr\/wp-json\/wp\/v2\/posts"}],"about":[{"href":"https:\/\/www.europesays.com\/fr\/wp-json\/wp\/v2\/types\/post"}],"author":[{"embeddable":true,"href":"https:\/\/www.europesays.com\/fr\/wp-json\/wp\/v2\/users\/2"}],"replies":[{"embeddable":true,"href":"https:\/\/www.europesays.com\/fr\/wp-json\/wp\/v2\/comments?post=231526"}],"version-history":[{"count":0,"href":"https:\/\/www.europesays.com\/fr\/wp-json\/wp\/v2\/posts\/231526\/revisions"}],"wp:featuredmedia":[{"embeddable":true,"href":"https:\/\/www.europesays.com\/fr\/wp-json\/wp\/v2\/media\/231527"}],"wp:attachment":[{"href":"https:\/\/www.europesays.com\/fr\/wp-json\/wp\/v2\/media?parent=231526"}],"wp:term":[{"taxonomy":"category","embeddable":true,"href":"https:\/\/www.europesays.com\/fr\/wp-json\/wp\/v2\/categories?post=231526"},{"taxonomy":"post_tag","embeddable":true,"href":"https:\/\/www.europesays.com\/fr\/wp-json\/wp\/v2\/tags?post=231526"}],"curies":[{"name":"wp","href":"https:\/\/api.w.org\/{rel}","templated":true}]}}