{"id":231532,"date":"2025-07-07T00:32:32","date_gmt":"2025-07-07T00:32:32","guid":{"rendered":"https:\/\/www.europesays.com\/fr\/231532\/"},"modified":"2025-07-07T00:32:32","modified_gmt":"2025-07-07T00:32:32","slug":"on-ne-peut-pas-laisser-passer-apres-une-expedition-punitive-contre-un-medecin-a-lille-ses-collegues-en-greve","status":"publish","type":"post","link":"https:\/\/www.europesays.com\/fr\/231532\/","title":{"rendered":"\u00ab\u00a0On ne peut pas laisser passer\u00a0\u00bb : apr\u00e8s une exp\u00e9dition punitive contre un m\u00e9decin \u00e0 Lille, ses coll\u00e8gues en gr\u00e8ve"},"content":{"rendered":"<ul class=\"jsx-862013697 ArticleChapo__List\">\n<li class=\"jsx-862013697 ArticleChapo__List_Item flex\">\u00c0 Lille, les patients qui se rendent \u00e0 la permanence de SOS M\u00e9decins trouvent porte close depuis le 3 juillet.<\/li>\n<li class=\"jsx-862013697 ArticleChapo__List_Item flex\">Un praticien, en consultation, a \u00e9t\u00e9 frapp\u00e9 par les proches d&rsquo;une patiente m\u00e9contente.<\/li>\n<li class=\"jsx-862013697 ArticleChapo__List_Item flex\">Ses coll\u00e8gues ont d\u00e9cid\u00e9 de suspendre l&rsquo;activit\u00e9 par solidarit\u00e9.<\/li>\n<\/ul>\n<p><a href=\"https:\/\/www.tf1info.fr\/emissions\/tf1\/le-20h-11001\/\" rel=\"noopener\" class=\"jsx-484472199 Link jsx-1428418400 jsx-640816507\" target=\"_blank\"><\/p>\n<p style=\"font-weight:400\" class=\"jsx-1837267516\">Suivez la couverture compl\u00e8te<\/p>\n<p style=\"font-weight:800\" class=\"jsx-1837267516\">Le 20H<\/p>\n<p><\/a><\/p>\n<p data-module=\"article-paragraph\" class=\"jsx-3046738180 Paragraph Paragraph__End\">Yann Lim, le pr\u00e9sident de SOS M\u00e9decins Lille, est encore sous le choc. Mercredi 2 juillet, <a href=\"https:\/\/www.tf1info.fr\/sante\/agressions-menaces-ordre-des-medecins-les-actes-de-violences-visant-les-medecins-en-hausse-de-27-en-2023-2327574.html\" target=\"_blank\" rel=\"noopener\">un m\u00e9decin a \u00e9t\u00e9 agress\u00e9<\/a> \u00e0 son cabinet. Il raconte : \u00ab\u00a0Ils sont arriv\u00e9s directement jusqu&rsquo;\u00e0 son cabinet. Ils sont entr\u00e9s, ont fait sortir les gens et se sont enferm\u00e9s avec le m\u00e9decin\u00a0\u00bb, d\u00e9taille-t-il dans le reportage en t\u00eate de cet article. Il se passe ensuite deux minutes durant lesquelles le m\u00e9decin affirme avoir \u00e9t\u00e9 frapp\u00e9 par deux hommes. Selon ses propres termes, il s&rsquo;est vu mourir.\u00a0<\/p>\n<blockquote class=\"jsx-2786790838 Quote__Text\"><p>Je suis d\u00e9vast\u00e9, tr\u00e8s affect\u00e9, totalement surpris, on est d\u00e9muni, voil\u00e0<\/p><\/blockquote>\n<p>Yann Lim, pr\u00e9sident de SOS M\u00e9decins Lille<\/p>\n<p data-module=\"article-paragraph\" class=\"jsx-3046738180 Paragraph\">Dans le cabinet de SOS M\u00e9decin \u00e0 Lille, tous les confr\u00e8res du soignant sont abasourdis. \u00ab\u00a0Je suis d\u00e9vast\u00e9, tr\u00e8s affect\u00e9, totalement surpris, on est d\u00e9muni, voil\u00e0. Donc, on n&rsquo;a pas la ma\u00eetrise de la situation, on ne peut pas laisser passer ce genre d&rsquo;\u00e9v\u00e9nement sans dire quelque chose, sans faire quelque chose\u00a0\u00bb, ajoute Yann Lim. Alors depuis 48 heures, le cabinet est <a href=\"https:\/\/www.tf1info.fr\/societe\/sos-medecins-l-antenne-de-lille-suspend-ses-activites-apres-une-agression-qualifiee-de-mission-punitive-et-des-menaces-de-mort-2380921.html\" target=\"_blank\" rel=\"noopener\">en gr\u00e8ve<\/a>, ferm\u00e9. Selon des premiers \u00e9l\u00e9ments, une patiente \u00e9tait venue dans la matin\u00e9e. M\u00e9contente de sa consultation, elle a envoy\u00e9 deux de ses proches pour mener une exp\u00e9dition punitive.\u00a0<\/p>\n<p data-module=\"article-paragraph\" class=\"jsx-3046738180 Paragraph Paragraph__End\">Les patients, qui trouvent porte close, se sont tous montr\u00e9s affect\u00e9s et surtout solidaires. \u00ab\u00a0Les gens qui travaillent ici sont vraiment sympas, ils sont respectueux\u00a0\u00bb, assure une m\u00e8re de famille. \u00ab\u00a0C&rsquo;est des m\u00e9decins, ils sont l\u00e0 pour notre bien avant tout et c&rsquo;est ridicule, je trouve\u00a0\u00bb, rench\u00e9rit un jeune homme. Un autre trouve cet acte \u00ab\u00a0vraiment d\u00e9plorable\u00a0\u00bb. La victime est \u00e2g\u00e9e d&rsquo;une soixantaine d&rsquo;ann\u00e9es, aguerrie \u00e0 l&rsquo;urgence et aussi \u00e0 certains actes de violence. Mais ce vendredi soir, il a confi\u00e9 \u00e0 ses confr\u00e8res \u00eatre en profonde d\u00e9tresse psychologique.<\/p>\n<p><a href=\"https:\/\/www.tf1info.fr\/sante\/video-temoignages-une-tension-permanente-de-plus-en-plus-de-medecins-agresses-des-cabinets-prennent-des-mesures-2327464.html\" rel=\"noopener\" class=\"jsx-3308031228 Link flex\" target=\"_blank\"><img decoding=\"async\" src=\"https:\/\/www.europesays.com\/fr\/wp-content\/uploads\/2025\/07\/capture-medecins-3-798027-0@1x.jpeg\" alt=\"TF1\" loading=\"lazy\" importance=\"low\" fetchpriority=\"low\" class=\"\" aria-hidden=\"true\"\/><\/p>\n<p class=\"jsx-3657663356 ReadMoreArticle__Title\">Lire aussi<\/p>\n<p class=\"jsx-3657663356\">\u00ab\u00a0Une tension permanente\u00a0\u00bb : de plus en plus de m\u00e9decins agress\u00e9s, des cabinets prennent des mesures<\/p>\n<p><\/a><\/p>\n<p data-module=\"article-paragraph\" class=\"jsx-3046738180 Paragraph\">Et depuis ce jeudi 3 juillet, tous les cabinets de SOS m\u00e9decins de la m\u00e9tropole lilloise exercent leurs droits de retrait. Ils sont en gr\u00e8ve par solidarit\u00e9. \u00ab\u00a0Nous ne sommes pas l\u00e0 pour \u00eatre insult\u00e9s, vilipend\u00e9s, maltrait\u00e9s. On pr\u00e9m\u00e9dite quelque chose et parce qu&rsquo;on n&rsquo;a pas \u00e9t\u00e9 content de la d\u00e9cision du m\u00e9decin, on d\u00e9cide de venir lui casser la gueule dans son cabinet\u00a0\u00bb, s&rsquo;insurge Serge Bomoko, le pr\u00e9sident de SOS M\u00e9decins Roubaix.\u00a0<\/p>\n<p data-module=\"article-paragraph\" class=\"jsx-3046738180 Paragraph Paragraph__End\">En 20 ans, les actes de violence \u00e0 l&rsquo;encontre des m\u00e9decins ont tripl\u00e9. Dans le Nord, on compte d\u00e9j\u00e0 216 agressions depuis le d\u00e9but de l&rsquo;ann\u00e9e.<\/p>\n<p>La r\u00e9daction de TF1info | Reportage TF1 :  Marion FIAT et Bora AGIRBAS <\/p>\n","protected":false},"excerpt":{"rendered":"\u00c0 Lille, les patients qui se rendent \u00e0 la permanence de SOS M\u00e9decins trouvent porte close depuis le&hellip;\n","protected":false},"author":2,"featured_media":231533,"comment_status":"","ping_status":"","sticky":false,"template":"","format":"standard","meta":{"footnotes":""},"categories":[2815],"tags":[1111,11,1921,1777,674,1011,27,18677,811,1922,2954,2952,1307,224,12,37058,25,133,2953],"class_list":{"0":"post-231532","1":"post","2":"type-post","3":"status-publish","4":"format-standard","5":"has-post-thumbnail","7":"category-lille","8":"tag-actu","9":"tag-actualites","10":"tag-article-video","11":"tag-eu","12":"tag-europe","13":"tag-fr","14":"tag-france","15":"tag-greves","16":"tag-hauts-de-france","17":"tag-info","18":"tag-justice-et-faits-divers","19":"tag-le-20h","20":"tag-lille","21":"tag-medecine","22":"tag-news","23":"tag-organismes-et-etablissements-de-sante","24":"tag-republique-francaise","25":"tag-video","26":"tag-video-police"},"share_on_mastodon":{"url":"https:\/\/pubeurope.com\/@fr\/114809139606349324","error":""},"_links":{"self":[{"href":"https:\/\/www.europesays.com\/fr\/wp-json\/wp\/v2\/posts\/231532","targetHints":{"allow":["GET"]}}],"collection":[{"href":"https:\/\/www.europesays.com\/fr\/wp-json\/wp\/v2\/posts"}],"about":[{"href":"https:\/\/www.europesays.com\/fr\/wp-json\/wp\/v2\/types\/post"}],"author":[{"embeddable":true,"href":"https:\/\/www.europesays.com\/fr\/wp-json\/wp\/v2\/users\/2"}],"replies":[{"embeddable":true,"href":"https:\/\/www.europesays.com\/fr\/wp-json\/wp\/v2\/comments?post=231532"}],"version-history":[{"count":0,"href":"https:\/\/www.europesays.com\/fr\/wp-json\/wp\/v2\/posts\/231532\/revisions"}],"wp:featuredmedia":[{"embeddable":true,"href":"https:\/\/www.europesays.com\/fr\/wp-json\/wp\/v2\/media\/231533"}],"wp:attachment":[{"href":"https:\/\/www.europesays.com\/fr\/wp-json\/wp\/v2\/media?parent=231532"}],"wp:term":[{"taxonomy":"category","embeddable":true,"href":"https:\/\/www.europesays.com\/fr\/wp-json\/wp\/v2\/categories?post=231532"},{"taxonomy":"post_tag","embeddable":true,"href":"https:\/\/www.europesays.com\/fr\/wp-json\/wp\/v2\/tags?post=231532"}],"curies":[{"name":"wp","href":"https:\/\/api.w.org\/{rel}","templated":true}]}}