{"id":231538,"date":"2025-07-07T00:35:17","date_gmt":"2025-07-07T00:35:17","guid":{"rendered":"https:\/\/www.europesays.com\/fr\/231538\/"},"modified":"2025-07-07T00:35:17","modified_gmt":"2025-07-07T00:35:17","slug":"lyon-la-metropole-somme-une-mere-isolee-de-rembourser-15-000-e-de-rsa-la-justice-tranche","status":"publish","type":"post","link":"https:\/\/www.europesays.com\/fr\/231538\/","title":{"rendered":"Lyon. La M\u00e9tropole somme une m\u00e8re isol\u00e9e de rembourser 15 000 \u20ac de RSA, la justice tranche"},"content":{"rendered":"<p>            Par<br \/>\n        <strong><br \/>\n            <a href=\"https:\/\/actu.fr\/auteur\/redaction-lyon\" title=\"Consulter tous les articles de R\u00e9daction Lyon\" target=\"_blank\" rel=\"noopener\">R\u00e9daction Lyon<\/a><br \/>\n        <\/strong><\/p>\n<p>        Publi\u00e9 le<\/p>\n<p>            6 juil. 2025 \u00e0 6h02        <\/p>\n<p>Le tribunal administratif de Lyon a rendu une d\u00e9cision concernant une \u00ab\u00a0m\u00e8re isol\u00e9e\u00a0\u00bb \u00e0 qui la <a href=\"https:\/\/actu.fr\/auvergne-rhone-alpes\/lyon_69123\/lyon-velos-voiture-ce-mauvais-compromis-de-la-metropole-enerve-tout-le-monde_62843843.html\" target=\"_blank\" rel=\"noopener\">M\u00e9tropole de Lyon<\/a> (Rh\u00f4ne) r\u00e9clamait le remboursement de pr\u00e8s de <strong>15 000 \u20ac<\/strong> de Revenu de solidarit\u00e9 active (<a href=\"https:\/\/actu.fr\/economie\/rsa-et-controle-des-chomeurs-france-travail-serre-la-vis-de-nouvelles-sanctions-entrent-en-vigueur_62715570.html\" target=\"_blank\" rel=\"noopener\">RSA<\/a>) apr\u00e8s qu\u2019elle a repris ses \u00e9tudes pour travailler en cr\u00e8che. <br \/>La justice a \u00e9galement tranch\u00e9 sur deux primes exceptionnelles de fin d\u2019ann\u00e9e vers\u00e9es par la Caisse d\u2019allocations familiales (Caf).<\/p>\n<p class=\" wall-content\">La requ\u00e9rante avait en effet \u00e9t\u00e9 consid\u00e9r\u00e9e comme \u00ab\u00a0\u00e9tudiante\u00a0\u00bb apr\u00e8s avoir suivi une \u00ab\u00a0formation \u00e0 distance\u00a0\u00bb, alors que le Code de l\u2019action sociale et des familles (CASF) conditionne le b\u00e9n\u00e9fice du RSA au fait d\u2019avoir \u00ab\u00a025 ans\u00a0\u00bb au moins, d\u2019assumer \u00ab\u00a0la charge d\u2019un ou plusieurs enfants n\u00e9s ou \u00e0 na\u00eetre\u00a0\u00bb et surtout de \u00ab\u00a0ne pas \u00eatre \u00e9l\u00e8ve, \u00e9tudiant ou stagiaire\u00a0\u00bb\u2026<\/p>\n<p class=\" wall-content\">Une d\u00e9rogation est toutefois toujours possible en cas de \u00ab\u00a0situation exceptionnelle\u00a0\u00bb et si \u00ab\u00a0l\u2019insertion sociale et professionnelle du demandeur le justifie\u00a0\u00bb, pr\u00e9cisent les textes.<\/p>\n<p>Une m\u00e8re isol\u00e9e \u00ab\u00a0motiv\u00e9e par ses \u00e9tudes\u00a0\u00bb qui obtient un CDD<\/p>\n<p class=\" wall-content\">En l\u2019occurrence, dans ce dossier, la requ\u00e9rante avait donc suivi entre 2019 et 2022 cette \u00ab\u00a0formation \u00e0 distance\u00a0\u00bb pour pr\u00e9parer le CAP \u00ab\u00a0Accompagnant \u00c9ducatif Petite Enfance Professionnel ATSEM\u00a0\u00bb.<\/p>\n<p class=\" wall-content\">\u00ab\u00a0Dans le cadre de la demande de l\u2019octroi d\u2019une d\u00e9rogation, la cheffe du service social [de la M\u00e9tropole de Lyon, NDLR] a d\u00e9livr\u00e9 un avis favorable au regard des remarques du r\u00e9f\u00e9rent sur l\u2019accompagnement\u00a0\u00bb, rappelle le tribunal administratif de Lyon dans un jugement en date du 12 juin 2025 qui vient d\u2019\u00eatre rendu public.<\/p>\n<p class=\" wall-content\">Ce r\u00e9f\u00e9rent indiquait en effet que cette \u00ab\u00a0m\u00e8re isol\u00e9e\u00a0\u00bb \u00e9tait \u00ab\u00a0tr\u00e8s motiv\u00e9e par ses \u00e9tudes\u00a0\u00bb et par ce \u00ab\u00a0projet\u00a0\u00bb de travailler en cr\u00e8che, et qu\u2019elle \u00ab\u00a0faisait preuve de discipline, rigueur et respect\u00a0\u00bb de ses engagements, m\u00eame si elle n\u2019avait pas pu valider sa \u00ab\u00a0p\u00e9riode de stage obligatoire\u00a0\u00bb \u00e0 cause des \u00ab\u00a0contraintes sanitaires li\u00e9es \u00e0 l\u2019\u00e9pid\u00e9mie de Covid-19\u00a0\u00bb.<\/p>\n<p class=\" wall-content\">\u00ab\u00a0Son <strong>projet d\u2019\u00e9tudes lui permettrait d\u2019obtenir un emploi<\/strong> dans une cr\u00e8che d\u00e8s l\u2019obtention de son dipl\u00f4me\u00a0\u00bb, pr\u00e9disait le fonctionnaire.<\/p>\n<p class=\" wall-content\">\u00ab\u00a0Il n\u2019est pas contest\u00e9 que la requ\u00e9rante, ayant la qualit\u00e9 de parent isol\u00e9, a en effet obtenu un contrat \u00e0 dur\u00e9e d\u00e9termin\u00e9e d\u00e8s le 5 septembre 2022 pour exercer en qualit\u00e9 d\u2019auxiliaire de cr\u00e8che pendant un peu plus d\u2019un an\u00a0\u00bb, constatent les juges lyonnais.<\/p>\n<p>Elle conserve l\u2019argent du RSA et les primes de la Caf<\/p>\n<p class=\" wall-content\">\u00ab\u00a0Dans les circonstances de l\u2019esp\u00e8ce, et alors m\u00eame que son enfant \u00e9tait en \u00e2ge d\u2019\u00eatre scolaris\u00e9, l\u2019autorit\u00e9 administrative n\u2019a pu lui refuser le b\u00e9n\u00e9fice de la d\u00e9rogation sans manifestement entacher d\u2019erreur l\u2019appr\u00e9ciation qu\u2019elle a port\u00e9e sur sa d\u00e9cision\u00a0\u00bb, en conclut le tribunal administratif de Lyon.<\/p>\n<p class=\" wall-content\">L\u2019int\u00e9ress\u00e9e n\u2019aura donc plus \u00e0 rembourser \u00e0 la m\u00e9tropole de Lyon pr\u00e9sid\u00e9e par <a href=\"https:\/\/actu.fr\/auvergne-rhone-alpes\/lyon_69123\/lyon-gregory-doucet-veut-un-tram-tcl-entre-part-dieu-et-ecully-bruno-bernard-ferme-la-porte_62740176.html\" target=\"_blank\" rel=\"noopener\">Bruno Bernard<\/a> (\u00c9cologiste) les 14 249,46 \u20ac de RSA qu\u2019elle avait touch\u00e9s entre novembre 2020 et juin 2022. Elle pourra aussi <strong>conserver les deux primes exceptionnelles<\/strong> de fin d\u2019ann\u00e9e de 228,67 \u20ac que lui avait vers\u00e9es la Caisse d\u2019allocations familiales (Caf) du Rh\u00f4ne au regard de son statut d\u2019allocataire du RSA.<\/p>\n<p class=\" wall-content\"><strong>GF (PressPepper)<\/strong><\/p>\n<p class=\" wall-content\">Suivez toute l\u2019actualit\u00e9 de vos villes et m\u00e9dias favoris en vous inscrivant \u00e0 <a href=\"https:\/\/moncompte.actu.fr\" title=\"D\u00e9couvez Mon Actu\" rel=\"nofollow noopener\" data-trk=\"{&quot;cta&quot;:{&quot;action&quot;:&quot;https:\\\/\\\/moncompte.actu.fr&quot;,&quot;category&quot;:&quot;mon compte&quot;,&quot;from&quot;:&quot;article footer&quot;,&quot;name&quot;:&quot;Mon actu&quot;,&quot;type&quot;:&quot;cta&quot;}}\" target=\"_blank\">Mon Actu<\/a>.<\/p>\n","protected":false},"excerpt":{"rendered":"Par R\u00e9daction Lyon Publi\u00e9 le 6 juil. 2025 \u00e0 6h02 Le tribunal administratif de Lyon a rendu une&hellip;\n","protected":false},"author":2,"featured_media":231539,"comment_status":"","ping_status":"","sticky":false,"template":"","format":"standard","meta":{"footnotes":""},"categories":[1889],"tags":[1111,11,2430,1777,674,1011,27,2808,303,2428,12,25,12097,104],"class_list":{"0":"post-231538","1":"post","2":"type-post","3":"status-publish","4":"format-standard","5":"has-post-thumbnail","7":"category-lyon","8":"tag-actu","9":"tag-actualites","10":"tag-auvergne-rhone-alpes","11":"tag-eu","12":"tag-europe","13":"tag-fr","14":"tag-france","15":"tag-grand-lyon","16":"tag-justice","17":"tag-lyon","18":"tag-news","19":"tag-republique-francaise","20":"tag-rsa","21":"tag-societe"},"share_on_mastodon":{"url":"https:\/\/pubeurope.com\/@fr\/114809151381434498","error":""},"_links":{"self":[{"href":"https:\/\/www.europesays.com\/fr\/wp-json\/wp\/v2\/posts\/231538","targetHints":{"allow":["GET"]}}],"collection":[{"href":"https:\/\/www.europesays.com\/fr\/wp-json\/wp\/v2\/posts"}],"about":[{"href":"https:\/\/www.europesays.com\/fr\/wp-json\/wp\/v2\/types\/post"}],"author":[{"embeddable":true,"href":"https:\/\/www.europesays.com\/fr\/wp-json\/wp\/v2\/users\/2"}],"replies":[{"embeddable":true,"href":"https:\/\/www.europesays.com\/fr\/wp-json\/wp\/v2\/comments?post=231538"}],"version-history":[{"count":0,"href":"https:\/\/www.europesays.com\/fr\/wp-json\/wp\/v2\/posts\/231538\/revisions"}],"wp:featuredmedia":[{"embeddable":true,"href":"https:\/\/www.europesays.com\/fr\/wp-json\/wp\/v2\/media\/231539"}],"wp:attachment":[{"href":"https:\/\/www.europesays.com\/fr\/wp-json\/wp\/v2\/media?parent=231538"}],"wp:term":[{"taxonomy":"category","embeddable":true,"href":"https:\/\/www.europesays.com\/fr\/wp-json\/wp\/v2\/categories?post=231538"},{"taxonomy":"post_tag","embeddable":true,"href":"https:\/\/www.europesays.com\/fr\/wp-json\/wp\/v2\/tags?post=231538"}],"curies":[{"name":"wp","href":"https:\/\/api.w.org\/{rel}","templated":true}]}}