{"id":231540,"date":"2025-07-07T00:36:24","date_gmt":"2025-07-07T00:36:24","guid":{"rendered":"https:\/\/www.europesays.com\/fr\/231540\/"},"modified":"2025-07-07T00:36:24","modified_gmt":"2025-07-07T00:36:24","slug":"le-metro-b-a-larret-jusqua-18-heures-ce-dimanche","status":"publish","type":"post","link":"https:\/\/www.europesays.com\/fr\/231540\/","title":{"rendered":"le m\u00e9tro B \u00e0 l&rsquo;arr\u00eat jusqu&rsquo;\u00e0 18 heures ce dimanche"},"content":{"rendered":"<p>Le m\u00e9tro B ne circule pas ce dimanche 6 juillet\u00a0depuis\u00a04h30 et jusqu&rsquo;\u00e0 18 heures\u00a0environ. La raison ?\u00a0\u00ab\u00a0Nos \u00e9quipes effectuent des essais pour renforcer la capacit\u00e9 et le confort des voyageurs\u00a0\u00bb,\u00a0peut-on-lire sur le site\u00a0TCL.<\/p>\n<p>Des bus relais sont mis \u00e0 disposition pour desservir les stations de \u201cGare Part-Dieu Vivier-Merle\u201d \u00e0 \u201cSaint-Genis-Laval H\u00f4pital Lyon Sud\u201d, toutes les 10 \u00e0 15\u00a0minutes.\u00a0<\/p>\n<p>  Pas de bus relais au sud de la ligne<\/p>\n<p>Si vous \u00eates au sud de la ligne, il faut faire autrement, les bus relais ne desservant pas les stations \u201cStade de Gerland &#8211; Le LOU\u201d et \u201cGare d&rsquo;Oullins\u201d.<\/p>\n","protected":false},"excerpt":{"rendered":"Le m\u00e9tro B ne circule pas ce dimanche 6 juillet\u00a0depuis\u00a04h30 et jusqu&rsquo;\u00e0 18 heures\u00a0environ. La raison ?\u00a0\u00ab\u00a0Nos \u00e9quipes&hellip;\n","protected":false},"author":2,"featured_media":231541,"comment_status":"","ping_status":"","sticky":false,"template":"","format":"standard","meta":{"footnotes":""},"categories":[1889],"tags":[1111,11,2430,2757,3154,1777,674,107,1011,27,2428,12,15665,25,2429,5151,10213,1097,2803,6345],"class_list":{"0":"post-231540","1":"post","2":"type-post","3":"status-publish","4":"format-standard","5":"has-post-thumbnail","7":"category-lyon","8":"tag-actu","9":"tag-actualites","10":"tag-auvergne-rhone-alpes","11":"tag-edition-lyon-villeurbanne","12":"tag-edition-sud-lyonnais","13":"tag-eu","14":"tag-europe","15":"tag-fil-info","16":"tag-fr","17":"tag-france","18":"tag-lyon","19":"tag-news","20":"tag-oullins-pierre-benite","21":"tag-republique-francaise","22":"tag-rhone","23":"tag-saint-genis-laval","24":"tag-tcl","25":"tag-trafic","26":"tag-transport","27":"tag-villeurbanne"},"share_on_mastodon":{"url":"https:\/\/pubeurope.com\/@fr\/114809155274353120","error":""},"_links":{"self":[{"href":"https:\/\/www.europesays.com\/fr\/wp-json\/wp\/v2\/posts\/231540","targetHints":{"allow":["GET"]}}],"collection":[{"href":"https:\/\/www.europesays.com\/fr\/wp-json\/wp\/v2\/posts"}],"about":[{"href":"https:\/\/www.europesays.com\/fr\/wp-json\/wp\/v2\/types\/post"}],"author":[{"embeddable":true,"href":"https:\/\/www.europesays.com\/fr\/wp-json\/wp\/v2\/users\/2"}],"replies":[{"embeddable":true,"href":"https:\/\/www.europesays.com\/fr\/wp-json\/wp\/v2\/comments?post=231540"}],"version-history":[{"count":0,"href":"https:\/\/www.europesays.com\/fr\/wp-json\/wp\/v2\/posts\/231540\/revisions"}],"wp:featuredmedia":[{"embeddable":true,"href":"https:\/\/www.europesays.com\/fr\/wp-json\/wp\/v2\/media\/231541"}],"wp:attachment":[{"href":"https:\/\/www.europesays.com\/fr\/wp-json\/wp\/v2\/media?parent=231540"}],"wp:term":[{"taxonomy":"category","embeddable":true,"href":"https:\/\/www.europesays.com\/fr\/wp-json\/wp\/v2\/categories?post=231540"},{"taxonomy":"post_tag","embeddable":true,"href":"https:\/\/www.europesays.com\/fr\/wp-json\/wp\/v2\/tags?post=231540"}],"curies":[{"name":"wp","href":"https:\/\/api.w.org\/{rel}","templated":true}]}}