{"id":231549,"date":"2025-07-07T00:43:11","date_gmt":"2025-07-07T00:43:11","guid":{"rendered":"https:\/\/www.europesays.com\/fr\/231549\/"},"modified":"2025-07-07T00:43:11","modified_gmt":"2025-07-07T00:43:11","slug":"un-dimanche-marque-par-les-frappes-de-drone-en-russie-et-en-ukraine","status":"publish","type":"post","link":"https:\/\/www.europesays.com\/fr\/231549\/","title":{"rendered":"Un dimanche marqu\u00e9 par les frappes de drone en Russie et en Ukraine"},"content":{"rendered":"<p>La Russie et l&rsquo;Ukraine se sont attaqu\u00e9es avec des centaines de drones dimanche, perturbant le trafic a\u00e9rien russe peu apr\u00e8s l&rsquo;annonce par le pr\u00e9sident ukrainien Volodymyr Zelensky d&rsquo;accords avec des partenaires occidentaux permettant \u00e0 Kyiv d&rsquo;intensifier sa production de drones.<\/p>\n<p>Des photos circulant sur les r\u00e9seaux sociaux montrent des foules mass\u00e9es dans les a\u00e9roports russes alors que des centaines de vols ont \u00e9t\u00e9 retard\u00e9s ou annul\u00e9s en raison des frappes de drones ukrainiens samedi et dans la nuit, selon le minist\u00e8re russe des Transports.<\/p>\n<p>Les perturbations a\u00e9riennes ont touch\u00e9 les a\u00e9roports de Cheremetievo \u00e0 Moscou et de Pulkovo \u00e0 Saint-P\u00e9tersbourg. D&rsquo;autres a\u00e9roports de l&rsquo;ouest et du centre de la Russie ont \u00e9galement \u00e9t\u00e9 perturb\u00e9s.<\/p>\n<p>Les d\u00e9fenses a\u00e9riennes russes ont abattu 120 drones ukrainiens lors des attaques nocturnes, et 39 autres avant 14 heures, heure de Moscou, dimanche, a indiqu\u00e9 le minist\u00e8re russe de la D\u00e9fense. Il n&rsquo;a pas pr\u00e9cis\u00e9 combien avaient touch\u00e9 leurs cibles ni combien avaient \u00e9t\u00e9 lanc\u00e9s au total. T\u00f4t dimanche, des drones ukrainiens ont bless\u00e9 deux civils dans la r\u00e9gion russe de Belgorod, pr\u00e8s de la fronti\u00e8re, a affirm\u00e9 le gouverneur Viatcheslav Gladkov.<\/p>\n<p><b>Kyiv pilonn\u00e9e<\/b><\/p>\n<p>Ces attaques ukrainiennes sont survenues quelques jours seulement apr\u00e8s que la Russie a bombard\u00e9 Kyiv avec des vagues de drones et de missiles dans la nuit de jeudi \u00e0 vendredi. Les responsables ukrainiens ont indiqu\u00e9 qu&rsquo;il s&rsquo;agissait des plus importantes frappes de ce type depuis le d\u00e9but de la guerre. Cette attaque de sept heures a tu\u00e9 au moins deux civils, bless\u00e9 des dizaines d&rsquo;autres et caus\u00e9 d&rsquo;importants d\u00e9g\u00e2ts, a d\u00e9clar\u00e9 l&rsquo;Ukraine, tandis que Moscou intensifiait ses efforts pour s&#8217;emparer de nouvelles zones du territoire de son voisin.<\/p>\n<p>Au total, la Russie a lanc\u00e9 550 drones et missiles \u00e0 travers l&rsquo;Ukraine cette nuit-l\u00e0, selon l&rsquo;arm\u00e9e de l&rsquo;air du pays. Ces tirs ont co\u00efncid\u00e9 avec une tentative russe concert\u00e9e de percer certaines parties de la ligne de front d&rsquo;environ 1000 kilom\u00e8tres, o\u00f9 les troupes ukrainiennes subissent une forte pression. Les frappes de drones russes de dimanche ont bless\u00e9 trois civils \u00e0 Kyiv et au moins deux \u00e0 Kharkiv, deuxi\u00e8me ville du nord-est de l&rsquo;Ukraine, selon les autorit\u00e9s. Une attaque russe impliquant des drones Shahed a \u00e9galement vis\u00e9 des infrastructures portuaires \u00e0 Mykola\u00efv, dans le centre de l&rsquo;Ukraine, selon le gouverneur local Vitaliy Kim. Il a indiqu\u00e9 que des entrep\u00f4ts et le r\u00e9seau \u00e9lectrique du port avaient \u00e9t\u00e9 endommag\u00e9s, mais qu&rsquo;il n&rsquo;y avait pas eu de victimes.<\/p>\n<p>Quelques heures plus tard, la Russie a lanc\u00e9 une bombe planante et un drone sur la ville de Kostyantynivka, situ\u00e9e sur la ligne de front, tuant quatre civils et en blessant un cinqui\u00e8me, a indiqu\u00e9 le parquet. Le drone a percut\u00e9 une voiture dans laquelle se trouvait un couple mari\u00e9, tuant sur le coup la femme de 39 ans et l&rsquo;homme de 40 ans, a-t-il ajout\u00e9.<\/p>\n<p><b>Acc\u00e9l\u00e9rer la production de drones<\/b><\/p>\n<p>M. Zelensky a d\u00e9clar\u00e9 samedi que l&rsquo;Ukraine avait conclu des accords avec des alli\u00e9s europ\u00e9ens et une importante entreprise de d\u00e9fense am\u00e9ricaine pour acc\u00e9l\u00e9rer sa production de drones, garantissant ainsi \u00e0 Kyiv des \u00abcentaines de milliers\u00bb de drones suppl\u00e9mentaires cette ann\u00e9e.<\/p>\n<p>Le pr\u00e9sident Zelensky n&rsquo;a pas nomm\u00e9 l&rsquo;entreprise am\u00e9ricaine dans son discours vid\u00e9o, mais a d\u00e9clar\u00e9 que l&rsquo;Ukraine et le Danemark avaient \u00e9galement convenu de coproduire des drones et d&rsquo;autres armes sur le sol danois.<\/p>\n<p>Ses remarques sont intervenues quelques jours apr\u00e8s que les \u00c9tats-Unis ont suspendu certaines livraisons d&rsquo;aide militaire \u00e0 l&rsquo;Ukraine, notamment des missiles de d\u00e9fense a\u00e9rienne. Les principaux bailleurs de fonds europ\u00e9ens de l&rsquo;Ukraine r\u00e9fl\u00e9chissent \u00e0 la mani\u00e8re de contribuer \u00e0 compenser ce manque. M. Zelensky a not\u00e9 que des plans \u00e9taient en cours pour d\u00e9velopper l&rsquo;industrie d&rsquo;armement ukrainienne, mais que cette intensification prendrait du temps.<\/p>\n<p>L&rsquo;Ukraine a d\u00e9j\u00e0 utilis\u00e9 des drones artisanaux pour frapper des cibles militaires importantes en Russie, d\u00e9montrant ainsi ses capacit\u00e9s et \u00e9branlant la confiance de Moscou. Le mois dernier, Kyiv a annonc\u00e9 avoir d\u00e9truit plus de 40 avions russes stationn\u00e9s sur plusieurs a\u00e9rodromes en Russie lors d&rsquo;une attaque-surprise.<\/p>\n<p>D\u00e9pass\u00e9e en nombre et en armement, l&rsquo;arm\u00e9e ukrainienne s&rsquo;est \u00e9galement tourn\u00e9e vers les drones pour compenser son manque de troupes et renforcer ses d\u00e9fenses. Alors que la Russie a intensifi\u00e9 ses offensives cet \u00e9t\u00e9 sur deux fronts en Ukraine, les analystes affirment que les d\u00e9fenses ne sont pas pr\u00eates de s&rsquo;effondrer.<\/p>\n<p>Vendredi, le pr\u00e9sident Zelensky a d\u00e9clar\u00e9 avoir eu un entretien t\u00e9l\u00e9phonique \u00abtr\u00e8s important et productif\u00bb avec le pr\u00e9sident am\u00e9ricain Donald Trump, au cours duquel il a discut\u00e9 d&rsquo;une \u00e9ventuelle production conjointe de drones, parall\u00e8lement aux efforts men\u00e9s par les \u00c9tats-Unis pour mettre fin \u00e0 la guerre.<\/p>\n<p>___<\/p>\n<p>Michelle L. Price a contribu\u00e9 \u00e0 cette d\u00e9p\u00eache depuis Washington, DC.<\/p>\n<p>The Associated Press<\/p>\n","protected":false},"excerpt":{"rendered":"La Russie et l&rsquo;Ukraine se sont attaqu\u00e9es avec des centaines de drones dimanche, perturbant le trafic a\u00e9rien russe&hellip;\n","protected":false},"author":2,"featured_media":231550,"comment_status":"","ping_status":"","sticky":false,"template":"","format":"standard","meta":{"footnotes":""},"categories":[1591],"tags":[11,6664,1887,37059,5493,2489,37060,12,1885,1886,132],"class_list":{"0":"post-231549","1":"post","2":"type-post","3":"status-publish","4":"format-standard","5":"has-post-thumbnail","7":"category-russie","8":"tag-actualites","9":"tag-dimanche","10":"tag-federation-de-russie","11":"tag-heure-de-moscou","12":"tag-lukraine","13":"tag-la-russie","14":"tag-ligne-de-front","15":"tag-news","16":"tag-russia","17":"tag-russian-federation","18":"tag-russie"},"share_on_mastodon":{"url":"https:\/\/pubeurope.com\/@fr\/114809182892425623","error":""},"_links":{"self":[{"href":"https:\/\/www.europesays.com\/fr\/wp-json\/wp\/v2\/posts\/231549","targetHints":{"allow":["GET"]}}],"collection":[{"href":"https:\/\/www.europesays.com\/fr\/wp-json\/wp\/v2\/posts"}],"about":[{"href":"https:\/\/www.europesays.com\/fr\/wp-json\/wp\/v2\/types\/post"}],"author":[{"embeddable":true,"href":"https:\/\/www.europesays.com\/fr\/wp-json\/wp\/v2\/users\/2"}],"replies":[{"embeddable":true,"href":"https:\/\/www.europesays.com\/fr\/wp-json\/wp\/v2\/comments?post=231549"}],"version-history":[{"count":0,"href":"https:\/\/www.europesays.com\/fr\/wp-json\/wp\/v2\/posts\/231549\/revisions"}],"wp:featuredmedia":[{"embeddable":true,"href":"https:\/\/www.europesays.com\/fr\/wp-json\/wp\/v2\/media\/231550"}],"wp:attachment":[{"href":"https:\/\/www.europesays.com\/fr\/wp-json\/wp\/v2\/media?parent=231549"}],"wp:term":[{"taxonomy":"category","embeddable":true,"href":"https:\/\/www.europesays.com\/fr\/wp-json\/wp\/v2\/categories?post=231549"},{"taxonomy":"post_tag","embeddable":true,"href":"https:\/\/www.europesays.com\/fr\/wp-json\/wp\/v2\/tags?post=231549"}],"curies":[{"name":"wp","href":"https:\/\/api.w.org\/{rel}","templated":true}]}}