{"id":231556,"date":"2025-07-07T00:47:12","date_gmt":"2025-07-07T00:47:12","guid":{"rendered":"https:\/\/www.europesays.com\/fr\/231556\/"},"modified":"2025-07-07T00:47:12","modified_gmt":"2025-07-07T00:47:12","slug":"la-pologne-retablit-le-controle-aux-frontieres-avec-la-lituanie-et-lallemagne","status":"publish","type":"post","link":"https:\/\/www.europesays.com\/fr\/231556\/","title":{"rendered":"La Pologne r\u00e9tablit le contr\u00f4le aux fronti\u00e8res avec la Lituanie et l&rsquo;Allemagne"},"content":{"rendered":"<p>\u00c0 partir de ce lundi 7 juillet, la Pologne r\u00e9tablit le contr\u00f4le aux fronti\u00e8res avec l\u2019Allemagne et la Lituanie. Pour Varsovie, il s\u2019agit de contr\u00f4ler l\u2019afflux de migrants venant de Bi\u00e9lorussie et passant par les pays baltes avant de rejoindre l\u2019ouest de l\u2019Europe.<\/p>\n<p>Avec notre correspondante \u00e0 Vilnius, <strong>Marielle Vitureau<\/strong><\/p>\n<p><a href=\"https:\/\/www.rfi.fr\/fr\/europe\/20250701-la-pologne-va-r\u00e9tablir-les-contr\u00f4les-temporaires-\u00e0-ses-fronti\u00e8res-avec-l-allemagne-et-la-lituanie\" rel=\"nofollow noopener\" target=\"_blank\" data-ylk=\"slk:La police polonaise des fronti\u00e8res va d\u00e9sormais contr\u00f4ler;elm:context_link;itc:0;sec:content-canvas\" class=\"link \"><strong>La police polonaise des fronti\u00e8res va d\u00e9sormais contr\u00f4ler<\/strong><\/a> 13 points de passage sur les 100 kilom\u00e8tres de fronti\u00e8re avec la <strong><a href=\"https:\/\/www.rfi.fr\/fr\/tag\/lituanie\/\" class=\"link \" rel=\"nofollow noopener\" target=\"_blank\" data-ylk=\"slk:Lituanie;elm:context_link;itc:0;sec:content-canvas\">Lituanie<\/a><\/strong>. Depuis la crise de l\u2019\u00e9t\u00e9 2021, les migrants continuent toujours de passer par la r\u00e9gion. Mantautas Sulskus est \u00e0 la t\u00eate de Sienos Grup\u00e9, une association d\u2019aide aux migrants en Lituanie : \u00ab Ces six derniers mois, les gardes-fronti\u00e8re ont refoul\u00e9 917 personnes, c\u2019est autant que durant toute l\u2019ann\u00e9e 2024. \u00bb<\/p>\n<p>Un tel dispositif est en construction en Lettonie. Autant pour Vilnius que pour Riga, cette migration est instrumentalis\u00e9e par Moscou et Minsk. La Lettonie et la Lituanie ont r\u00e9pondu avec des r\u00e9gimes sp\u00e9ciaux pour emp\u00eacher les migrants de d\u00e9poser des demandes d\u2019asile et les refouler. Mais ils comparaissent actuellement devant la Cour europ\u00e9enne des droits de l\u2019homme (CEDH) pour ces refoulements ill\u00e9gaux.<\/p>\n<p><a href=\"https:\/\/www.rfi.fr\/fr\/europe\/20250706-la-pologne-r%C3%A9tablit-le-contr%C3%B4le-aux-fronti%C3%A8res-avec-la-lituanie-et-l-allemagne\" rel=\"nofollow noopener\" target=\"_blank\" data-ylk=\"slk:Lire la suite sur RFI;elm:context_link;itc:0;sec:content-canvas\" class=\"link \">Lire la suite sur RFI<\/a><\/p>\n","protected":false},"excerpt":{"rendered":"\u00c0 partir de ce lundi 7 juillet, la Pologne r\u00e9tablit le contr\u00f4le aux fronti\u00e8res avec l\u2019Allemagne et la&hellip;\n","protected":false},"author":2,"featured_media":231557,"comment_status":"","ping_status":"","sticky":false,"template":"","format":"standard","meta":{"footnotes":""},"categories":[1587],"tags":[11,672,17059,1804,24848,1805,1803,1777,674,6430,1801,2050,12,23799,1802],"class_list":{"0":"post-231556","1":"post","2":"type-post","3":"status-publish","4":"format-standard","5":"has-post-thumbnail","7":"category-allemagne","8":"tag-actualites","9":"tag-allemagne","10":"tag-bielorussie","11":"tag-bundesrepublik-deutschland","12":"tag-cour-europeenne-des-droits-de-lhomme","13":"tag-de","14":"tag-deutschland","15":"tag-eu","16":"tag-europe","17":"tag-frontieres","18":"tag-germany","19":"tag-lituanie","20":"tag-news","21":"tag-points-de-passage","22":"tag-republique-federale-dallemagne"},"share_on_mastodon":{"url":"https:\/\/pubeurope.com\/@fr\/114809198644451253","error":""},"_links":{"self":[{"href":"https:\/\/www.europesays.com\/fr\/wp-json\/wp\/v2\/posts\/231556","targetHints":{"allow":["GET"]}}],"collection":[{"href":"https:\/\/www.europesays.com\/fr\/wp-json\/wp\/v2\/posts"}],"about":[{"href":"https:\/\/www.europesays.com\/fr\/wp-json\/wp\/v2\/types\/post"}],"author":[{"embeddable":true,"href":"https:\/\/www.europesays.com\/fr\/wp-json\/wp\/v2\/users\/2"}],"replies":[{"embeddable":true,"href":"https:\/\/www.europesays.com\/fr\/wp-json\/wp\/v2\/comments?post=231556"}],"version-history":[{"count":0,"href":"https:\/\/www.europesays.com\/fr\/wp-json\/wp\/v2\/posts\/231556\/revisions"}],"wp:featuredmedia":[{"embeddable":true,"href":"https:\/\/www.europesays.com\/fr\/wp-json\/wp\/v2\/media\/231557"}],"wp:attachment":[{"href":"https:\/\/www.europesays.com\/fr\/wp-json\/wp\/v2\/media?parent=231556"}],"wp:term":[{"taxonomy":"category","embeddable":true,"href":"https:\/\/www.europesays.com\/fr\/wp-json\/wp\/v2\/categories?post=231556"},{"taxonomy":"post_tag","embeddable":true,"href":"https:\/\/www.europesays.com\/fr\/wp-json\/wp\/v2\/tags?post=231556"}],"curies":[{"name":"wp","href":"https:\/\/api.w.org\/{rel}","templated":true}]}}