{"id":231562,"date":"2025-07-07T00:50:11","date_gmt":"2025-07-07T00:50:11","guid":{"rendered":"https:\/\/www.europesays.com\/fr\/231562\/"},"modified":"2025-07-07T00:50:11","modified_gmt":"2025-07-07T00:50:11","slug":"on-me-disait-que-le-risque-etait-trop-grand-ce-que-lon-sait-de-la-disparition-de-lennart-monterlos-18-ans","status":"publish","type":"post","link":"https:\/\/www.europesays.com\/fr\/231562\/","title":{"rendered":"\u00ab\u00a0On me disait que le risque \u00e9tait trop grand\u00a0\u00bb\u2026 Ce que l\u2019on sait de la disparition de Lennart Monterlos, 18 ans"},"content":{"rendered":"<p>Le 12 juin, sur son compte Instagram, Lennart Monterlos, un jeune Franco-Allemand de 18 ans, publiait une vid\u00e9o intitul\u00e9e \u00ab\u00a0<a href=\"https:\/\/www.20minutes.fr\/monde\/iran\/\" class=\"color-ultramarine c-link\" target=\"_blank\" rel=\"noopener\">Iran<\/a>\u00a0: trop dangereux, faites demi-tour\u00a0\u00bb. Si le contenu \u00e9tait en r\u00e9alit\u00e9 humoristique et visait \u00e0 vanter les m\u00e9rites de ce pays \u00ab\u00a0tr\u00e8s controvers\u00e9\u00a0\u00bb, il rev\u00eat une dimension tristement proph\u00e9tique. Ce <a href=\"https:\/\/www.20minutes.fr\/societe\/4162199-20250706-iran-disparition-inquietante-jeune-touriste-francais-faisait-randonnee-velo\" target=\"_blank\" class=\"color-ultramarine c-link\" rel=\"noopener\">jeune touriste qui voyageait \u00e0 v\u00e9lo \u00e0 travers ce pays est port\u00e9 disparu depuis le 16\u00a0juin<\/a>.<\/p>\n<p>\u00ab\u00a0Cette disparition est inqui\u00e9tante. Nous sommes en lien avec la famille \u00e0 ce sujet\u00a0\u00bb, a confirm\u00e9 ce dimanche une source diplomatique. Si cette source n\u2019est pas en mesure de dire si ce Fran\u00e7ais fait partie des <a href=\"https:\/\/www.20minutes.fr\/monde\/israel\/4161142-20250630-guerre-israel-iran-plus-900-morts-iran-pendant-guerre-selon-media-officiel\" target=\"_blank\" class=\"color-ultramarine c-link\" rel=\"noopener\">Europ\u00e9ens r\u00e9cemment arr\u00eat\u00e9s en Iran, accus\u00e9s d\u2019espionnage pour Isra\u00ebl<\/a>, elle insiste sur les dangers qui planent sur les ressortissants se rendant sur place. <a href=\"https:\/\/www.20minutes.fr\/monde\/israel\/4162010-20250704-iran-sait-toujours-proches-otages-francais-attendent-toujours-liberation\" target=\"_blank\" class=\"color-ultramarine c-link\" rel=\"noopener\">L\u2019Iran \u00ab\u00a0cible des ressortissants fran\u00e7ais<\/a> de passage qu\u2019il accuse d\u2019espionnage et qu\u2019il d\u00e9tient dans des conditions indignes, dont certaines rel\u00e8vent de la d\u00e9finition en droit international de la torture\u00a0\u00bb, souligne-t-elle.<\/p>\n<p>\u00ab\u00a0On me disait que le risque \u00e9tait trop grand\u00a0\u00bb<\/p>\n<p>Dans son post publi\u00e9 quatre jours avant sa disparition, Lennart Monterlos confiait que son passage en Iran avait \u00ab\u00a0fait l\u2019objet de vifs d\u00e9bats\u00a0\u00bb dans son entourage. \u00ab\u00a0On me disait que le risque \u00e9tait trop grand\u00a0\u00bb, expliquait-il. Une mise en garde qu\u2019il jugeait exag\u00e9r\u00e9. \u00ab\u00a0Tout en gardant en t\u00eate que ce n\u2019est pas la C\u00f4te d\u2019Azur et qu\u2019il faut prendre certaines pr\u00e9cautions, pour moi cela a \u00e9t\u00e9 une tr\u00e8s belle exp\u00e9rience jusque-l\u00e0\u00a0\u00bb, \u00e9crivait-il. <\/p>\n<p>Le 15 juin, c\u2019est-\u00e0-dire, la veille de sa disparition, il racontait ses m\u00e9sanventures dans le d\u00e9sert iranien avec trop peu d\u2019eau sur lui. Il se rendait, semble-t-il, vers le nord-est du pays, vers la fronti\u00e8re afghane, sa prochaine destination. Quelques jours auparavant, il pr\u00e9cisait qu\u2019il pr\u00e9voyait de faire un peu de stop pour sortir du pays avant le 25\u00a0juin, jour de l\u2019expiration de son visa.<\/p>\n<p>Lennart Monterlos, qui se d\u00e9crit comme un \u00ab\u00a0v\u00e9lo r\u00eaveur\u00a0\u00bb, avait obtenu son bac franco-allemand \u00e0 Besan\u00e7on. Il \u00e9tait ensuite parti pour une ann\u00e9e de c\u00e9sure, avant d\u2019entamer ses \u00e9tudes sup\u00e9rieures. Ce passionn\u00e9 de voyage et de sport s\u2019\u00e9tait fix\u00e9 de rallier Tokyo \u00e0 v\u00e9lo. \u00ab\u00a0400 jours, 35.000 km\u00a0\u00bb \u00e0 travers 35 pays. Il avait effectu\u00e9 entre juin et d\u00e9cembre, la premi\u00e8re partie de son escapade \u00e0 travers l\u2019Europe jusqu\u2019en Iran avant de d\u00e9cider de faire une pause et rentrer chez lui pour f\u00eater No\u00ebl. Apr\u00e8s plusieurs mois en France, il reprend son voyage le 24\u00a0mai \u00e0 Varzaneh, au centre de l\u2019Iran. Dans les vid\u00e9os post\u00e9es jusqu\u2019\u00e0 sa disparition, il relatait de belles rencontres, bien loin du climat g\u00e9opolitique particuli\u00e8rement instable.<\/p>\n<p>\u00ab\u00a0Quitter le territoire iranien imm\u00e9diatement\u00a0\u00bb<\/p>\n<p>Le chef de la diplomatie fran\u00e7aise Jean-No\u00ebl Barrot \u00ab\u00a0a \u00e9chang\u00e9\u00a0\u00bb ce dimanche avec son homologue iranien Abbas Araghchi, a fait savoir dimanche soir le minist\u00e8re fran\u00e7ais des Affaires \u00e9trang\u00e8res. En revanche, on ignore si la conversation a port\u00e9 sur ce jeune touriste ou s\u2019est concentr\u00e9 sur <a href=\"https:\/\/www.20minutes.fr\/monde\/4161871-20250704-francais-detenus-iran-macron-hausse-menace-retorsion\" target=\"_blank\" class=\"color-ultramarine c-link\" rel=\"noopener\">le sort de C\u00e9cile Kohler et Jacques Paris, retenu depuis trois ans dans le pays.<\/a><\/p>\n<p>\u00ab\u00a0Il est recommand\u00e9 aux ressortissants fran\u00e7ais de ne pas se rendre en Iran\u00a0\u00bb et \u00ab\u00a0pour ceux qui y seraient d\u00e9j\u00e0 de passage, il est recommand\u00e9 de quitter le territoire iranien imm\u00e9diatement en raison des risques d\u2019arrestation et de d\u00e9tention arbitraire\u00a0\u00bb, avait soulign\u00e9 plus t\u00f4t la source diplomatique.<\/p>\n<p><\/p>\n","protected":false},"excerpt":{"rendered":"Le 12 juin, sur son compte Instagram, Lennart Monterlos, un jeune Franco-Allemand de 18 ans, publiait une vid\u00e9o&hellip;\n","protected":false},"author":2,"featured_media":231563,"comment_status":"","ping_status":"","sticky":false,"template":"","format":"standard","meta":{"footnotes":""},"categories":[2],"tags":[47,11,10112,2718,2715,8026,1011,27,3672,3019,74,12,2462,25,104],"class_list":{"0":"post-231562","1":"post","2":"type-post","3":"status-publish","4":"format-standard","5":"has-post-thumbnail","7":"category-actualites","8":"tag-actualite","9":"tag-actualites","10":"tag-besancon","11":"tag-bourgogne-franche-comte","12":"tag-disparition","13":"tag-doubs","14":"tag-fr","15":"tag-france","16":"tag-franche-comte","17":"tag-iran","18":"tag-monde","19":"tag-news","20":"tag-quai-dorsay","21":"tag-republique-francaise","22":"tag-societe"},"share_on_mastodon":{"url":"https:\/\/pubeurope.com\/@fr\/114809210410263776","error":""},"_links":{"self":[{"href":"https:\/\/www.europesays.com\/fr\/wp-json\/wp\/v2\/posts\/231562","targetHints":{"allow":["GET"]}}],"collection":[{"href":"https:\/\/www.europesays.com\/fr\/wp-json\/wp\/v2\/posts"}],"about":[{"href":"https:\/\/www.europesays.com\/fr\/wp-json\/wp\/v2\/types\/post"}],"author":[{"embeddable":true,"href":"https:\/\/www.europesays.com\/fr\/wp-json\/wp\/v2\/users\/2"}],"replies":[{"embeddable":true,"href":"https:\/\/www.europesays.com\/fr\/wp-json\/wp\/v2\/comments?post=231562"}],"version-history":[{"count":0,"href":"https:\/\/www.europesays.com\/fr\/wp-json\/wp\/v2\/posts\/231562\/revisions"}],"wp:featuredmedia":[{"embeddable":true,"href":"https:\/\/www.europesays.com\/fr\/wp-json\/wp\/v2\/media\/231563"}],"wp:attachment":[{"href":"https:\/\/www.europesays.com\/fr\/wp-json\/wp\/v2\/media?parent=231562"}],"wp:term":[{"taxonomy":"category","embeddable":true,"href":"https:\/\/www.europesays.com\/fr\/wp-json\/wp\/v2\/categories?post=231562"},{"taxonomy":"post_tag","embeddable":true,"href":"https:\/\/www.europesays.com\/fr\/wp-json\/wp\/v2\/tags?post=231562"}],"curies":[{"name":"wp","href":"https:\/\/api.w.org\/{rel}","templated":true}]}}