{"id":231564,"date":"2025-07-07T00:51:14","date_gmt":"2025-07-07T00:51:14","guid":{"rendered":"https:\/\/www.europesays.com\/fr\/231564\/"},"modified":"2025-07-07T00:51:14","modified_gmt":"2025-07-07T00:51:14","slug":"inondations-au-texas-pres-de-70-morts-des-dizaines-de-disparus-et-des-questions-en-suspens-liberation","status":"publish","type":"post","link":"https:\/\/www.europesays.com\/fr\/231564\/","title":{"rendered":"Inondations au Texas : pr\u00e8s de 70 morts, des dizaines de disparus et des questions en suspens &#8211; Lib\u00e9ration"},"content":{"rendered":"<ol>\n<li><a href=\"https:\/\/news.google.com\/rss\/articles\/CBMihwJBVV95cUxNZ1MycXVqVU82OTZEY1MwZzRxM2ctelk1c3FNakRSZU5md0I0THhfNXZKT2tic2d1dGFWUENtWGRlWXVMVGF5NDN6a0N4LWhPOEd4bjlFYkp5WUVaZm5qN1NEeTlyVjBnSDdrM1FCMDd1VnR5RHFDVFVzMGp5bFR4VER6dTA0SEZjOE94SmpVQU1sdk5jNTRjOW1KaVEwdkYzM04tY0o0SXhELTdFYlVnVDQ2bHlYZWdqMy1NVHo1U05kMmVWV3BJRUYxdHhpcVlySTFxc1FENWlwbk93SHlCbkk0MDduSk4xa0d2a2hoeEVkSFZwQm83bFpDb1hYOEVnVkRFclN3cw?oc=5\" target=\"_blank\" rel=\"noopener\">Inondations au Texas : pr\u00e8s de 70 morts, des dizaines de disparus et des questions en suspens<\/a>&nbsp;&nbsp;Lib\u00e9ration<\/li>\n<li><a href=\"https:\/\/news.google.com\/rss\/articles\/CBMipwJBVV95cUxQTjlmZmZuN0otdlJQZldjY0tkZzZXcE1SZUJQcWRCRkJkcjliWHlzNFZTSVhDcXkzMVRMMEE5ektLTk81RzFvR3VUNWNYcDdiZTNXejdTVWZ0N1hXUGhNQzVEc0lDd002aDJVb3JmYkl6cU85YVNzdS1iLW1Hcnd6dTcxQWpPWFdGbEx6dWZmSFF5cWVOay16SjZkVHRKaXJjOWVKNXpTaUcxdHFjVHFIMEQ5TllMVzQxOXdyQXI4LWJBbUM2dEN3VDljN3F1dzFzZFZ1Yi1zN3FsTjFBQnh4Y0lfS0dZU3d5MkhCZTFhNDhjQlJZNkRpSzd2eWlma0h1SlhxU3ZPMWpqcGN4ZTlmeVJVT0RNM3R0RGIxV0dTNUoxUEZoblVV?oc=5\" target=\"_blank\" rel=\"noopener\">Inondations au Texas : le bilan approche les 80 morts, Donald Trump esp\u00e8re se rendre sur place vendredi<\/a>&nbsp;&nbsp;Le Monde.fr<\/li>\n<li><a href=\"https:\/\/news.google.com\/rss\/articles\/CBMihwJBVV95cUxPWWluUTh0V1N2VnhRa21KUkJmMDBKZXUxRlZDeHcxTlRoR0pTNnptTkpWdXNtT0ZLMGZ6SjNqc0xIZ2xsNF83SnNqRHI3RHlLZ052Z2VqaUc1dkttRTVaN05Ja1hNMXY3UTZaX05xM3llZEpCZW9hd0ZtbW5iYUFuWWFnVHg3bElpQlEyTmRUYVh5VVo5SnFvVmZKc0VXdGg1TEppOGVqOXVGQjFZUG1YZzU5M2EyOFdtd2JuNjh2Y1dmSjRIanZ1RmhFTDhSQ0plMHhIbWhFd0RsRnJYQ183VWwxaHlDM1hOVmhhR3FuaEt5cWRZNUN0YkMycTNtX1lPdFA5TmpXbw?oc=5\" target=\"_blank\" rel=\"noopener\">Pr\u00e8s de 80 morts, enfants disparues, recherches&#8230; Ce que l&rsquo;on sait des graves inondations au Texas<\/a>&nbsp;&nbsp;BFMTV<\/li>\n<li><a href=\"https:\/\/news.google.com\/rss\/articles\/CBMi9AFBVV95cUxOZTd0RkV4dnRkWmNEQ25pTjMtbVA3TTB1UU5idjBRakV2dWh2YmtKY0thcktlZkZVcDZlN1F1czAwNlFoWUlnRG9fZG9IcDZnVjFLQ0h6aE1LaWs4SWk4c2RuYkxLVUJ5MmYtNWtRS1laX0M1dGJNWjktT1V5d1UwNXVVUXhEeVJyc01uYThHZ2hmQ3R0SmgzV2gzUXJqNlVnb3V3UEZnMjYxOENnWEE5a1k0bC05R09fM2ZXZGFVRmZmaHVGZWoybXk1dW1aQ2RSQjhZRXV3NUFXRE52Y2FwNC1BRGdUVEhTQjV4RnlkOFIzekxN?oc=5\" target=\"_blank\" rel=\"noopener\">Le Camp Mystic, une institution texane centenaire d\u00e9vast\u00e9e par les inondations o\u00f9 11 enfants et un moniteur restent port\u00e9s disparus<\/a>&nbsp;&nbsp;Le Figaro<\/li>\n<li><a href=\"https:\/\/news.google.com\/rss\/articles\/CBMi0AFBVV95cUxNYVhacmVwdG8ydXZOVkFlTy1zZzhYWjhET3lwdmFuYnFrT1pEQXVGdFZyX0FSMU1iY29VYkZybWtPX015WjF6a1lrZTQtNWpFZVBPYkJpbXRkWjhkeE5sY3hhUkdfUHZuMUhDT1hUOU1VeVhlNDZnMlJ1V3NTWWhtbDNaZHlRbjh2cXk4UTQtSDZzUVM4NVdOWUlvS1Q1V3RBNTJtRHVYYndJOWpmMktKbFRPZHUyN1Q2UkJFMVZDV3hPNERkdGFOLXJKQ0Q4ZUpm?oc=5\" target=\"_blank\" rel=\"noopener\">Pr\u00e8s de 70 morts dans les inondations-\u00e9clairs au Texas, les recherches se poursuivent<\/a>&nbsp;&nbsp;20 Minutes<\/li>\n<\/ol>\n","protected":false},"excerpt":{"rendered":"Inondations au Texas : pr\u00e8s de 70 morts, des dizaines de disparus et des questions en suspens&nbsp;&nbsp;Lib\u00e9ration Inondations&hellip;\n","protected":false},"author":2,"featured_media":231565,"comment_status":"","ping_status":"","sticky":false,"template":"","format":"standard","meta":{"footnotes":""},"categories":[2],"tags":[11,73,1011,27,4458,12,25],"class_list":{"0":"post-231564","1":"post","2":"type-post","3":"status-publish","4":"format-standard","5":"has-post-thumbnail","7":"category-actualites","8":"tag-actualites","9":"tag-etats-unis","10":"tag-fr","11":"tag-france","12":"tag-inondation","13":"tag-news","14":"tag-republique-francaise"},"share_on_mastodon":{"url":"https:\/\/pubeurope.com\/@fr\/114809214345830346","error":""},"_links":{"self":[{"href":"https:\/\/www.europesays.com\/fr\/wp-json\/wp\/v2\/posts\/231564","targetHints":{"allow":["GET"]}}],"collection":[{"href":"https:\/\/www.europesays.com\/fr\/wp-json\/wp\/v2\/posts"}],"about":[{"href":"https:\/\/www.europesays.com\/fr\/wp-json\/wp\/v2\/types\/post"}],"author":[{"embeddable":true,"href":"https:\/\/www.europesays.com\/fr\/wp-json\/wp\/v2\/users\/2"}],"replies":[{"embeddable":true,"href":"https:\/\/www.europesays.com\/fr\/wp-json\/wp\/v2\/comments?post=231564"}],"version-history":[{"count":0,"href":"https:\/\/www.europesays.com\/fr\/wp-json\/wp\/v2\/posts\/231564\/revisions"}],"wp:featuredmedia":[{"embeddable":true,"href":"https:\/\/www.europesays.com\/fr\/wp-json\/wp\/v2\/media\/231565"}],"wp:attachment":[{"href":"https:\/\/www.europesays.com\/fr\/wp-json\/wp\/v2\/media?parent=231564"}],"wp:term":[{"taxonomy":"category","embeddable":true,"href":"https:\/\/www.europesays.com\/fr\/wp-json\/wp\/v2\/categories?post=231564"},{"taxonomy":"post_tag","embeddable":true,"href":"https:\/\/www.europesays.com\/fr\/wp-json\/wp\/v2\/tags?post=231564"}],"curies":[{"name":"wp","href":"https:\/\/api.w.org\/{rel}","templated":true}]}}