{"id":231568,"date":"2025-07-07T00:53:12","date_gmt":"2025-07-07T00:53:12","guid":{"rendered":"https:\/\/www.europesays.com\/fr\/231568\/"},"modified":"2025-07-07T00:53:12","modified_gmt":"2025-07-07T00:53:12","slug":"championnat-de-france-parent-enfant-anna-et-philippe-schmohl-sacres","status":"publish","type":"post","link":"https:\/\/www.europesays.com\/fr\/231568\/","title":{"rendered":"Championnat de France Parent-Enfant : Anna et Philippe Schmohl sacr\u00e9s"},"content":{"rendered":"<p>M\u00eame l&rsquo;averse tomb\u00e9e une heure apr\u00e8s la fin des parties, au moment de la remise des prix, n&rsquo;a pu doucher l&rsquo;enthousiasme des participants de la deuxi\u00e8me \u00e9dition du championnat de France Parent-Enfant. Ce dimanche au <strong>Cabot Bordeaux<\/strong>, \u00e0 l&rsquo;issue d&rsquo;une deuxi\u00e8me journ\u00e9e de comp\u00e9tition en greensome faisant suite \u00e0 un premier tour en quatre-balles, les sourires \u00e9taient fermement accroch\u00e9s sur les visages des membres des 32 duos engag\u00e9s, unis par les liens familiaux \u00e0 une ou deux g\u00e9n\u00e9rations d&rsquo;\u00e9cart. \u00ab Par rapport \u00e0 tous les tournois qu&rsquo;on a jou\u00e9s ou organis\u00e9s, il y a une ambiance particuli\u00e8re dans ce championnat : qu&rsquo;ils jouent bien ou mal, les gens ont toujours le sourire car ils jouent en famille. M\u00eame s&rsquo;il y a un r\u00e9el enjeu sportif avec un titre national \u00e0 aller chercher, c&rsquo;est avant tout un moment convivial \u00bb, appr\u00e9cient <strong>K\u00e9vin Turlan<\/strong> et <strong>Stanislas Caturla<\/strong>, deux des trois associ\u00e9s fondateurs (avec <strong>S\u00e9bastien Gros<\/strong>) de <strong>Win Events<\/strong>, l&rsquo;agence organisatrice.<\/p>\n<p>Le sourire \u00e9tait \u00e9videmment un peu plus prononc\u00e9 sur les visages de <strong>Philippe Schmohl <\/strong>et <strong>Anna Schmohl<\/strong>, laur\u00e9ats du classement brut et \u00e0 ce titre nouveaux champions de France Parent-Enfant. \u00ab C&rsquo;\u00e9tait un vrai r\u00e9gal de jouer avec ma fille, qui a connu une progression fulgurante cette ann\u00e9e. L&rsquo;an dernier, on \u00e9tait l\u00e0 pour bien figurer en net, et on avait fini 4es, et cette ann\u00e9e on pensait que \u00e7a allait \u00eatre tr\u00e8s dur parce qu&rsquo;Anna a baiss\u00e9 son index \u00e0 6 et qu&rsquo;\u00e0 onze ans le parcours est tr\u00e8s long pour elle. Mais elle a r\u00e9ussi \u00e0 compenser en ne faisant quasiment aucune erreur en deux jours\u00a0! \u00bb, se r\u00e9jouit ce p\u00e8re licenci\u00e9 \u00e0 <strong>Chiberta<\/strong>. \u00ab Il y avait de la pression et du plaisir\u00a0! Quand j&rsquo;ai su qu&rsquo;on \u00e9tait en t\u00eate apr\u00e8s le premier jour, j&rsquo;\u00e9tais \u00e0 la fois surprise et ravie. \u00c0 la fin du deuxi\u00e8me tour, savoir qu&rsquo;on avait gagn\u00e9, c&rsquo;\u00e9tait l&rsquo;apoth\u00e9ose. Je suis tr\u00e8s contente d&rsquo;avoir jou\u00e9 avec mon p\u00e8re, on a pass\u00e9 de supers moments \u00bb, rench\u00e9rit sa fille, qui participera la semaine prochaine \u00e0 la promotion du <strong>championnat de France U16 par \u00e9quipes<\/strong>, et dans quinze jours au <strong>championnat de France des Jeunes<\/strong> en cat\u00e9gorie U12.<\/p>\n","protected":false},"excerpt":{"rendered":"M\u00eame l&rsquo;averse tomb\u00e9e une heure apr\u00e8s la fin des parties, au moment de la remise des prix, n&rsquo;a&hellip;\n","protected":false},"author":2,"featured_media":231569,"comment_status":"","ping_status":"","sticky":false,"template":"","format":"standard","meta":{"footnotes":""},"categories":[1418],"tags":[1011,27,1472,60],"class_list":{"0":"post-231568","1":"post","2":"type-post","3":"status-publish","4":"format-standard","5":"has-post-thumbnail","7":"category-golf","8":"tag-fr","9":"tag-france","10":"tag-golf","11":"tag-sports"},"share_on_mastodon":{"url":"https:\/\/pubeurope.com\/@fr\/114809222182077699","error":""},"_links":{"self":[{"href":"https:\/\/www.europesays.com\/fr\/wp-json\/wp\/v2\/posts\/231568","targetHints":{"allow":["GET"]}}],"collection":[{"href":"https:\/\/www.europesays.com\/fr\/wp-json\/wp\/v2\/posts"}],"about":[{"href":"https:\/\/www.europesays.com\/fr\/wp-json\/wp\/v2\/types\/post"}],"author":[{"embeddable":true,"href":"https:\/\/www.europesays.com\/fr\/wp-json\/wp\/v2\/users\/2"}],"replies":[{"embeddable":true,"href":"https:\/\/www.europesays.com\/fr\/wp-json\/wp\/v2\/comments?post=231568"}],"version-history":[{"count":0,"href":"https:\/\/www.europesays.com\/fr\/wp-json\/wp\/v2\/posts\/231568\/revisions"}],"wp:featuredmedia":[{"embeddable":true,"href":"https:\/\/www.europesays.com\/fr\/wp-json\/wp\/v2\/media\/231569"}],"wp:attachment":[{"href":"https:\/\/www.europesays.com\/fr\/wp-json\/wp\/v2\/media?parent=231568"}],"wp:term":[{"taxonomy":"category","embeddable":true,"href":"https:\/\/www.europesays.com\/fr\/wp-json\/wp\/v2\/categories?post=231568"},{"taxonomy":"post_tag","embeddable":true,"href":"https:\/\/www.europesays.com\/fr\/wp-json\/wp\/v2\/tags?post=231568"}],"curies":[{"name":"wp","href":"https:\/\/api.w.org\/{rel}","templated":true}]}}