{"id":231570,"date":"2025-07-07T00:54:10","date_gmt":"2025-07-07T00:54:10","guid":{"rendered":"https:\/\/www.europesays.com\/fr\/231570\/"},"modified":"2025-07-07T00:54:10","modified_gmt":"2025-07-07T00:54:10","slug":"la-combinaison-gagnante-de-smaina-mampasse-et-jeremiah-ngodrela","status":"publish","type":"post","link":"https:\/\/www.europesays.com\/fr\/231570\/","title":{"rendered":"la combinaison gagnante de Sma\u00efna Mampasse et Jeremiah N\u2019Godrela"},"content":{"rendered":"<p>Tous deux engag\u00e9s dans la comp\u00e9tition \u00e0 Palau, la beach-volleyeuse Sma\u00efna Mampasse et l\u2019athl\u00e8te Jeremiah N\u2019Godrela partagent le point commun d\u2019allier avec succ\u00e8s parcours universitaire et projet sportif. Se rendre disponible pour la s\u00e9lection cal\u00e9donienne leur tient \u00e9galement \u00e0 c\u0153ur. Portraits crois\u00e9s.<\/p>\n<p>Sma\u00efna Mampasse est sortie d\u00e9\u00e7ue du <a href=\"https:\/\/la1ere.franceinfo.fr\/nouvellecaledonie\/mini-jeux-du-pacifique-2025-de-l-or-en-athletisme-la-suite-de-la-natation-et-les-volleyeurs-evinces-du-carre-1602162.html\" target=\"_blank\" rel=\"noopener nofollow\">tournoi de beach-volley<\/a>, aux Mini-jeux de Palau, convaincue que la paire form\u00e9e pour la premi\u00e8re fois avec G\u00f6imel Uedre, 17 ans, n\u2019a pas exprim\u00e9 son plein potentiel. <\/p>\n<p>\u00ab\u00a0Sur les trois matchs qu&rsquo;on a faits, on n&rsquo;a pas du tout fait notre jeu. On ne s\u2019est pas l\u00e2ch\u00e9es, on n\u2019a pas kiff\u00e9. On \u00e9tait plus en train de courir apr\u00e8s le score. Plein de petites erreurs qui, sur un set de 21 points, causent de gros retards\u00a0\u00bb, a confi\u00e9 la joueuse \u00e0 l\u2019issue du dernier match perdu contre Fidji, le samedi 5 juillet.<\/p>\n<p>Si les regrets sont l\u00e0, la joueuse originaire de Hiengh\u00e8ne reste lucide. \u00ab\u00a0Je garde un point positif : nous n\u2019avons eu qu\u2019une semaine ensemble \u00e0 Koror. Moi, j\u2019arrivais de l&rsquo;Hexagone, G\u00f6imel, de Lifou. En une semaine, on a fait des choses bien, mais pas assez pour montrer ce dont on \u00e9tait capable.\u00a0\u00bb\u00a0Une capacit\u00e9 d\u2019analyse que cette jeune femme athl\u00e9tique tient probablement de son parcours tr\u00e8s riche jusqu\u2019ici, avec la volont\u00e9 de toujours avancer.<\/p>\n<p>\u00ab\u00a0J\u2019ai commenc\u00e9 par le football \u00e0 Hiengh\u00e8ne sport, le futsal, le badminton et l\u2019athl\u00e9tisme ! C\u2019est le fait d\u2019avoir vu ma s\u0153ur partir aux Volleyades dans l\u2019Hexagone qui m\u2019a donn\u00e9 envie de pratiquer le volley. Monsieur [Jonathan] Taoupoulou m\u2019a ensuite d\u00e9tect\u00e9e en province Nord et j\u2019ai rejoint le centre territorial d\u2019entra\u00eenement qu\u2019il dirige \u00e0 Lifou, puis fait mes trois ann\u00e9es de lyc\u00e9e l\u00e0-bas. J\u2019\u00e9tais passeuse et lib\u00e9ro, parfois, du fait de ma d\u00e9tente. Il a vu aussi en moi des aptitudes pour le beach-volley.\u00a0\u00bb<\/p>\n<p>La suite, c\u2019est un d\u00e9part \u00e0 Montpellier o\u00f9 elle trouve un relais en la personne du fr\u00e8re de Jonathan Taoupoulou. Apr\u00e8s deux ans de licence STAPS qu\u2019elle ne peut terminer faute de stage en sport sant\u00e9, Sma\u00efna Mampasse s\u2019oriente vers une \u00e9cole de commerce, pour \u00e9viter de perdre une ann\u00e9e. \u00ab\u00a0J\u2019ai besoin de quelque chose qui m\u2019anime. J\u2019ai choisi le management sportif.\u00a0\u00bb<\/p>\n<p>La voil\u00e0 d\u00e9sormais en troisi\u00e8me ann\u00e9e. Si des rattrapages l\u2019attendent en raison de son d\u00e9placement aux Mini-jeux du Pacifique \u00e0 Palau, sa licence en contr\u00f4le continu est en bonne voie. Son dossier est par ailleurs accept\u00e9 pour un master \u00e0 Nancy en transformation de projet et accompagnement de l\u2019activit\u00e9 physique. \u00ab\u00a0C\u2019est pour manager les structures sportives, que ce soit du suivi d\u2019athl\u00e8te ou du soutien aux managers pour le suivi de la performance. C\u2019est pile-poil ce que je recherche au niveau du volley.\u00a0\u00bb<\/p>\n<p>Un sport qu\u2019elle continue de pratiquer en parall\u00e8le de ses \u00e9tudes, avec la m\u00eame d\u00e9termination. Si elle a d\u00e9but\u00e9 \u00ab\u00a0tout petit\u00a0\u00bb en r\u00e9gional, la joueuse a gravi les \u00e9chelons jusqu\u2019en pr\u00e9national et au-dessus. \u00ab\u00a0Je d\u00e9panne en Nationale 3, donc tout me sourit pour l\u2019instant. Comme je suis petite, j\u2019ai l\u2019habitude de gratter tout ce que je peux. J\u2019ai gratt\u00e9 la Nationale 3, et on a dit du bien de moi. Maintenant, je voudrais gratter la Nationale 2 dans la ville o\u00f9 je vais \u00eatre\u00a0\u00bb,\u00a0sourit-elle.<\/p>\n<p>C\u00f4t\u00e9 beach-volley, Sma\u00efna Mampasse a r\u00e9cemment int\u00e9gr\u00e9 l\u2019acad\u00e9mie de Montpellier, r\u00e9put\u00e9e pour sa formation des jeunes. Elle y profite d\u2019une technicienne de tr\u00e8s haut niveau avec Micha Formankova, triple championne de France de beach-volley et s\u00e9lectionneuse de l\u2019\u00c9gypte aux Jeux olympiques. \u00ab\u00a0Je l\u2019adore, et en plus c\u2019est une femme, j\u2019apprends beaucoup.\u00a0\u00bb<\/p>\n<p>Pendant un mois et dans la perspective des Mini-jeux, la volleyeuse de la c\u00f4te Est a encha\u00een\u00e9 les s\u00e9ances, matin et soir, toute la semaine, tout en poursuivant sa licence et son alternance. \u00ab\u00a0J\u2019essaye de surpasser les standards et j\u2019ai envie de performer dans les \u00e9tudes. On vient de loin, donc il faut r\u00e9ussir. C\u00f4t\u00e9 terrain, j\u2019ai connu les Mini-jeux en 2017, mais jamais les grands Jeux. C\u2019est un r\u00eave pour moi\u00a0\u00bb.<\/p>\n<p>Ce qui pourrait l\u2019en emp\u00eacher ? Pas grand-chose, semble-t-il. Elle est m\u00eame revenue sur les terrains apr\u00e8s une rupture des ligaments crois\u00e9s au retour du Vanuatu. Pour pr\u00e9parer Palau, en plus du mois pass\u00e9 \u00e0 l\u2019acad\u00e9mie de Montpellier, elle a accept\u00e9 un stage de trois semaines \u00e0 Noum\u00e9a et Lifou, pour travailler les r\u00e9glages avec G\u00f6imel Uedre et sous les ordres de Jonathan Taoupoulou.<\/p>\n<p>C\u2019est dans un nouveau r\u00f4le qu\u2019elle a v\u00e9cu ses deuxi\u00e8mes Mini-jeux. \u00ab\u00a0Je suis dans la peau d\u2019une a\u00een\u00e9e, c\u2019est gratifiant. J\u2019ai vraiment envie d\u2019aller chercher les plus grands tournois, de jouer \u00e0 l\u2019international. Depuis huit ans, je n\u2019ai pas l\u00e2ch\u00e9, en misant sur l\u2019humilit\u00e9 et le respect. J\u2019arrive \u00e0 trouver ma place, m\u00eame si parfois c\u2019est dur, mais j\u2019y arrive mieux aujourd\u2019hui.\u00a0\u00bb<\/p>\n<p>Lui aussi a les id\u00e9es tr\u00e8s claires sur ce qu\u2019il fait et ce qu\u2019il veut. Jeremiah N\u2019Godrela en a apport\u00e9 l\u2019illustration parfaite \u00e0 l\u2019issue de sa s\u00e9rie du 400\u00a0m samedi, qu\u2019il a remport\u00e9e en 49 secondes 38 sur la piste du stade national d\u2019athl\u00e9tisme de Koror. <\/p>\n<p>\u00ab\u00a0Je pense avoir respect\u00e9 les consignes de course. Le plus important n\u2019\u00e9tait pas le temps, mais la place. Je connaissais tr\u00e8s bien mon adversaire tahitien parce qu\u2019il \u00e9tait mon ancien partenaire d\u2019entra\u00eenement. Je sais que c\u2019est un gros finisseur. J\u2019en ai gard\u00e9 sous le pied et je savais qu\u2019\u00e0 la fin, ce serait le plus fort qui l\u2019emporterait. J\u2019ai mis tout ce que j\u2019avais pour terminer fort et remporter cette s\u00e9rie\u00a0\u00bb, a-t-il analys\u00e9 apr\u00e8s la course.<\/p>\n<p>Malgr\u00e9 des conditions difficiles, avec une piste tremp\u00e9e par la pluie et le vent de face, il a su garder le contr\u00f4le. \u00ab\u00a0J\u2019ai mis tout \u00e7a de c\u00f4t\u00e9 dans ma t\u00eate et je me suis dit : cette s\u00e9rie, ce sera ta finale et pas n\u2019importe quelle course.\u00a0\u00bb<\/p>\n<p>Comme Sma\u00efna Mampasse, Jeremiah N\u2019Godrela a choisi l\u2019Hexagone pour aller plus loin dans sa carri\u00e8re sportive et ses \u00e9tudes. Il s\u2019est install\u00e9 \u00e0 Toulon et a rejoint le club de l\u2019ASPTT o\u00f9 il a trouv\u00e9 un mentor et des partenaires d\u2019entra\u00eenement qu\u2019il appr\u00e9cie. Un tournant, pour ce coureur de 400\u00a0m. <\/p>\n<p>\u00ab\u00a0Pour moi, mon entra\u00eeneur Alexis Desjardins, c\u2019est le meilleur, sur tous les plans : que ce soit pour les entra\u00eenements et humainement. Je m\u2019entra\u00eene six fois par semaine. Sur mon jour de repos, j\u2019en profite pour aller chez le kin\u00e9 et r\u00e9cup\u00e9rer. Durant sa longue carri\u00e8re de coach, il a travaill\u00e9 dans le rugby, le foot.\u00a0\u00bb\u00a0Un Jeremiah que l\u2019on a vu pleinement \u00e9panoui \u00e0 Koror sur la piste. Et qui l\u2019est tout simplement dans sa vie.<\/p>\n<blockquote class=\"ftvi_content_quote\">\n<p class=\"ftvi_citation_quote\">Je pense que si j\u2019en suis l\u00e0 aujourd\u2019hui, c\u2019est gr\u00e2ce \u00e0 lui. Je voudrais vraiment le remercier parce qu\u2019il a \u00e9t\u00e9 plus qu\u2019un entra\u00eeneur. Il m\u2019a permis de me concentrer sur l\u2019athl\u00e9tisme.<\/p>\n<p>Jeremiah N&rsquo;Godrela, athl\u00e8te et \u00e9tudiant en STAPS dans l&rsquo;Hexagone.<\/p>\n<\/blockquote>\n<p>\u00ab\u00a0Je sors deuxi\u00e8me de ma promotion sur mes \u00e9tudes de STAPS. Je l\u2019ai valid\u00e9 avec mention bien. \u00c7a montre que l\u2019on peut s\u2019expatrier et continuer le sport, tout en r\u00e9ussissant les \u00e9tudes. C\u2019est le message que j\u2019aimerais passer en Nouvelle-Cal\u00e9donie\u00a0\u00bb,\u00a0conclut le jeune athl\u00e8te.<\/p>\n","protected":false},"excerpt":{"rendered":"Tous deux engag\u00e9s dans la comp\u00e9tition \u00e0 Palau, la beach-volleyeuse Sma\u00efna Mampasse et l\u2019athl\u00e8te Jeremiah N\u2019Godrela partagent le&hellip;\n","protected":false},"author":2,"featured_media":231571,"comment_status":"","ping_status":"","sticky":false,"template":"","format":"standard","meta":{"footnotes":""},"categories":[1417],"tags":[1011,27,60,1470,1469],"class_list":{"0":"post-231570","1":"post","2":"type-post","3":"status-publish","4":"format-standard","5":"has-post-thumbnail","7":"category-volley","8":"tag-fr","9":"tag-france","10":"tag-sports","11":"tag-volley","12":"tag-volleyball"},"share_on_mastodon":{"url":"https:\/\/pubeurope.com\/@fr\/114809226135279837","error":""},"_links":{"self":[{"href":"https:\/\/www.europesays.com\/fr\/wp-json\/wp\/v2\/posts\/231570","targetHints":{"allow":["GET"]}}],"collection":[{"href":"https:\/\/www.europesays.com\/fr\/wp-json\/wp\/v2\/posts"}],"about":[{"href":"https:\/\/www.europesays.com\/fr\/wp-json\/wp\/v2\/types\/post"}],"author":[{"embeddable":true,"href":"https:\/\/www.europesays.com\/fr\/wp-json\/wp\/v2\/users\/2"}],"replies":[{"embeddable":true,"href":"https:\/\/www.europesays.com\/fr\/wp-json\/wp\/v2\/comments?post=231570"}],"version-history":[{"count":0,"href":"https:\/\/www.europesays.com\/fr\/wp-json\/wp\/v2\/posts\/231570\/revisions"}],"wp:featuredmedia":[{"embeddable":true,"href":"https:\/\/www.europesays.com\/fr\/wp-json\/wp\/v2\/media\/231571"}],"wp:attachment":[{"href":"https:\/\/www.europesays.com\/fr\/wp-json\/wp\/v2\/media?parent=231570"}],"wp:term":[{"taxonomy":"category","embeddable":true,"href":"https:\/\/www.europesays.com\/fr\/wp-json\/wp\/v2\/categories?post=231570"},{"taxonomy":"post_tag","embeddable":true,"href":"https:\/\/www.europesays.com\/fr\/wp-json\/wp\/v2\/tags?post=231570"}],"curies":[{"name":"wp","href":"https:\/\/api.w.org\/{rel}","templated":true}]}}