{"id":231572,"date":"2025-07-07T00:55:10","date_gmt":"2025-07-07T00:55:10","guid":{"rendered":"https:\/\/www.europesays.com\/fr\/231572\/"},"modified":"2025-07-07T00:55:10","modified_gmt":"2025-07-07T00:55:10","slug":"un-toulonnais-dans-le-xv-des-revelations-de-lannee","status":"publish","type":"post","link":"https:\/\/www.europesays.com\/fr\/231572\/","title":{"rendered":"Un Toulonnais dans le XV des r\u00e9v\u00e9lations de l&rsquo;ann\u00e9e !"},"content":{"rendered":"<p>Ce dimanche, <a href=\"https:\/\/www.rugbyrama.fr\/2025\/07\/06\/top-14-thomas-moukoro-vannes-serial-marqueur-leclosion-de-fabien-brau-boirie-pau-notre-xv-des-revelations-de-la-saison-12809463.php\" rel=\"nofollow noopener\" target=\"_blank\">Midi Olympique<\/a> d\u00e9voile sa composition type des r\u00e9v\u00e9lations la saison 2024 \/ 2025 du Top 14.<\/p>\n<p>A noter qu\u2019un joueur du Rugby Club Toulonnais appara\u00eet dans cette composition, \u00e0 savoir l\u2019arri\u00e8re Marius Domon.<\/p>\n<p><strong>Voici ce qui est dit sur Marius Domon :\u00a0<\/strong><\/p>\n<p>\u00ab\u00a0Il a profit\u00e9 de l\u2019absence de Melvyn Jaminet durant la premi\u00e8re moiti\u00e9 de la saison pour r\u00e9cup\u00e9rer le poste d\u2019arri\u00e8re. Et franchement, il a plus qu\u2019assur\u00e9. Au total, l\u2019arri\u00e8re de 23 ans, originaire de Saint-Barth\u00e9l\u00e9my, a jou\u00e9 23 fois en championnat, marquant deux essais face \u00e0 Vannes (4e journ\u00e9e) et face \u00e0 Clermont (21e journ\u00e9e) o\u00f9 il a laiss\u00e9 sa carte de visite \u00e0 Moala, Tixeront, Sowakula et Newsome. Cette saison il a m\u00eame d\u00e9pann\u00e9 \u00e0 l\u2019ouverture. Une option en sortie de banc bienvenue pour Pierre Mignoni. Un profil prometteur qui a s\u00e9duit Fabien Galthi\u00e9, l\u2019appelant pour remplacer Cheikh Tiberghien en d\u00e9but de pr\u00e9paration de la tourn\u00e9e estivale. Et Domon n\u2019a pas uniquement tap\u00e9 dans l\u2019oeil du coach des Bleus, puisque de nombreuses \u00e9curies du championnat \u00e9taient venues aux renseignements pour l\u2019arri\u00e8re. Au final, Domon a prolong\u00e9 jusqu\u2019en 2028 avec le RCT.\u00a0\u00bb<\/p>\n<p><strong>Voici la composition type des r\u00e9v\u00e9lations de la saison selon Midi Olympique :<\/strong><\/p>\n<p>1. Thomas Moukoro (Vannes)<br \/>2. Lucas Martin (Bayonne)<br \/>3. R\u00e9gis Montagne (Clermont)<br \/>4. Junior Kpoku (Racing 92)<br \/>5. Timoth\u00e9 M\u00e9zou (Vannes)<br \/>6. Temo Matiu (UBB)<br \/>7. Esteban Capilla (Bayonne)<br \/>8. Beka Shvangiradze (Lyon)<br \/>9. Simon Daroque (Toulouse)<br \/>10. Valentin Delpy (Toulouse\/Perpignan)<br \/>11. Ma\u00ebl Moustin (Montpellier)<br \/>12. Fabien Brau-Boirie (Pau)<br \/>13. Robin Taccola (Vannes)<br \/>14. Hoani Bosmorin (La Rochelle)<br \/>15. Marius Domon (Toulon)<\/p>\n","protected":false},"excerpt":{"rendered":"Ce dimanche, Midi Olympique d\u00e9voile sa composition type des r\u00e9v\u00e9lations la saison 2024 \/ 2025 du Top 14.&hellip;\n","protected":false},"author":2,"featured_media":208962,"comment_status":"","ping_status":"","sticky":false,"template":"","format":"standard","meta":{"footnotes":""},"categories":[1416],"tags":[1011,27,479,1468,60],"class_list":{"0":"post-231572","1":"post","2":"type-post","3":"status-publish","4":"format-standard","5":"has-post-thumbnail","7":"category-rugby","8":"tag-fr","9":"tag-france","10":"tag-rugby","11":"tag-rugby-football","12":"tag-sports"},"share_on_mastodon":{"url":"https:\/\/pubeurope.com\/@fr\/114809229991565766","error":""},"_links":{"self":[{"href":"https:\/\/www.europesays.com\/fr\/wp-json\/wp\/v2\/posts\/231572","targetHints":{"allow":["GET"]}}],"collection":[{"href":"https:\/\/www.europesays.com\/fr\/wp-json\/wp\/v2\/posts"}],"about":[{"href":"https:\/\/www.europesays.com\/fr\/wp-json\/wp\/v2\/types\/post"}],"author":[{"embeddable":true,"href":"https:\/\/www.europesays.com\/fr\/wp-json\/wp\/v2\/users\/2"}],"replies":[{"embeddable":true,"href":"https:\/\/www.europesays.com\/fr\/wp-json\/wp\/v2\/comments?post=231572"}],"version-history":[{"count":0,"href":"https:\/\/www.europesays.com\/fr\/wp-json\/wp\/v2\/posts\/231572\/revisions"}],"wp:featuredmedia":[{"embeddable":true,"href":"https:\/\/www.europesays.com\/fr\/wp-json\/wp\/v2\/media\/208962"}],"wp:attachment":[{"href":"https:\/\/www.europesays.com\/fr\/wp-json\/wp\/v2\/media?parent=231572"}],"wp:term":[{"taxonomy":"category","embeddable":true,"href":"https:\/\/www.europesays.com\/fr\/wp-json\/wp\/v2\/categories?post=231572"},{"taxonomy":"post_tag","embeddable":true,"href":"https:\/\/www.europesays.com\/fr\/wp-json\/wp\/v2\/tags?post=231572"}],"curies":[{"name":"wp","href":"https:\/\/api.w.org\/{rel}","templated":true}]}}