{"id":231573,"date":"2025-07-07T00:56:15","date_gmt":"2025-07-07T00:56:15","guid":{"rendered":"https:\/\/www.europesays.com\/fr\/231573\/"},"modified":"2025-07-07T00:56:15","modified_gmt":"2025-07-07T00:56:15","slug":"wimbledon-atp-novak-djokovic-gagne-son-100e-match-a-wimbledon-20-ans-apres-le-premier","status":"publish","type":"post","link":"https:\/\/www.europesays.com\/fr\/231573\/","title":{"rendered":"Wimbledon ATP : Novak Djokovic gagne son 100e match \u00e0 Wimbledon, 20 ans apr\u00e8s le premier"},"content":{"rendered":"<p>Septuple vainqueur de Wimbledon, Novak Djokovic a obtenu la 100e victoire de sa carri\u00e8re au All England samedi contre son compatriote serbe Miomir Kecmanovic, un succ\u00e8s ais\u00e9 qui l&#8217;emm\u00e8ne en huiti\u00e8mes de finale.<\/p>\n<p><b>Novak Djokovic,<\/b> actuellement n\u00ba6 mondial, a dispos\u00e9 de son cadet, <b>Miomir Kecmanovic<\/b> (49e), en trois manches (6-3, 6-0, 6-4), une heure et quarante-sept minutes, sur le Court central, et affrontera l&rsquo;Australien <b>Alex De Minaur<\/b> (11e mondial).<\/p>\n<p>Le Serbe de 38 ans devient la troisi\u00e8me personne, hommes et femmes confondus, \u00e0 atteindre la barre des 100 matches gagn\u00e9s \u00e0 Wimbledon, apr\u00e8s <b>Martina Navratilova<\/b> (120) et <b>Roger Federer <\/b>(105).<\/p>\n<p>Son premier match remport\u00e9 sur l&rsquo;herbe du All England Club, contre l&rsquo;Argentin <b>Juan Monaco<\/b>, remonte \u00e0 2005 il y a vingt ans. Son adversaire samedi avait cinq ans \u00e0 l&rsquo;\u00e9poque.<\/p>\n<p>Physiquement, Djokovic s&rsquo;est montr\u00e9 \u00e0 son avantage depuis le d\u00e9but de la quinzaine \u00e0 Londres, lui qui cherche \u00e0 obtenir un 25e titre en Grand Chelem, un de plus que l&rsquo;Australienne <b>Margaret Court <\/b>avec laquelle il partage actuellement le record.<\/p>\n<p>Dans le premier set, \u00e0 4-3, il s&rsquo;est notamment distingu\u00e9 sur un plongeon victorieux pour contrer une tentative de passing de Kecmanovic, un coup gagnant sur le 13e et dernier tir d&rsquo;un \u00e9change \u00e0 rallonge. L&rsquo;homme aux 100 titres sur le circuit ATP en a m\u00eame ri, assis sur le gazon.<\/p>\n<p>\u00ab\u00a0Djoko\u00a0\u00bb n&rsquo;a laiss\u00e9 aucun jeu \u00e0 son adversaire dans la deuxi\u00e8me manche et il \u00e9tait proche de n&rsquo;en abandonner qu&rsquo;un seul dans la derni\u00e8re, \u00e0 5-1, avant de conna\u00eetre une baisse de r\u00e9gime notamment sur son service.<\/p>\n","protected":false},"excerpt":{"rendered":"Septuple vainqueur de Wimbledon, Novak Djokovic a obtenu la 100e victoire de sa carri\u00e8re au All England samedi&hellip;\n","protected":false},"author":2,"featured_media":231574,"comment_status":"","ping_status":"","sticky":false,"template":"","format":"standard","meta":{"footnotes":""},"categories":[1415],"tags":[1011,27,60,1467],"class_list":{"0":"post-231573","1":"post","2":"type-post","3":"status-publish","4":"format-standard","5":"has-post-thumbnail","7":"category-tennis","8":"tag-fr","9":"tag-france","10":"tag-sports","11":"tag-tennis"},"share_on_mastodon":{"url":"https:\/\/pubeurope.com\/@fr\/114809233912511724","error":""},"_links":{"self":[{"href":"https:\/\/www.europesays.com\/fr\/wp-json\/wp\/v2\/posts\/231573","targetHints":{"allow":["GET"]}}],"collection":[{"href":"https:\/\/www.europesays.com\/fr\/wp-json\/wp\/v2\/posts"}],"about":[{"href":"https:\/\/www.europesays.com\/fr\/wp-json\/wp\/v2\/types\/post"}],"author":[{"embeddable":true,"href":"https:\/\/www.europesays.com\/fr\/wp-json\/wp\/v2\/users\/2"}],"replies":[{"embeddable":true,"href":"https:\/\/www.europesays.com\/fr\/wp-json\/wp\/v2\/comments?post=231573"}],"version-history":[{"count":0,"href":"https:\/\/www.europesays.com\/fr\/wp-json\/wp\/v2\/posts\/231573\/revisions"}],"wp:featuredmedia":[{"embeddable":true,"href":"https:\/\/www.europesays.com\/fr\/wp-json\/wp\/v2\/media\/231574"}],"wp:attachment":[{"href":"https:\/\/www.europesays.com\/fr\/wp-json\/wp\/v2\/media?parent=231573"}],"wp:term":[{"taxonomy":"category","embeddable":true,"href":"https:\/\/www.europesays.com\/fr\/wp-json\/wp\/v2\/categories?post=231573"},{"taxonomy":"post_tag","embeddable":true,"href":"https:\/\/www.europesays.com\/fr\/wp-json\/wp\/v2\/tags?post=231573"}],"curies":[{"name":"wp","href":"https:\/\/api.w.org\/{rel}","templated":true}]}}