{"id":231575,"date":"2025-07-07T00:58:10","date_gmt":"2025-07-07T00:58:10","guid":{"rendered":"https:\/\/www.europesays.com\/fr\/231575\/"},"modified":"2025-07-07T00:58:10","modified_gmt":"2025-07-07T00:58:10","slug":"toprak-razgatlioglu-rugit-dans-le-motogp-le-coup-audacieux-de-pramac-racing-bouleverse-le-paysage-du-championnat","status":"publish","type":"post","link":"https:\/\/www.europesays.com\/fr\/231575\/","title":{"rendered":"Toprak Razgatlioglu rugit dans le MotoGP : le coup audacieux de Pramac Racing bouleverse le paysage du championnat."},"content":{"rendered":"<p>Le monde de la MotoGP est en \u00e9moi alors que Fonsi Nieto, le directeur sportif de Pramac Racing, r\u00e9v\u00e8le des d\u00e9tails internes sur l\u2019\u00e9tat actuel du championnat et l\u2019ajout imminent de Toprak Razgatlioglu \u00e0 l\u2019\u00e9quipe. Dans une interview exclusive avec Mundo Deportivo, Nieto plonge dans la transformation radicale de l\u2019\u00e9quipe la saison derni\u00e8re, passant des victoires au championnat au d\u00e9fi de d\u00e9velopper une nouvelle moto japonaise et de se battre pour les premi\u00e8res positions.  <\/p>\n<p>Nieto ne retient pas ses mots lorsqu\u2019il discute de la transition de l\u2019\u00e9quipe, soulignant la n\u00e9cessit\u00e9 de patience et d\u2019adaptation aux nouvelles dynamiques. Avec l\u2019acquisition de Toprak, le champion en titre de SBK, Pramac Racing se pr\u00e9pare pour une saison palpitante \u00e0 venir. Le directeur exprime sa confiance dans le potentiel de l\u2019\u00e9quipe, mettant en avant l\u2019excitation entourant l\u2019entr\u00e9e de Toprak en MotoGP en 2026.  <\/p>\n<p>De plus, Nieto \u00e9claire l\u2019\u00e9volution de l\u2019\u00e9tat d\u2019esprit des fabricants japonais, notant un changement vers une approche plus ouverte et agile. L\u2019optimisme du directeur est palpable alors qu\u2019il anticipe des victoires imminentes pour l\u2019\u00e9quipe, citant les r\u00e9cents presque succ\u00e8s \u00e0 Silverstone comme un signe prometteur de succ\u00e8s \u00e0 l\u2019horizon.  <\/p>\n<p>En r\u00e9fl\u00e9chissant \u00e0 la saison pass\u00e9e, Nieto exprime sa gratitude envers Ducati pour leur soutien ind\u00e9fectible et leur traitement \u00e9quitable des pilotes. Malgr\u00e9 les d\u00e9fis rencontr\u00e9s, semblables \u00e0 David contre Goliath, Nieto reconna\u00eet le professionnalisme et le fair-play de Ducati tout au long de la comp\u00e9tition.  <\/p>\n<p>Les r\u00e9flexions de Nieto s\u2019\u00e9tendent au domaine personnel alors qu\u2019il partage des sentiments sinc\u00e8res sur les r\u00e9cents revers de Jorge Mart\u00edn, soulignant la nature impr\u00e9visible du sport et la r\u00e9silience requise pour naviguer \u00e0 travers ses hauts et ses bas. Ses mots d\u2019encouragement et de soutien pour Mart\u00edn soulignent la camaraderie et la fraternit\u00e9 au sein de la communaut\u00e9 MotoGP.<\/p>\n<p>Alors que la conversation se tourne vers le prochain d\u00e9but de Toprak Razgatlioglu, Nieto loue le talent exceptionnel du prodige turc et pr\u00e9dit un spectacle spectaculaire sur la piste dans les saisons \u00e0 venir. L\u2019anticipation entourant l\u2019incursion de Toprak en MotoGP est palpable, avec des fans et des experts attendant avec impatience sa performance.  <\/p>\n<p>Dans un hommage poignant \u00e0 son d\u00e9funt oncle, \u00c1ngel Nieto, Fonsi Nieto se rem\u00e9more l\u2019esprit pionnier qui coule dans la famille et l\u2019impact profond de l\u2019h\u00e9ritage de son oncle sur le sport. De la r\u00e9volution de la couverture t\u00e9l\u00e9vis\u00e9e des courses de moto \u00e0 la fa\u00e7onner l\u2019avenir de MotoGP, l\u2019influence durable d\u2019\u00c1ngel Nieto est un t\u00e9moignage de sa passion et de son d\u00e9vouement au sport qu\u2019il aimait.  <\/p>\n<p>Alors que le MotoGP se pr\u00e9pare pour une saison palpitante \u00e0 venir, les r\u00e9v\u00e9lations et r\u00e9flexions de Fonsi Nieto offrent un aper\u00e7u des rouages internes du championnat, promettant aux fans une exp\u00e9rience \u00e9lectrisante remplie de drame, de triomphes et de l\u2019indomptable esprit de comp\u00e9tition.<\/p>\n","protected":false},"excerpt":{"rendered":"Le monde de la MotoGP est en \u00e9moi alors que Fonsi Nieto, le directeur sportif de Pramac Racing,&hellip;\n","protected":false},"author":2,"featured_media":231576,"comment_status":"","ping_status":"","sticky":false,"template":"","format":"standard","meta":{"footnotes":""},"categories":[1413],"tags":[1011,27,1457,1456,60,8341],"class_list":{"0":"post-231575","1":"post","2":"type-post","3":"status-publish","4":"format-standard","5":"has-post-thumbnail","7":"category-moto","8":"tag-fr","9":"tag-france","10":"tag-moto","11":"tag-motocycle","12":"tag-sports","13":"tag-toprak-razgatlioglu"},"share_on_mastodon":{"url":"https:\/\/pubeurope.com\/@fr\/114809241835796643","error":""},"_links":{"self":[{"href":"https:\/\/www.europesays.com\/fr\/wp-json\/wp\/v2\/posts\/231575","targetHints":{"allow":["GET"]}}],"collection":[{"href":"https:\/\/www.europesays.com\/fr\/wp-json\/wp\/v2\/posts"}],"about":[{"href":"https:\/\/www.europesays.com\/fr\/wp-json\/wp\/v2\/types\/post"}],"author":[{"embeddable":true,"href":"https:\/\/www.europesays.com\/fr\/wp-json\/wp\/v2\/users\/2"}],"replies":[{"embeddable":true,"href":"https:\/\/www.europesays.com\/fr\/wp-json\/wp\/v2\/comments?post=231575"}],"version-history":[{"count":0,"href":"https:\/\/www.europesays.com\/fr\/wp-json\/wp\/v2\/posts\/231575\/revisions"}],"wp:featuredmedia":[{"embeddable":true,"href":"https:\/\/www.europesays.com\/fr\/wp-json\/wp\/v2\/media\/231576"}],"wp:attachment":[{"href":"https:\/\/www.europesays.com\/fr\/wp-json\/wp\/v2\/media?parent=231575"}],"wp:term":[{"taxonomy":"category","embeddable":true,"href":"https:\/\/www.europesays.com\/fr\/wp-json\/wp\/v2\/categories?post=231575"},{"taxonomy":"post_tag","embeddable":true,"href":"https:\/\/www.europesays.com\/fr\/wp-json\/wp\/v2\/tags?post=231575"}],"curies":[{"name":"wp","href":"https:\/\/api.w.org\/{rel}","templated":true}]}}