{"id":231589,"date":"2025-07-07T01:06:12","date_gmt":"2025-07-07T01:06:12","guid":{"rendered":"https:\/\/www.europesays.com\/fr\/231589\/"},"modified":"2025-07-07T01:06:12","modified_gmt":"2025-07-07T01:06:12","slug":"gabin-13-ans-est-monte-sur-scene-avec-le-rappeur-de-caen-jyeuhair","status":"publish","type":"post","link":"https:\/\/www.europesays.com\/fr\/231589\/","title":{"rendered":"Gabin, 13 ans, est mont\u00e9 sur sc\u00e8ne avec le rappeur de Caen Jyeuhair"},"content":{"rendered":"<p>            Par<br \/>\n        <strong><br \/>\n            <a href=\"https:\/\/actu.fr\/auteur\/matgirard14\" title=\"Consulter tous les articles de Mathieu Girard\" target=\"_blank\" rel=\"noopener\">Mathieu Girard<\/a><br \/>\n        <\/strong><\/p>\n<p>        Publi\u00e9 le<\/p>\n<p>            6 juil. 2025 \u00e0 21h20        <\/p>\n<p><b>Journ\u00e9e mouvement\u00e9e<\/b>, ce dimanche 6 juillet 2025, pour Jyeuhair. Le rappeur de <a href=\"https:\/\/actu.fr\/normandie\/caen_14118\" target=\"_blank\" rel=\"noopener\">Caen<\/a> (Calvados) a d\u00fb avancer sa prestation de 20 minutes pour palier \u00e0 <a href=\"https:\/\/actu.fr\/normandie\/herouville-saint-clair_14327\/beauregard-2025-pourquoi-ce-concert-a-ete-subitement-interrompu-au-festival-ce-dimanche_62874942.html\" target=\"_blank\" rel=\"noopener\">l\u2019annulation de celui des Limi\u00f1anas<\/a>.\u00a0<\/p>\n<p>\u00ab Invite-moi sur sc\u00e8ne s\u2019il te plait \u00bb<\/p>\n<p class=\" wall-content\">Mais cet impr\u00e9vu a aussi co\u00efncid\u00e9 avec <b>un tr\u00e8s beau moment.<\/b> Au premier rang de la sc\u00e8ne John, Gabin, un fan \u00e2g\u00e9 de 13 ans, a pass\u00e9 tout le set juch\u00e9 sur les \u00e9paules de son p\u00e8re.<\/p>\n<p class=\" wall-content\">Dans ses mains, une pancarte de fortune, en carton, avec <b>un message s\u2019adressant directement \u00e0 son idole<\/b> :\u00a0<\/p>\n<blockquote class=\"ac-article-quote wall-content\">\n<p>Jyeuhar, tends-moi la main et invite-moi sur sc\u00e8ne s\u2019il te plait.\u00a0<\/p>\n<p>Gabin, 13 ans<\/p><\/blockquote>\n<p>    <img   decoding=\"async\" loading=\"lazy\" class=\"size-large\" src=\"https:\/\/www.europesays.com\/fr\/wp-content\/uploads\/2025\/07\/38b3ce5bca6867cb3ce5bca6850c3cv-960x640.jpeg\" alt=\"Le jeune Gabin avait bien pr\u00e9par\u00e9 son affaire.\" width=\"960\" height=\"640\"\/><br \/>\n    Le jeune Gabin avait bien pr\u00e9par\u00e9 son affaire. \u00a9Mathieu GirardIl chante Misatroa avec son idole<\/p>\n<p class=\" wall-content\">Qui ne tente n\u2019a rien comme on dit et le jeune amateur de hip-hop avait tr\u00e8s bien fait de venir pr\u00e9par\u00e9. Vers 18h30, alors que Jyeuhair en terminait, <b>il a invit\u00e9 l\u2019adolescent \u00e0 la rejoindre pour interpr\u00e9ter le dernier titre de son set<\/b>, Misatroa.\u00a0<\/p>\n<p class=\" wall-content\">Gabin n\u2019attendait que \u00e7a et a saisi sa chance en un quart de second. Une exp\u00e9rience forc\u00e9ment inoubliable pour lui, sous les yeux \u00e9mus de son papa, fier d\u2019assister aux d\u00e9buts sur sc\u00e8ne de son rejeton.\u00a0<\/p>\n<p>    <img   decoding=\"async\" loading=\"lazy\" class=\"size-large\" src=\"https:\/\/www.europesays.com\/fr\/wp-content\/uploads\/2025\/07\/643776eaca686883776eaca687c377v-960x640.jpeg\" alt=\"c\" width=\"960\" height=\"640\"\/><br \/>\n    Gabin a saisi sa chance et \u00e7a a pay\u00e9 ! \u00a9Mathieu Girard<\/p>\n<p class=\" wall-content\">Suivez toute l\u2019actualit\u00e9 de vos villes et m\u00e9dias favoris en vous inscrivant \u00e0 <a href=\"https:\/\/moncompte.actu.fr\" title=\"D\u00e9couvez Mon Actu\" rel=\"nofollow noopener\" data-trk=\"{&quot;cta&quot;:{&quot;action&quot;:&quot;https:\\\/\\\/moncompte.actu.fr&quot;,&quot;category&quot;:&quot;mon compte&quot;,&quot;from&quot;:&quot;article footer&quot;,&quot;name&quot;:&quot;Mon actu&quot;,&quot;type&quot;:&quot;cta&quot;}}\" target=\"_blank\">Mon Actu<\/a>.<\/p>\n","protected":false},"excerpt":{"rendered":"Par Mathieu Girard Publi\u00e9 le 6 juil. 2025 \u00e0 21h20 Journ\u00e9e mouvement\u00e9e, ce dimanche 6 juillet 2025, pour&hellip;\n","protected":false},"author":2,"featured_media":231590,"comment_status":"","ping_status":"","sticky":false,"template":"","format":"standard","meta":{"footnotes":""},"categories":[1355],"tags":[1697,58,59,36058,1011,27,1652,1361,873],"class_list":{"0":"post-231589","1":"post","2":"type-post","3":"status-publish","4":"format-standard","5":"has-post-thumbnail","7":"category-musique","8":"tag-concert","9":"tag-divertissement","10":"tag-entertainment","11":"tag-festival-beauregard","12":"tag-fr","13":"tag-france","14":"tag-loisirs-culture","15":"tag-music","16":"tag-musique"},"share_on_mastodon":{"url":"https:\/\/pubeurope.com\/@fr\/114809273433658826","error":""},"_links":{"self":[{"href":"https:\/\/www.europesays.com\/fr\/wp-json\/wp\/v2\/posts\/231589","targetHints":{"allow":["GET"]}}],"collection":[{"href":"https:\/\/www.europesays.com\/fr\/wp-json\/wp\/v2\/posts"}],"about":[{"href":"https:\/\/www.europesays.com\/fr\/wp-json\/wp\/v2\/types\/post"}],"author":[{"embeddable":true,"href":"https:\/\/www.europesays.com\/fr\/wp-json\/wp\/v2\/users\/2"}],"replies":[{"embeddable":true,"href":"https:\/\/www.europesays.com\/fr\/wp-json\/wp\/v2\/comments?post=231589"}],"version-history":[{"count":0,"href":"https:\/\/www.europesays.com\/fr\/wp-json\/wp\/v2\/posts\/231589\/revisions"}],"wp:featuredmedia":[{"embeddable":true,"href":"https:\/\/www.europesays.com\/fr\/wp-json\/wp\/v2\/media\/231590"}],"wp:attachment":[{"href":"https:\/\/www.europesays.com\/fr\/wp-json\/wp\/v2\/media?parent=231589"}],"wp:term":[{"taxonomy":"category","embeddable":true,"href":"https:\/\/www.europesays.com\/fr\/wp-json\/wp\/v2\/categories?post=231589"},{"taxonomy":"post_tag","embeddable":true,"href":"https:\/\/www.europesays.com\/fr\/wp-json\/wp\/v2\/tags?post=231589"}],"curies":[{"name":"wp","href":"https:\/\/api.w.org\/{rel}","templated":true}]}}