{"id":231601,"date":"2025-07-07T01:12:15","date_gmt":"2025-07-07T01:12:15","guid":{"rendered":"https:\/\/www.europesays.com\/fr\/231601\/"},"modified":"2025-07-07T01:12:15","modified_gmt":"2025-07-07T01:12:15","slug":"ce-ministre-de-donald-trump-recadre-elon-musk-qui-sacharne-en-politique","status":"publish","type":"post","link":"https:\/\/www.europesays.com\/fr\/231601\/","title":{"rendered":"Ce ministre de Donald Trump recadre Elon Musk qui s\u2019acharne en politique"},"content":{"rendered":"<p>        <img decoding=\"async\" loading=\"lazy\" src=\"https:\/\/www.europesays.com\/fr\/wp-content\/uploads\/2025\/07\/c20e882_sirius-fs-upload-1-urria6qfd8ln-1748760244102-000-48pc9xn.jpg\"  width=\"728\" height=\"409\" alt=\"Le ministre des Finances\u00a0Scott\u00a0Bessent\u00a0a recadr\u00e9 Elon Musk ce dimanche 6\u00a0juillet, estimant qu\u2019il devrait se consacrer \u00e0 ses entreprises plut\u00f4t qu\u2019\u00e0 la politique.\"\/>  <\/p>\n<p>ALLISON ROBBERT \/ AFP<\/p>\n<p>Le ministre des Finances\u00a0Scott\u00a0Bessent\u00a0a recadr\u00e9 Elon Musk ce dimanche 6\u00a0juillet, estimant qu\u2019il devrait se consacrer \u00e0 ses entreprises plut\u00f4t qu\u2019\u00e0 la politique.<\/p>\n<p class=\"asset asset-text\">ETATS-UNIS &#8211; Chacun son business. Le ministre am\u00e9ricain des Finances\u00a0<a href=\"https:\/\/www.huffingtonpost.fr\/international\/article\/les-etats-unis-decalent-encore-leur-ultimatum-sur-les-droits-de-douane-au-1er-aout_252291.html\" rel=\"nofollow noopener\" target=\"_blank\">Scott\u00a0Bessent\u00a0<\/a>a recadr\u00e9<a href=\"https:\/\/www.huffingtonpost.fr\/international\/video\/comment-les-satellites-starlink-d-elon-musk-sont-utilises-pour-le-narcotrafic-en-colombie_252162.html\" rel=\"nofollow noopener\" target=\"_blank\"> Elon Musk <\/a>ce dimanche 6\u00a0juillet, estimant que le multimilliardaire devrait se consacrer \u00e0 ses entreprises plut\u00f4t qu\u2019\u00e0 faire de la politique. Et ce, alors que le patron de Tesla et de X vient de lancer le<a href=\"https:\/\/www.huffingtonpost.fr\/international\/article\/elon-musk-lance-son-propre-parti-politique-le-parti-de-l-amerique-face-a-donald-trump_252271.html\" rel=\"nofollow noopener\" target=\"_blank\"> Parti de l\u2019Am\u00e9rique<\/a>, une formation politique pr\u00e9sent\u00e9e comme une\u00a0alternative\u00a0aux deux partis am\u00e9ricains dominants (d\u00e9mocrate et r\u00e9publicain). Une initiative jug\u00e9e \u00ab\u00a0ridicule\u00a0\u00bb par Donald Trump.<\/p>\n<p class=\"asset asset-text\">\u00ab\u00a0Je pense que les conseils d\u2019administration de ses diff\u00e9rentes entreprises voulaient qu\u2019il revienne diriger ces entreprises, ce \u00e0 quoi il est meilleur que quiconque\u00a0\u00bb, a r\u00e9agi Scott\u00a0Bessent, interrog\u00e9 sur CNN pour savoir si l\u2019annonce de la cr\u00e9ation d\u2019un nouveau parti par l\u2019homme le plus riche du monde inqui\u00e9tait l\u2019administration Trump.<\/p>\n<p class=\"asset asset-text\">\u00ab\u00a0J\u2019imagine que ces conseils d\u2019administration n\u2019ont pas appr\u00e9ci\u00e9 cette annonce d\u2019hier et vont l\u2019encourager \u00e0 se concentrer sur ses activit\u00e9s d\u2019entrepreneur, pas sur ses activit\u00e9s politiques\u00a0\u00bb, a-t-il poursuivi.<\/p>\n<p>    \u00ab\u00a0Les troisi\u00e8mes partis n\u2019ont jamais fonctionn\u00e9\u00a0\u00bb    <\/p>\n<p class=\"asset asset-text\">Selon lui, \u00ab\u00a0les principes\u00a0\u00bb d\u00e9fendus par la Commission pour l\u2019efficacit\u00e9 gouvernementale (Doge) dirig\u00e9e par Elon Musk ont \u00ab\u00a0\u00e9t\u00e9 tr\u00e8s populaires\u00a0\u00bb mais, \u00ab\u00a0lorsque l\u2019on regarde les sondages, Elon ne l\u2019\u00e9tait pas\u00a0\u00bb.<\/p>\n<p class=\"asset asset-text\">Le pr\u00e9sident am\u00e9ricain Donald Trump a, lui, qualifi\u00e9 dimanche de \u00ab\u00a0ridicule\u00a0\u00bb la d\u00e9cision d\u2019Elon Musk de cr\u00e9er un parti politique. \u00ab\u00a0 Nous connaissons un formidable succ\u00e8s avec le parti r\u00e9publicain\u00a0\u00bb, a-t-il d\u00e9clar\u00e9 \u00e0 des journalistes avant d\u2019embarquer dans son avion pour rentrer \u00e0 Washington. \u00ab\u00a0Les d\u00e9mocrates sont perdus, mais il y a toujours eu un syst\u00e8me bipartite et je pense que lancer un troisi\u00e8me parti ajoute simplement de la confusion\u00a0\u00bb, a poursuivi le chef de l\u2019Etat. \u00ab\u00a0Les troisi\u00e8mes partis n\u2019ont jamais fonctionn\u00e9\u00a0\u00bb, a-t-il ass\u00e9n\u00e9.<\/p>\n<p class=\"asset asset-text\">Elon Musk et Donald Trump ont pourtant \u00e9t\u00e9 tr\u00e8s proches. Elon Musk a contribu\u00e9 \u00e0 hauteur de plus de 270\u00a0millions de dollars \u00e0 la campagne du r\u00e9publicain pour la Maison Blanche et a, notamment, pilot\u00e9 pendant plusieurs mois la Doge, destin\u00e9e \u00e0 r\u00e9duire drastiquement les d\u00e9penses f\u00e9d\u00e9rales. Il \u00e9tait un habitu\u00e9 du Bureau ovale.<\/p>\n<p class=\"asset asset-text\">Il a quitt\u00e9 Doge en mai pour reprendre en main ses entreprises et en particulier le sp\u00e9cialiste des v\u00e9hicules \u00e9lectriques Tesla, dont l\u2019image et les ventes souffraient dans le monde du fait de cette collaboration.<\/p>\n<p>                     \u00ab\u00a0\u00c9puisement\u00a0\u00bb des investisseurs de Tesla    <\/p>\n<p class=\"asset asset-text\">Peu apr\u00e8s, les deux hommes ont durement et tr\u00e8s publiquement ferraill\u00e9 au sujet du projet de loi budg\u00e9taire de Donald Trump. Fermement oppos\u00e9 \u00e0 ce texte, dont il d\u00e9nonce l\u2019impact sur les finances publiques, Elon Musk avait promis de lancer son propre parti politique si le texte \u00e9tait adopt\u00e9. Il a mis sa menace \u00e0 ex\u00e9cution samedi, au lendemain de la promulgation en grande pompe de la \u00ab\u00a0grande et belle loi\u00a0\u00bb de Donald Trump, en annon\u00e7ant la cr\u00e9ation de sa formation, le \u00ab\u00a0parti de l\u2019Am\u00e9rique\u00a0\u00bb.<\/p>\n<p class=\"asset asset-text\">\u00ab\u00a0En plongeant encore plus profond\u00e9ment dans la politique (&#8230;), Musk part exactement dans la direction oppos\u00e9e de ce que les actionnaires\/investisseurs de Tesla veulent qu\u2019il fasse pendant cette p\u00e9riode cruciale dans l\u2019histoire de Tesla\u00a0\u00bb, a comment\u00e9 dimanche Dan Ives, analyste de Wedbush. \u00ab\u00a0Si le c\u0153ur des supporteurs de Musk le soutiendra co\u00fbte que co\u00fbte \u00e0 chaque tournant, il y a un sentiment g\u00e9n\u00e9ral d\u2019\u00e9puisement de la part de nombreux investisseurs de Tesla li\u00e9 au fait que Musk persiste sur la voie politique\u00a0\u00bb, a-t-il relev\u00e9, soulignant que le \u00ab\u00a0soulagement initial\u00a0\u00bb de son d\u00e9part de Doge avait \u00e9t\u00e9 \u00ab\u00a0de courte dur\u00e9e\u00a0\u00bb.<\/p>\n<p class=\"asset asset-text\">\u00ab\u00a0La situation a pris une mauvaise tournure\u00a0\u00bb avec cette annonce, a estim\u00e9 Dan Ives. Dans les \u00e9changes \u00e9lectroniques hors de l\u2019ouverture de la Bourse de New York, l\u2019action Tesla &#8211; tr\u00e8s volatile depuis toujours &#8211; reculait de 0,85\u00a0% dimanche \u00e0 la mi-journ\u00e9e.<\/p>\n","protected":false},"excerpt":{"rendered":"ALLISON ROBBERT \/ AFP Le ministre des Finances\u00a0Scott\u00a0Bessent\u00a0a recadr\u00e9 Elon Musk ce dimanche 6\u00a0juillet, estimant qu\u2019il devrait se&hellip;\n","protected":false},"author":2,"featured_media":231602,"comment_status":"","ping_status":"","sticky":false,"template":"","format":"standard","meta":{"footnotes":""},"categories":[6],"tags":[35,75,33,34,46,73,1011,27,14],"class_list":{"0":"post-231601","1":"post","2":"type-post","3":"status-publish","4":"format-standard","5":"has-post-thumbnail","7":"category-economie","8":"tag-business","9":"tag-donald-trump","10":"tag-economie","11":"tag-economy","12":"tag-elon-musk","13":"tag-etats-unis","14":"tag-fr","15":"tag-france","16":"tag-international"},"share_on_mastodon":{"url":"https:\/\/pubeurope.com\/@fr\/114809296955290847","error":""},"_links":{"self":[{"href":"https:\/\/www.europesays.com\/fr\/wp-json\/wp\/v2\/posts\/231601","targetHints":{"allow":["GET"]}}],"collection":[{"href":"https:\/\/www.europesays.com\/fr\/wp-json\/wp\/v2\/posts"}],"about":[{"href":"https:\/\/www.europesays.com\/fr\/wp-json\/wp\/v2\/types\/post"}],"author":[{"embeddable":true,"href":"https:\/\/www.europesays.com\/fr\/wp-json\/wp\/v2\/users\/2"}],"replies":[{"embeddable":true,"href":"https:\/\/www.europesays.com\/fr\/wp-json\/wp\/v2\/comments?post=231601"}],"version-history":[{"count":0,"href":"https:\/\/www.europesays.com\/fr\/wp-json\/wp\/v2\/posts\/231601\/revisions"}],"wp:featuredmedia":[{"embeddable":true,"href":"https:\/\/www.europesays.com\/fr\/wp-json\/wp\/v2\/media\/231602"}],"wp:attachment":[{"href":"https:\/\/www.europesays.com\/fr\/wp-json\/wp\/v2\/media?parent=231601"}],"wp:term":[{"taxonomy":"category","embeddable":true,"href":"https:\/\/www.europesays.com\/fr\/wp-json\/wp\/v2\/categories?post=231601"},{"taxonomy":"post_tag","embeddable":true,"href":"https:\/\/www.europesays.com\/fr\/wp-json\/wp\/v2\/tags?post=231601"}],"curies":[{"name":"wp","href":"https:\/\/api.w.org\/{rel}","templated":true}]}}