{"id":231607,"date":"2025-07-07T01:15:17","date_gmt":"2025-07-07T01:15:17","guid":{"rendered":"https:\/\/www.europesays.com\/fr\/231607\/"},"modified":"2025-07-07T01:15:17","modified_gmt":"2025-07-07T01:15:17","slug":"f1-gigantesque-course-hulkenberg-heros-de-sauber-sur-le-podium-enorme-gasly-uk","status":"publish","type":"post","link":"https:\/\/www.europesays.com\/fr\/231607\/","title":{"rendered":"F1 Gigantesque course, Hulkenberg h\u00e9ros de Sauber sur le podium, \u00e9norme Gasly ! (UK)"},"content":{"rendered":"<p>Le Grand-Prix de Grande Bretagne de F1 s\u2019annon\u00e7ait exceptionnel, il aura tenu toutes ses promesses. Apr\u00e8s plusieurs voitures de s\u00e9curit\u00e9, des averses, des accrochages et des crashs, Mclaren signe le doubl\u00e9 avec, pour Lando Norris, l\u2019immense joie de triompher chez lui, \u00e0 Silverstone. Oscar Piastri, deuxi\u00e8me, aura pay\u00e9 cher son freinage jug\u00e9 dangereux, juste avant de la course, puni\u00e9 de 10 secondes.<\/p>\n<p>F1 : l\u2019homme du jour voire, de la saison, c\u2019est super-Hulk !<\/p>\n<p>Derri\u00e8re, Nico Hulkenberg l\u2019a en enfin fait ! Le pilote allemand d\u00e9croche son premier podium en F1, avec Sauber, qui n\u2019avait pas \u00e9t\u00e9 vue dans le trio de t\u00eate depuis de nombreuses ann\u00e9es. A savoir, depuis 2012 \u00e0 Suzuka, avec Kamui Kobayashi. Il partait dix-neuvi\u00e8me sur la <a href=\"https:\/\/lemagsportauto.ouest-france.fr\/f1-nouvelle-grille-de-depart-le-classement-transfigure-apres-application-de-2-penalisations\/106454\/\" target=\"_blank\" rel=\"noopener\">grille de d\u00e9part<\/a>, le HULK est r\u00e9ellement ENORME. Derri\u00e8re, Lewis Hamilton n\u2019a pas d\u00e9m\u00e9rit\u00e9 mais il a manqu\u00e9 de constance, pour pr\u00e9tendre au podium. Son \u00e9quipe, Ferrari, a peut-\u00eatre aussi commis une erreur, en l\u2019arr\u00eatant un tour trop t\u00f4t, pour les slicks.<\/p>\n<p>Max Verstappen prend une bien terne cinqui\u00e8me place, lui aussi apr\u00e8s plusieurs erreurs. Il perd gros au classement des pilotes, face aux Mclaren. A la sixi\u00e8me place, Pierre Gasly aura \u00e9t\u00e9 grandissime aujourd\u2019hui. Avec une A525 qui n\u2019\u00e9volue plus, le Fran\u00e7ais savait qu\u2019il se devait de saisir sa chance, en cas de pluie. L\u2019int\u00e9ress\u00e9 enregistre son meilleur classement de la saison. 8 points tr\u00e8s pr\u00e9cieux, pour Enstone.<\/p>\n<p>Longuement dans le trio de t\u00eate, Lance Stroll a vu ses pneus tendres s\u2019effondrer, en fin de course. Le Canadien d\u00e9croche toutefois une tr\u00e8s honorable septi\u00e8me place. Alexander Albon, solide avec une Williams peu \u00e0 son aise, prend la huiti\u00e8me place, devant Fernando Alonso. Pour sa part, George Russell a probablement perdu toute chance de se classer dans le top six en entrant trop t\u00f4t dans les stands, pour changer de gommes. Son \u00e9quipe lui avait pourtant conseill\u00e9 de patienter\u2026<\/p>\n<p>Notons aussi, l\u2019accrochage entre les deux pilotes Haas, Esteban Ocon et Bearman, ainsi que le crash d\u2019Isack Hadjar. Pour sa part, le deuxi\u00e8me pilote Alpine, Franco Colapinto, n\u2019a m\u00eame pas pris le d\u00e9part, en raison d\u2019un probl\u00e8me de boite de vitesses. Place au classement complet.<\/p>\n<ol>\n<li>Norris<\/li>\n<li>Piastri<\/li>\n<li>Hulkenberg<\/li>\n<li>Hamilton<\/li>\n<li>Verstappen<\/li>\n<li>Gasly<\/li>\n<li>Stroll<\/li>\n<li>Albon<\/li>\n<li>Alonso<\/li>\n<li>Russell<\/li>\n<li>Bearman<\/li>\n<li>Sainz<\/li>\n<li>Ocon<\/li>\n<li>Leclerc<\/li>\n<li>Tsunoda<\/li>\n<\/ol>\n<blockquote class=\"twitter-tweet\">\n<p dir=\"ltr\" lang=\"en\">THE TOP 10 AT SILVERSTONE \ud83d\udc4f<a href=\"https:\/\/twitter.com\/hashtag\/F1?src=hash&amp;ref_src=twsrc%5Etfw\" target=\"_blank\" rel=\"noopener\">#F1<\/a> <a href=\"https:\/\/twitter.com\/hashtag\/BritishGP?src=hash&amp;ref_src=twsrc%5Etfw\" target=\"_blank\" rel=\"noopener\">#BritishGP<\/a> <a href=\"https:\/\/t.co\/FKv8RznzUm\" target=\"_blank\">pic.twitter.com\/FKv8RznzUm<\/a><\/p>\n<p>\u2014 Formula 1 (@F1) <a href=\"https:\/\/twitter.com\/F1\/status\/1941889045132402689?ref_src=twsrc%5Etfw\" target=\"_blank\" rel=\"noopener\">July 6, 2025<\/a><\/p>\n<\/blockquote>\n<p>Article publi\u00e9 le 06\/07\/2025 \u00e0 17h57<\/p>\n<p>                                                            <script async src=\"https:\/\/platform.twitter.com\/widgets.js\" charset=\"utf-8\"><\/script><\/p>\n","protected":false},"excerpt":{"rendered":"Le Grand-Prix de Grande Bretagne de F1 s\u2019annon\u00e7ait exceptionnel, il aura tenu toutes ses promesses. Apr\u00e8s plusieurs voitures&hellip;\n","protected":false},"author":2,"featured_media":231608,"comment_status":"","ping_status":"","sticky":false,"template":"","format":"standard","meta":{"footnotes":""},"categories":[2],"tags":[11,6466,1451,1011,27,12,28393],"class_list":{"0":"post-231607","1":"post","2":"type-post","3":"status-publish","4":"format-standard","5":"has-post-thumbnail","7":"category-actualites","8":"tag-actualites","9":"tag-course","10":"tag-f1","11":"tag-fr","12":"tag-france","13":"tag-news","14":"tag-nico-hulkenberg"},"share_on_mastodon":{"url":"https:\/\/pubeurope.com\/@fr\/114809308650775529","error":""},"_links":{"self":[{"href":"https:\/\/www.europesays.com\/fr\/wp-json\/wp\/v2\/posts\/231607","targetHints":{"allow":["GET"]}}],"collection":[{"href":"https:\/\/www.europesays.com\/fr\/wp-json\/wp\/v2\/posts"}],"about":[{"href":"https:\/\/www.europesays.com\/fr\/wp-json\/wp\/v2\/types\/post"}],"author":[{"embeddable":true,"href":"https:\/\/www.europesays.com\/fr\/wp-json\/wp\/v2\/users\/2"}],"replies":[{"embeddable":true,"href":"https:\/\/www.europesays.com\/fr\/wp-json\/wp\/v2\/comments?post=231607"}],"version-history":[{"count":0,"href":"https:\/\/www.europesays.com\/fr\/wp-json\/wp\/v2\/posts\/231607\/revisions"}],"wp:featuredmedia":[{"embeddable":true,"href":"https:\/\/www.europesays.com\/fr\/wp-json\/wp\/v2\/media\/231608"}],"wp:attachment":[{"href":"https:\/\/www.europesays.com\/fr\/wp-json\/wp\/v2\/media?parent=231607"}],"wp:term":[{"taxonomy":"category","embeddable":true,"href":"https:\/\/www.europesays.com\/fr\/wp-json\/wp\/v2\/categories?post=231607"},{"taxonomy":"post_tag","embeddable":true,"href":"https:\/\/www.europesays.com\/fr\/wp-json\/wp\/v2\/tags?post=231607"}],"curies":[{"name":"wp","href":"https:\/\/api.w.org\/{rel}","templated":true}]}}