{"id":231609,"date":"2025-07-07T01:17:19","date_gmt":"2025-07-07T01:17:19","guid":{"rendered":"https:\/\/www.europesays.com\/fr\/231609\/"},"modified":"2025-07-07T01:17:19","modified_gmt":"2025-07-07T01:17:19","slug":"le-melies-ressuscite-la-gloire-de-mon-pere-au-cinema-a-saint-etienne","status":"publish","type":"post","link":"https:\/\/www.europesays.com\/fr\/231609\/","title":{"rendered":"LE M\u00c9LI\u00c8S RESSUSCITE LA GLOIRE DE MON P\u00c8RE AU CIN\u00c9MA \u00c0 SAINT-\u00c9TIENNE"},"content":{"rendered":"<p>L\u2019\u00e9tablissement st\u00e9phanois a choisi \u00ab\u00a0La Gloire de mon P\u00e8re\u00a0\u00bb, adaptation cin\u00e9matographique du c\u00e9l\u00e8bre roman autobiographique de Marcel Pagnol. Ce choix n\u2019est pas anodin : le film d\u2019Yves Robert, sorti en 1990, incarne parfaitement l\u2019esprit familial et nostalgique que le cin\u00e9ma fran\u00e7ais sait si bien transmettre.<\/p>\n<p>L\u2019\u0153uvre, qui raconte l\u2019enfance proven\u00e7ale de Marcel Pagnol et ses premi\u00e8res d\u00e9couvertes de la nature lors des vacances familiales, trouve une nouvelle dimension sur grand \u00e9cran. Les paysages m\u00e9diterran\u00e9ens, les dialogues savoureux et les performances remarquables de Philippe Caub\u00e8re et Nathalie Roussel reprennent vie dans conditions optimales de projection.<\/p>\n<p>Trois rendez-vous pour une immersion totale<\/p>\n<p>Le programme s\u2019\u00e9tale sur une semaine compl\u00e8te, offrant plusieurs opportunit\u00e9s de plong\u00e9e dans l\u2019univers pagnolien. La premi\u00e8re s\u00e9ance, programm\u00e9e samedi 19 juillet \u00e0 19h00, inaugurera cette nouvelle formule en soir\u00e9e. Le dimanche 20 juillet, une s\u00e9ance matinale \u00e0 14h00 permettra aux familles de partager ensemble ce moment de cin\u00e9ma interg\u00e9n\u00e9rationnel. La programmation se cl\u00f4turera le dimanche 27 juillet \u00e0 11h00, proposant une derni\u00e8re occasion de savourer cette \u0153uvre intemporelle dans l\u2019atmosph\u00e8re unique d\u2019une salle de cin\u00e9ma.<\/p>\n","protected":false},"excerpt":{"rendered":"L\u2019\u00e9tablissement st\u00e9phanois a choisi \u00ab\u00a0La Gloire de mon P\u00e8re\u00a0\u00bb, adaptation cin\u00e9matographique du c\u00e9l\u00e8bre roman autobiographique de Marcel Pagnol.&hellip;\n","protected":false},"author":2,"featured_media":231610,"comment_status":"","ping_status":"","sticky":false,"template":"","format":"standard","meta":{"footnotes":""},"categories":[9653],"tags":[1111,11,2430,37061,1777,674,1011,27,3367,12,25,4001],"class_list":{"0":"post-231609","1":"post","2":"type-post","3":"status-publish","4":"format-standard","5":"has-post-thumbnail","7":"category-saint-etienne","8":"tag-actu","9":"tag-actualites","10":"tag-auvergne-rhone-alpes","11":"tag-cinema-42","12":"tag-eu","13":"tag-europe","14":"tag-fr","15":"tag-france","16":"tag-loire","17":"tag-news","18":"tag-republique-francaise","19":"tag-saint-etienne"},"share_on_mastodon":{"url":"https:\/\/pubeurope.com\/@fr\/114809316529930077","error":""},"_links":{"self":[{"href":"https:\/\/www.europesays.com\/fr\/wp-json\/wp\/v2\/posts\/231609","targetHints":{"allow":["GET"]}}],"collection":[{"href":"https:\/\/www.europesays.com\/fr\/wp-json\/wp\/v2\/posts"}],"about":[{"href":"https:\/\/www.europesays.com\/fr\/wp-json\/wp\/v2\/types\/post"}],"author":[{"embeddable":true,"href":"https:\/\/www.europesays.com\/fr\/wp-json\/wp\/v2\/users\/2"}],"replies":[{"embeddable":true,"href":"https:\/\/www.europesays.com\/fr\/wp-json\/wp\/v2\/comments?post=231609"}],"version-history":[{"count":0,"href":"https:\/\/www.europesays.com\/fr\/wp-json\/wp\/v2\/posts\/231609\/revisions"}],"wp:featuredmedia":[{"embeddable":true,"href":"https:\/\/www.europesays.com\/fr\/wp-json\/wp\/v2\/media\/231610"}],"wp:attachment":[{"href":"https:\/\/www.europesays.com\/fr\/wp-json\/wp\/v2\/media?parent=231609"}],"wp:term":[{"taxonomy":"category","embeddable":true,"href":"https:\/\/www.europesays.com\/fr\/wp-json\/wp\/v2\/categories?post=231609"},{"taxonomy":"post_tag","embeddable":true,"href":"https:\/\/www.europesays.com\/fr\/wp-json\/wp\/v2\/tags?post=231609"}],"curies":[{"name":"wp","href":"https:\/\/api.w.org\/{rel}","templated":true}]}}