{"id":231621,"date":"2025-07-07T01:38:11","date_gmt":"2025-07-07T01:38:11","guid":{"rendered":"https:\/\/www.europesays.com\/fr\/231621\/"},"modified":"2025-07-07T01:38:11","modified_gmt":"2025-07-07T01:38:11","slug":"un-homme-saute-depuis-un-pont-et-meurt-noye-dans-le-rhin","status":"publish","type":"post","link":"https:\/\/www.europesays.com\/fr\/231621\/","title":{"rendered":"Un homme saute depuis un pont et meurt noy\u00e9 dans le Rhin"},"content":{"rendered":"<p>Ce dimanche matin, pr\u00e8s de <a href=\"https:\/\/www.20minutes.fr\/strasbourg\/\" class=\"color-ultramarine c-link\" target=\"_blank\" rel=\"noopener\">Strasbourg<\/a>, un homme est mort noy\u00e9 dans le fleuve <a href=\"https:\/\/www.20minutes.fr\/dossier\/rhin\" class=\"color-ultramarine c-link\" target=\"_blank\" rel=\"noopener\">Rhin <\/a>apr\u00e8s avoir saut\u00e9 depuis une passerelle pour des raisons qui sont encore inconnues. Selon <a href=\"https:\/\/france3-regions.franceinfo.fr\/grand-est\/bas-rhin\/strasbourg-0\/un-homme-meurt-noye-apres-s-etre-jete-d-une-passerelle-dans-le-rhin-3183774.html\" rel=\"nofollow noopener\" target=\"_blank\" class=\"color-ultramarine c-link\">France 3<\/a>, il se trouvait sur l\u2019ouvrage avec une autre personne.<\/p>\n<p>Vers 8h20, ce dimanche, les forces de l\u2019ordre ont re\u00e7u l\u2019appel de personnes qui s\u2019inqui\u00e9taient de voir deux hommes se tenir debout sur la rambarde du pont reliant la commune de Khel \u00e0 Strasbourg.<\/p>\n<p>A bout de force, il se noie<\/p>\n<p>Dans la foul\u00e9e, l\u2019un des deux hommes a saut\u00e9 volontairement dans le Rhin puis il s\u2019est mis \u00e0 nager en aval selon nos confr\u00e8res. Mais le courant lui a fait perdre rapidement ses forces et il n\u2019a pas \u00e9t\u00e9 en mesure de rejoindre la berge.<\/p>\n<\/p>\n<p>Entre-temps, les secours sont arriv\u00e9s et ils sont parvenus \u00e0 rep\u00eacher le nageur, inconscient, et \u00e0 le ramener sur la berge. Malheureusement, les tentatives de r\u00e9animation sont rest\u00e9es vaines et il a \u00e9t\u00e9 d\u00e9clar\u00e9 d\u00e9c\u00e9d\u00e9 sur place.<\/p>\n<p><a href=\"https:\/\/www.20minutes.fr\/dossier\/noyade\" class=\"c-link c-btn c-btn--primary\" target=\"_blank\" rel=\"noopener\">Notre dossier sur les noyades<\/a><\/p>\n<p>Une enqu\u00eate a \u00e9t\u00e9 ouverte pour identifier la victime et tenter de d\u00e9terminer ses motivations. On ignore \u00e0 ce stade si la personne qui se trouvait sur le pont avec le noy\u00e9 a \u00e9t\u00e9 entendue par la police.<\/p>\n","protected":false},"excerpt":{"rendered":"Ce dimanche matin, pr\u00e8s de Strasbourg, un homme est mort noy\u00e9 dans le fleuve Rhin apr\u00e8s avoir saut\u00e9&hellip;\n","protected":false},"author":2,"featured_media":231622,"comment_status":"","ping_status":"","sticky":false,"template":"","format":"standard","meta":{"footnotes":""},"categories":[2820],"tags":[1111,47,11,2389,2649,1067,1777,674,118,32807,1011,27,775,12,7781,25,640],"class_list":{"0":"post-231621","1":"post","2":"type-post","3":"status-publish","4":"format-standard","5":"has-post-thumbnail","7":"category-strasbourg","8":"tag-actu","9":"tag-actualite","10":"tag-actualites","11":"tag-alsace","12":"tag-bas-rhin","13":"tag-enquete","14":"tag-eu","15":"tag-europe","16":"tag-faits-divers","17":"tag-faits-divers-strasbourg","18":"tag-fr","19":"tag-france","20":"tag-grand-est","21":"tag-news","22":"tag-noyade","23":"tag-republique-francaise","24":"tag-strasbourg"},"share_on_mastodon":{"url":"https:\/\/pubeurope.com\/@fr\/114809399228265166","error":""},"_links":{"self":[{"href":"https:\/\/www.europesays.com\/fr\/wp-json\/wp\/v2\/posts\/231621","targetHints":{"allow":["GET"]}}],"collection":[{"href":"https:\/\/www.europesays.com\/fr\/wp-json\/wp\/v2\/posts"}],"about":[{"href":"https:\/\/www.europesays.com\/fr\/wp-json\/wp\/v2\/types\/post"}],"author":[{"embeddable":true,"href":"https:\/\/www.europesays.com\/fr\/wp-json\/wp\/v2\/users\/2"}],"replies":[{"embeddable":true,"href":"https:\/\/www.europesays.com\/fr\/wp-json\/wp\/v2\/comments?post=231621"}],"version-history":[{"count":0,"href":"https:\/\/www.europesays.com\/fr\/wp-json\/wp\/v2\/posts\/231621\/revisions"}],"wp:featuredmedia":[{"embeddable":true,"href":"https:\/\/www.europesays.com\/fr\/wp-json\/wp\/v2\/media\/231622"}],"wp:attachment":[{"href":"https:\/\/www.europesays.com\/fr\/wp-json\/wp\/v2\/media?parent=231621"}],"wp:term":[{"taxonomy":"category","embeddable":true,"href":"https:\/\/www.europesays.com\/fr\/wp-json\/wp\/v2\/categories?post=231621"},{"taxonomy":"post_tag","embeddable":true,"href":"https:\/\/www.europesays.com\/fr\/wp-json\/wp\/v2\/tags?post=231621"}],"curies":[{"name":"wp","href":"https:\/\/api.w.org\/{rel}","templated":true}]}}