{"id":231623,"date":"2025-07-07T01:39:11","date_gmt":"2025-07-07T01:39:11","guid":{"rendered":"https:\/\/www.europesays.com\/fr\/231623\/"},"modified":"2025-07-07T01:39:11","modified_gmt":"2025-07-07T01:39:11","slug":"quels-produits-typiques-rapporter-de-la-cote-dazur-cet-ete","status":"publish","type":"post","link":"https:\/\/www.europesays.com\/fr\/231623\/","title":{"rendered":"Quels produits typiques rapporter de la C\u00f4te d\u2019Azur cet \u00e9t\u00e9?"},"content":{"rendered":"<p>                                <b>Go\u00fbtez les saveurs de la C\u00f4te d\u2019Azur<\/b><\/p>\n<p>\u00c9voquer la C\u00f4te d\u2019Azur, c\u2019est aussit\u00f4t penser \u00e0 la richesse de ses tr\u00e9sors gustatifs\u202f! Terre de soleil et de contrastes, entre mer et collines parfum\u00e9es, elle offre une palette de douceurs qui refl\u00e8tent tout son art de vivre. Depuis 1921, la <b>Confiserie Florian<\/b>, sur le Port de Nice et dans les Gorges du Loup, enchante nos papilles avec ses p\u00e9tales de rose cristallis\u00e9es, ses calissons, ses confitures aux agrumes, et autres cl\u00e9mentines confites, v\u00e9ritables joyaux sucr\u00e9s \u00e0 croquer sur la route des vacances.<\/p>\n<p>Du mendiant d\u00e9licatement parfum\u00e9 aux agrumes jusqu\u2019aux tablettes illustrant les motifs de la C\u00f4te d\u2019Azur, la chocolaterie <b>Choco Mon Amour<\/b> nous fait fondre avec ses cr\u00e9ations artisanales, mariant le chocolat \u00e0 des saveurs locales inspir\u00e9es des collines de Bellet, pour un instant de douceur infinie. Sur les hauteurs de Menton, la <b>Maison Gannac<\/b> cultive le mythique citron labellis\u00e9\u00a0 IGP, gorg\u00e9 de soleil, qu\u2019elle transforme en confitures g\u00e9n\u00e9reuses, en p\u00e2te \u00e0 tartiner ou encore en limoncello*, \u00e0 savourer \u00e0 l\u2019ombre d\u2019un oranger. Ici, la passion se transmet de p\u00e8re en fils, au c\u0153ur d\u2019un jardin extraordinaire o\u00f9 se m\u00ealent plantes exotiques, fleurs et agrumes d\u2019exception.<\/p>\n<p>Quant \u00e0 la <b>Biscuiterie d\u2019Azur<\/b>, elle perp\u00e9tue la tradition des croquants, canistrelli et navettes d\u00e9licatement parfum\u00e9s \u00e0 la fleur d\u2019oranger, \u00e0 l\u2019anis ou \u00e0 l\u2019amande, de petits plaisirs croquants \u00e0 partager \u00e0 l\u2019heure du go\u00fbter, un verre de citronnade \u00e0 la main! On succombe volontiers \u00e0 ces palets au citron, d\u00e9licatement nich\u00e9s dans leur belle bo\u00eete en m\u00e9tal illustr\u00e9e aux couleurs \u00e9clatantes de la C\u00f4te d\u2019Azur.<\/p>\n<p>Rien n\u2019incarne mieux la g\u00e9n\u00e9rosit\u00e9 de la C\u00f4te d\u2019Azur que l\u2019huile d\u2019olive, v\u00e9ritable pilier de son art de vivre! \u00c0 Menton, l\u2019<b>Huilerie Saint-Michel<\/b> la magnifie avec une version subtile au citron de Menton, id\u00e9ale pour sublimer nos salades et grillades d\u2019\u00e9t\u00e9. \u00c0 Nice, la maison <b>Nicolas Alziari<\/b>, v\u00e9ritable institution, nous r\u00e9gale avec son huile d\u2019olive AOP d\u00e9licate, issue d\u2019oliviers cultiv\u00e9s \u00e0 la main sur des restanques baign\u00e9es de lumi\u00e8re.<\/p>\n<p>Et parce que la gastronomie azur\u00e9enne se vit aussi en toute convivialit\u00e9, <b>Pavillon Traiteur<\/b> signe une cuisine g\u00e9n\u00e9reuse et raffin\u00e9e, inspir\u00e9e du terroir et parfaite pour nos r\u00e9ceptions estivales.<\/p>\n<p>              <img ci-src=\"https:\/\/www.nicematin.com\/guide-ete\/2-FAgGxS5E.png?vh=69c0a9&amp;ci_seal=fb4a734064\" alt=\"\"\/><br \/>\n         <strong>Cr\u00e9dit: Cr\u00e9dits : C\u00f4te d\u2019Azur France Tourisme \u2013 Yann Savalle.<\/strong> <\/p>\n<p>                                <b>Respirez les senteurs typiques de la C\u00f4te d\u2019Azur<\/b><\/p>\n<p>Sur la C\u00f4te d\u2019Azur, l\u2019air a des allures de parfum, diffusant avec subtilit\u00e9 la douceur sucr\u00e9e de la fleur d\u2019oranger, le myst\u00e8re d\u2019un jasmin en pleine floraison, ou la fra\u00eecheur d\u2019un mimosa gorg\u00e9 de soleil. \u00c0 Grasse, la <b>Maison Fragonard<\/b> sublime depuis 1926 ce souffle m\u00e9diterran\u00e9en. Figurant parmi les plus anciennes parfumeries de la ville, elle compose des fragrances raffin\u00e9es et d\u00e9licates qui capturent toute la po\u00e9sie de l\u2019art de vivre azur\u00e9en. Chaque flacon emport\u00e9 dans nos bagages raconte alors une histoire, celle de nos \u00e9t\u00e9s baign\u00e9s de senteurs et de souvenirs. Vous craquerez sans nul doute pour la Collection C\u00f4te d\u2019Azur France avec son diffuseur \u00e0 la rose centifolia, son savon au mimosa, son parfum au jasmin ou encore sa cr\u00e8me pour les mains \u00e0 la verveine.<\/p>\n<p>Dans le Pays de Fayence, la manufacture <b>Aqui d\u2019A\u00efa<\/b> prolonge ce voyage sensoriel \u00e0 travers ses bougies, savons et baumes, fa\u00e7onn\u00e9s avec des ingr\u00e9dients locaux soigneusement choisis. On s\u2019imagine d\u00e9j\u00e0, un soir d\u2019\u00e9t\u00e9, une flamme qui vacille et les effluves de tub\u00e9reuse, de jasmin ou de fleur d\u2019oranger flottant dans l\u2019air, comme une promesse d\u2019\u00e9t\u00e9 infini!<\/p>\n<p>              <img ci-src=\"https:\/\/www.nicematin.com\/guide-ete\/3-mdzgsYJC.png?vh=7f71a8&amp;ci_seal=b97780ed9e\" alt=\"\"\/><br \/>\n         <strong>Cr\u00e9dit: Cr\u00e9dits : C\u00f4te d\u2019Azur France Tourisme \u2013 Yann Savalle.<\/strong> <\/p>\n<p>                                <b>Repartez avec un bout de savoir-faire de la C\u00f4te d\u2019Azur<\/b><\/p>\n<p>Sur la C\u00f4te d\u2019Azur, la lumi\u00e8re est reine, et les artisans savent la sublimer. \u00c0 Biot, les ma\u00eetres-verriers du <b>Centre d\u2019Art du Verre Contemporain<\/b>, guid\u00e9s par Antoine Pierini, soufflent des \u0153uvres aux reflets cristallins, capturant la transparence et l\u2019\u00e9clat de la M\u00e9diterran\u00e9e dans chaque cr\u00e9ation. On repart volontiers avec l\u2019une de ces pi\u00e8ces uniques qui prolongent l\u2019\u00e9t\u00e9 jusque dans nos int\u00e9rieurs. Coup de c\u0153ur pour la collection galets en verre souffl\u00e9: un must pour votre d\u00e9co int\u00e9rieure!<\/p>\n<p>Et sur nos tables, la <b>Maison Barbier<\/b>, sp\u00e9cialiste des arts de la table, d\u00e9ploie tout son talent \u00e0 travers des collections de porcelaine et de fa\u00efence aux couleurs \u00e9clatantes de la C\u00f4te d\u2019Azur. Rien n\u2019est plus agr\u00e9able que de savourer son caf\u00e9 dans une tasse \u00e9voquant un coucher de soleil, ou de partager un repas estival en famille ou entre amis autour d\u2019assiettes inspir\u00e9es des paysages iconiques de la C\u00f4te d\u2019Azur. Que l\u2019on rapporte ces pi\u00e8ces en souvenir de vacances ou que l\u2019on c\u00e8de simplement \u00e0 l\u2019envie de mettre un peu de lumi\u00e8re dans nos int\u00e9rieurs, cette collection insuffle une touche de bonne humeur et de charme, recr\u00e9ant \u00e0 chaque instant une atmosph\u00e8re chaleureuse et authentique \u00e0 la maison.<\/p>\n<p>Et si l\u2019on prolongeait un peu plus l\u2019\u00e9t\u00e9 \u00e0 travers les pages d\u2019un livre? Avec <strong>le livre\u00a0Martine sur la C\u00f4te d\u2019Azur<\/strong>, toute la famille embarque pour une escapade joyeuse et ensoleill\u00e9e \u00e0 travers les villes et villages embl\u00e9matiques de la C\u00f4te d&rsquo;Azur! Cet album tendre et color\u00e9 va \u00e9merveiller les plus petits par ses illustrations vivantes et les<strong>\u00a0<\/strong>aventures de la plus c\u00e9l\u00e8bre des petites filles\u00a0sur la C\u00f4te d&rsquo;Azur, tout en faisant rena\u00eetre chez les plus grands la magie de leurs souvenirs d\u2019\u00e9t\u00e9. De Mandelieu-La Napoule \u00e0 Menton, en passant par le Parc national du Mercantour, ce nouvel album est une v\u00e9ritable invitation \u00e0 voyager, page apr\u00e8s page. De quoi transmettre aux plus jeunes la culture azur\u00e9enne comme un pr\u00e9cieux h\u00e9ritage.<\/p>\n<p>              <img ci-src=\"https:\/\/www.nicematin.com\/guide-ete\/Design+sans+titre-wh5N0ixo.png?vh=caa7f0&amp;ci_seal=67541cc519\" alt=\"\"\/><br \/>\n         <strong>Cr\u00e9dit: Cr\u00e9dits : C\u00f4te d\u2019Azur France Tourisme \u2013 Yann Savalle.<\/strong> <\/p>\n<p>                                <b>Savourez l\u2019authenticit\u00e9 de la C\u00f4te d\u2019Azur<\/b><\/p>\n<p>La C\u00f4te d\u2019Azur, c\u2019est aussi cette sensation unique, celle de la terre brune sous nos pieds, de la vigne caress\u00e9e par la lumi\u00e8re, et de la pierre r\u00e9chauff\u00e9e par le soleil. Au <b>Domaine de la Source<\/b>, petit vignoble familial perch\u00e9 sur les collines de Nice, on cultive un vin* g\u00e9n\u00e9reux, sinc\u00e8re, \u00e0 la robe rubis \u00e9clatante, qui prolonge nos soir\u00e9es d\u2019\u00e9t\u00e9 autour d\u2019une planche de fromages ou d\u2019une belle grillade, partag\u00e9e en toute convivialit\u00e9.<\/p>\n<p>Plus haut, \u00e0 Saint-Martin-V\u00e9subie, la <b>Brasserie du Comt\u00e9<\/b> perp\u00e9tue la tradition brassicole avec passion, dans le respect des saisons et des savoir-faire. Elle nous offre le plaisir d\u2019une bi\u00e8re artisanale bio*, subtilement parfum\u00e9e au citron ou \u00e0 la bergamote, que l\u2019on savoure les pieds dans l\u2019eau, un soir d\u2019ao\u00fbt, lorsque la lumi\u00e8re d\u00e9cline.<\/p>\n<p>La C\u00f4te d\u2019Azur, c\u2019est aussi une musique. Celle d\u2019un caf\u00e9 qui coule au comptoir, du tintement des verres lev\u00e9s \u00e0 la sant\u00e9 de l\u2019\u00e9t\u00e9 et des \u00e9clats de rire qui r\u00e9sonnent sous la tonnelle. Depuis 1934, <b>Malongo<\/b>, torr\u00e9facteur ni\u00e7ois engag\u00e9, nous invite \u00e0 prolonger ces instants pr\u00e9cieux gr\u00e2ce \u00e0 ses caf\u00e9s bio et \u00e9quitables, torr\u00e9fi\u00e9s dans la plus pure tradition. Les notes d\u00e9licates d\u2019agrumes et de fleurs du caf\u00e9 C\u00f4te d\u2019Azur France, \u00e9voquent les c\u00e9l\u00e8bres bigaradiers de la C\u00f4te d\u2019Azur. Chaque tasse r\u00e9sonnera comme une douce m\u00e9lodie de vacances.<\/p>\n<p>              <img ci-src=\"https:\/\/www.nicematin.com\/guide-ete\/Design+sans+titre+%281%29-Oy40RI1F.png?vh=96d9ba&amp;ci_seal=8dbb326d25\" alt=\"\"\/><br \/>\n         <strong>Cr\u00e9dit: Cr\u00e9dits : C\u00f4te d\u2019Azur France Tourisme \u2013 Yann Savalle.<\/strong> <\/p>\n<p>                                <b>Les coups de c\u0153ur pour vos ap\u00e9ros d\u2019\u00e9t\u00e9 made in C\u00f4te d\u2019Azur<\/b><\/p>\n<p>Parmi tous ces tr\u00e9sors, certains coups de c\u0153ur m\u00e9ritent une place toute particuli\u00e8re sur nos tables estivales. On craque d\u2019abord pour la <b>limonade bio de la Brasserie du Comt\u00e9 <\/b><b>x C\u00f4te d\u2019Azur France<\/b>, finement p\u00e9tillante et aromatis\u00e9e au citron, tout comme sa bi\u00e8re artisanale \u00e0 la bergamote, qui se partagent volontiers \u00e0 l\u2019ombre d\u2019un pin lors d\u2019un ap\u00e9ritif entre amis. Le must-have de l\u2019\u00e9t\u00e9? La\u00a0collection de cannettes illustrant les plus beaux paysages de la C\u00f4te d\u2019Azur\u00a0qui donne envie de profiter encore et encore de la beaut\u00e9 du Sud!\u00a0<\/p>\n<p>On se laisse aussi volontiers tenter par les <b>Socca Chips\u00ae <\/b><b>Edition exclusive C\u00f4te d\u2019Azur France<\/b>, d\u00e9cor\u00e9es cette ann\u00e9e d\u2019une magnifique illustration du Port de Nice, \u00e0 savourer avec quelques<b> olives AOP de Nice sign\u00e9es Nicolas Alziari<\/b>, gorg\u00e9es de soleil et d\u2019authenticit\u00e9, pour prolonger l\u2019esprit du march\u00e9 ni\u00e7ois jusque dans nos ap\u00e9ros.<\/p>\n<p>Pour sublimer nos plats d\u2019\u00e9t\u00e9, <b>l\u2019huile d\u2019olive au citron de Menton<\/b>, n\u00e9e de la rencontre entre le chef Mauro Colagreco et l\u2019<b>Huilerie Saint-Michel<\/b>, apporte une touche de fra\u00eecheur subtile \u00e0 nos salades comme \u00e0 nos grillades. Et pour finir le repas en beaut\u00e9, rien de tel qu\u2019un verre de <b>limoncello de la Maison Gannac<\/b>, \u00e9labor\u00e9 \u00e0 partir de citrons IGP de Menton.<\/p>\n<p>Et sur nos tables, la vaisselle color\u00e9e de la <b>Maison Barbier<\/b> apporte un \u00e9clat estival et met en valeur la convivialit\u00e9 de chaque repas partag\u00e9. On prolonge alors la soir\u00e9e en ouvrant une bouteille du <b>Domaine de la Source<\/b>, dont le vin rouge* g\u00e9n\u00e9reux refl\u00e8te toute la sinc\u00e9rit\u00e9 et la richesse de la C\u00f4te d\u2019Azur.<\/p>\n<p>              <img ci-src=\"https:\/\/www.nicematin.com\/guide-ete\/6-6VYLhFZf.png?vh=80585e&amp;ci_seal=d0e0175712\" alt=\"\"\/><br \/>\n         <strong>Cr\u00e9dit: Cr\u00e9dits : C\u00f4te d\u2019Azur France Tourisme \u2013 Yann Savalle.<\/strong> <\/p>\n<p>Fi\u00e8rement, les <a href=\"https:\/\/cotedazurfrance.fr\/boutique\/\" target=\"_blank\" rel=\"noopener\">16 entreprises labellis\u00e9es C\u00f4te d\u2019Azur France Tourisme<\/a> portent en elles toute la g\u00e9n\u00e9rosit\u00e9, la cr\u00e9ativit\u00e9 et la po\u00e9sie de la r\u00e9gion. \u00c0 elles seules, elles prolongent la magie de nos vacances et racontent, chacune \u00e0 leur mani\u00e8re, un art de vivre solaire, authentique et intemporel. Alors cet \u00e9t\u00e9, ouvrons grand nos cinq sens et laissons-nous emporter par ces merveilles, pr\u00eates \u00e0 faire rayonner l\u2019esprit de la C\u00f4te d\u2019Azur et \u00e0 nourrir nos plus beaux souvenirs !<\/p>\n<p>D\u00e9couvrez toutes les entreprises C\u00f4te d\u2019Azur France et cette collection exclusive de produits sur <a href=\"http:\/\/www.cotedazurfrance.com\/boutique\" target=\"_blank\" rel=\"noopener\">www.cotedazurfrance.com\/boutique\u00a0<\/a><\/p>\n<p>Retrouvez C\u00f4te d\u2019Azur France sur les r\u00e9seaux sociaux: @visitcotedazur #CotedAzurFrance.<\/p>\n<p>*L&rsquo;abus d&rsquo;alcool est dangereux pour la sant\u00e9, \u00e0 consommer avec mod\u00e9ration.<\/p>\n","protected":false},"excerpt":{"rendered":"Go\u00fbtez les saveurs de la C\u00f4te d\u2019Azur \u00c9voquer la C\u00f4te d\u2019Azur, c\u2019est aussit\u00f4t penser \u00e0 la richesse de&hellip;\n","protected":false},"author":2,"featured_media":231624,"comment_status":"","ping_status":"","sticky":false,"template":"","format":"standard","meta":{"footnotes":""},"categories":[2819],"tags":[1111,11,1777,674,1011,27,37062,12,2401,882,25],"class_list":{"0":"post-231623","1":"post","2":"type-post","3":"status-publish","4":"format-standard","5":"has-post-thumbnail","7":"category-nice","8":"tag-actu","9":"tag-actualites","10":"tag-eu","11":"tag-europe","12":"tag-fr","13":"tag-france","14":"tag-guide-de-lete","15":"tag-news","16":"tag-nice","17":"tag-provence-alpes-cote-dazur","18":"tag-republique-francaise"},"share_on_mastodon":{"url":"https:\/\/pubeurope.com\/@fr\/114809403263049054","error":""},"_links":{"self":[{"href":"https:\/\/www.europesays.com\/fr\/wp-json\/wp\/v2\/posts\/231623","targetHints":{"allow":["GET"]}}],"collection":[{"href":"https:\/\/www.europesays.com\/fr\/wp-json\/wp\/v2\/posts"}],"about":[{"href":"https:\/\/www.europesays.com\/fr\/wp-json\/wp\/v2\/types\/post"}],"author":[{"embeddable":true,"href":"https:\/\/www.europesays.com\/fr\/wp-json\/wp\/v2\/users\/2"}],"replies":[{"embeddable":true,"href":"https:\/\/www.europesays.com\/fr\/wp-json\/wp\/v2\/comments?post=231623"}],"version-history":[{"count":0,"href":"https:\/\/www.europesays.com\/fr\/wp-json\/wp\/v2\/posts\/231623\/revisions"}],"wp:featuredmedia":[{"embeddable":true,"href":"https:\/\/www.europesays.com\/fr\/wp-json\/wp\/v2\/media\/231624"}],"wp:attachment":[{"href":"https:\/\/www.europesays.com\/fr\/wp-json\/wp\/v2\/media?parent=231623"}],"wp:term":[{"taxonomy":"category","embeddable":true,"href":"https:\/\/www.europesays.com\/fr\/wp-json\/wp\/v2\/categories?post=231623"},{"taxonomy":"post_tag","embeddable":true,"href":"https:\/\/www.europesays.com\/fr\/wp-json\/wp\/v2\/tags?post=231623"}],"curies":[{"name":"wp","href":"https:\/\/api.w.org\/{rel}","templated":true}]}}