{"id":231630,"date":"2025-07-07T01:45:21","date_gmt":"2025-07-07T01:45:21","guid":{"rendered":"https:\/\/www.europesays.com\/fr\/231630\/"},"modified":"2025-07-07T01:45:21","modified_gmt":"2025-07-07T01:45:21","slug":"regardez-le-trafic-en-temps-reel-sur-lautoroute-des-vacances","status":"publish","type":"post","link":"https:\/\/www.europesays.com\/fr\/231630\/","title":{"rendered":"regardez le trafic en temps r\u00e9el sur l&rsquo;autoroute des vacances"},"content":{"rendered":"<p>            Par<br \/>\n        <strong><br \/>\n            <a href=\"https:\/\/actu.fr\/auteur\/redaction-toulouse\" title=\"Consulter tous les articles de R\u00e9daction de Toulouse\" target=\"_blank\" rel=\"noopener\">R\u00e9daction de Toulouse<\/a><br \/>\n        <\/strong><\/p>\n<p>        Publi\u00e9 le<\/p>\n<p>            5 juil. 2025 \u00e0 6h02<br \/>\n        ; mis \u00e0 jour le 5 juil. 2025 \u00e0 16h43    <\/p>\n<p>Bonjour \u00e0 tous. En ce samedi 5 juillet 2025, premier week-end des <strong>vacances d\u2019\u00e9t\u00e9,<\/strong> les automobilistes vont \u00eatre nombreux sur les routes, et les <strong>bouchons<\/strong> risquent d\u2019\u00eatre importants sur les principaux axes autour de <a href=\"https:\/\/actu.fr\/toulouse\/\" target=\"_blank\" rel=\"noopener\">Toulouse.<\/a> Tout comme Bison Fut\u00e9, Vinci Autoroutes pr\u00e9voit \u00ab\u00a0une circulation tr\u00e8s dense\u00a0\u00bb sur son r\u00e9seau ce samedi. Et met en place un dispositif bien pratique pour suivre en <strong>direct vid\u00e9o<\/strong> l\u2019\u00e9tat du <strong>trafic <\/strong>\u00e0 la <strong>barri\u00e8re de p\u00e9age de Toulouse-Sud<\/strong>, sur <a href=\"https:\/\/actu.fr\/tag\/autoroute-61-a61\" target=\"_blank\" rel=\"noopener\">l\u2019A61<\/a>.<\/p>\n<p>DIRECT. Le trafic en direct \u00e0 la barri\u00e8re de p\u00e9age de Toulouse-Sud<\/p>\n<p class=\" wall-content\">Ce samedi 5 juillet, les \u00e9quipes de Vinci Autoroutes t\u00e9l\u00e9pilotent en effet <strong>des drones<\/strong> pour proposer des <strong>vues a\u00e9riennes<\/strong> du trafic en direct et en continu, de 8 heures \u00e0 16 heures, en <strong>six points embl\u00e9matiques<\/strong> du r\u00e9seau.<\/p>\n<p class=\" wall-content\">Parmi eux figure <strong>la barri\u00e8re de P\u00e9age de Toulouse-Sud<\/strong>, au Palays, qui permet de rejoindre <strong>Narbonne (Aude)<\/strong>\u00a0via <strong><a href=\"https:\/\/actu.fr\/tag\/autoroute-61-a61\" target=\"_blank\" rel=\"noopener\">l\u2019A61<\/a>. <\/strong>L\u2019autoroute de la M\u00e9diterran\u00e9e \u00e9tant traditionnellement l\u2019une des plus embouteill\u00e9es de France pendant les chass\u00e9s-crois\u00e9s de l\u2019\u00e9t\u00e9, la prudence est de mise sur la route\u2026<\/p>\n<p class=\" wall-content\">\n<p class=\" wall-content\">Suivez toute l\u2019actualit\u00e9 de vos villes et m\u00e9dias favoris en vous inscrivant \u00e0 <a href=\"https:\/\/moncompte.actu.fr\" title=\"D\u00e9couvez Mon Actu\" rel=\"nofollow noopener\" data-trk=\"{&quot;cta&quot;:{&quot;action&quot;:&quot;https:\\\/\\\/moncompte.actu.fr&quot;,&quot;category&quot;:&quot;mon compte&quot;,&quot;from&quot;:&quot;article footer&quot;,&quot;name&quot;:&quot;Mon actu&quot;,&quot;type&quot;:&quot;cta&quot;}}\" target=\"_blank\">Mon Actu<\/a>.<\/p>\n<ul class=\"ac-article-tag wall-content\">\n<li><a href=\"https:\/\/actu.fr\/tag\/autoroute-61-a61\" data-trk=\"{&quot;cta&quot;:{&quot;action&quot;:&quot;Autoroute 61 (A61)&quot;,&quot;category&quot;:&quot;tag&quot;,&quot;from&quot;:&quot;article footer&quot;,&quot;name&quot;:&quot;Autoroute 61 (A61)&quot;,&quot;type&quot;:&quot;cta&quot;}}\" target=\"_blank\" rel=\"noopener\">#Autoroute 61 (A61)<\/a><\/li>\n<li><a href=\"https:\/\/actu.fr\/tag\/info-trafic\" data-trk=\"{&quot;cta&quot;:{&quot;action&quot;:&quot;Info trafic&quot;,&quot;category&quot;:&quot;tag&quot;,&quot;from&quot;:&quot;article footer&quot;,&quot;name&quot;:&quot;Info trafic&quot;,&quot;type&quot;:&quot;cta&quot;}}\" target=\"_blank\" rel=\"noopener\">#Info trafic<\/a><\/li>\n<\/ul>\n","protected":false},"excerpt":{"rendered":"Par R\u00e9daction de Toulouse Publi\u00e9 le 5 juil. 2025 \u00e0 6h02 ; mis \u00e0 jour le 5 juil.&hellip;\n","protected":false},"author":2,"featured_media":231631,"comment_status":"","ping_status":"","sticky":false,"template":"","format":"standard","meta":{"footnotes":""},"categories":[2816],"tags":[1111,11,10437,1777,674,1011,27,803,12,2680,25,104,2312],"class_list":{"0":"post-231630","1":"post","2":"type-post","3":"status-publish","4":"format-standard","5":"has-post-thumbnail","7":"category-toulouse","8":"tag-actu","9":"tag-actualites","10":"tag-autoroute-61-a61","11":"tag-eu","12":"tag-europe","13":"tag-fr","14":"tag-france","15":"tag-info-trafic","16":"tag-news","17":"tag-occitanie","18":"tag-republique-francaise","19":"tag-societe","20":"tag-toulouse"},"share_on_mastodon":{"url":"https:\/\/pubeurope.com\/@fr\/114809426632278403","error":""},"_links":{"self":[{"href":"https:\/\/www.europesays.com\/fr\/wp-json\/wp\/v2\/posts\/231630","targetHints":{"allow":["GET"]}}],"collection":[{"href":"https:\/\/www.europesays.com\/fr\/wp-json\/wp\/v2\/posts"}],"about":[{"href":"https:\/\/www.europesays.com\/fr\/wp-json\/wp\/v2\/types\/post"}],"author":[{"embeddable":true,"href":"https:\/\/www.europesays.com\/fr\/wp-json\/wp\/v2\/users\/2"}],"replies":[{"embeddable":true,"href":"https:\/\/www.europesays.com\/fr\/wp-json\/wp\/v2\/comments?post=231630"}],"version-history":[{"count":0,"href":"https:\/\/www.europesays.com\/fr\/wp-json\/wp\/v2\/posts\/231630\/revisions"}],"wp:featuredmedia":[{"embeddable":true,"href":"https:\/\/www.europesays.com\/fr\/wp-json\/wp\/v2\/media\/231631"}],"wp:attachment":[{"href":"https:\/\/www.europesays.com\/fr\/wp-json\/wp\/v2\/media?parent=231630"}],"wp:term":[{"taxonomy":"category","embeddable":true,"href":"https:\/\/www.europesays.com\/fr\/wp-json\/wp\/v2\/categories?post=231630"},{"taxonomy":"post_tag","embeddable":true,"href":"https:\/\/www.europesays.com\/fr\/wp-json\/wp\/v2\/tags?post=231630"}],"curies":[{"name":"wp","href":"https:\/\/api.w.org\/{rel}","templated":true}]}}