{"id":231634,"date":"2025-07-07T01:48:35","date_gmt":"2025-07-07T01:48:35","guid":{"rendered":"https:\/\/www.europesays.com\/fr\/231634\/"},"modified":"2025-07-07T01:48:35","modified_gmt":"2025-07-07T01:48:35","slug":"tour-de-france-2025-une-boucle-autour-de-lille-les-sprinteurs-attendus-ce-quil-faut-savoir-sur-la-1re-etape","status":"publish","type":"post","link":"https:\/\/www.europesays.com\/fr\/231634\/","title":{"rendered":"Tour de France 2025. Une boucle autour de Lille, les sprinteurs attendus&#8230; Ce qu&rsquo;il faut savoir sur la 1re \u00e9tape"},"content":{"rendered":"<p><strong>Longueur de l&rsquo;\u00e9tape<\/strong>\u00a0: 184.9 km<\/p>\n<p><strong>D\u00e9nivel\u00e9 positif<\/strong>\u00a0: 1150 m<\/p>\n<p>L&rsquo;heure est venue. Le Grand D\u00e9part du Tour de France 2025 va \u00eatre donn\u00e9 ce samedi 5 juillet de la Citadelle de Lille. La ville du Nord sera le th\u00e9\u00e2tre des premiers coups de p\u00e9dale d&rsquo;une Grande Boucle pour la troisi\u00e8me fois de l&rsquo;histoire (apr\u00e8s 1960 et 1994).<\/p>\n<p>Cette fois-ci, les coureurs devront parcourir 184,9 kilom\u00e8tres autour de Lille (avec une incursion dans le Pas-de-Calais), puisque la ligne d&rsquo;arriv\u00e9e est trac\u00e9e sur le boulevard Vauban&#8230; au pied de la Citadelle.<\/p>\n<p>  Les sprinteurs enfin r\u00e9concili\u00e9s avec le Maillot jaune\u00a0?<\/p>\n<p>Les premiers points du maillot \u00e0 pois de meilleur grimpeur seront distribu\u00e9s d&rsquo;entr\u00e9e de jeu, puisque trois difficult\u00e9s r\u00e9pertori\u00e9es seront \u00e0 franchir. Mais que les sprinteurs se rassurent\u00a0: celles-ci ne sont class\u00e9es qu&rsquo;en 4e cat\u00e9gorie, et la derni\u00e8re \u201cascension\u201d du jour \u2013 celle du Mont Noir \u2013 est plac\u00e9e \u00e0 45 kilom\u00e8tres de l&rsquo;arriv\u00e9e.<\/p>\n<p>Les fl\u00e8ches du peloton devraient donc se jouer la gagne \u00e0 leur retour dans la m\u00e9tropole lilloise. Enfin, se diront sans-doute certains\u00a0: aucun sprinteur n&rsquo;a remport\u00e9 l&rsquo;\u00e9tape inaugurale d&rsquo;un Tour de France (et donc port\u00e9 le premier maillot jaune d&rsquo;une Grande Boucle) depuis <a href=\"https:\/\/www.leprogres.fr\/sport\/2020\/08\/29\/tour-de-france-2020-3-choses-a-savoir-sur-alexander-kristoff-premier-maillot-jaune-cette-annee\" target=\"_blank\" rel=\"nofollow noopener\">le Norv\u00e9gien Alexander Kristoff en 2020, \u00e0 Nice<\/a>. L&rsquo;heure semble venue de mettre fin \u00e0 cette p\u00e9riode disette.<\/p>\n<p class=\"note\"><strong>Le d\u00e9part fictif est pr\u00e9vu \u00e0 13h26<\/strong><br \/><strong>L&rsquo;arriv\u00e9e est pr\u00e9vue \u00e0 17h36<\/strong> (pour une moyenne de 47 km\/h)<\/p>\n<p>  Comment suivre la 1re \u00e9tape\u00a0?<\/p>\n<p>Cette \u00e9tape est \u00e0 suivre en direct sur France 3 \u00e0 partir de 12h55, puis sur France 2 d\u00e8s 14h50. Eurosport et la plateforme num\u00e9rique Max diffuseront \u00e9galement l&rsquo;\u00e9tape en int\u00e9gralit\u00e9, prise d&rsquo;antenne \u00e0 13h40.<\/p>\n<p>Comme tous les jours, un direct comment\u00e9 de cette premi\u00e8re \u00e9tape est \u00e0 retrouver sur notre site internet.<\/p>\n","protected":false},"excerpt":{"rendered":"Longueur de l&rsquo;\u00e9tape\u00a0: 184.9 km D\u00e9nivel\u00e9 positif\u00a0: 1150 m L&rsquo;heure est venue. Le Grand D\u00e9part du Tour de&hellip;\n","protected":false},"author":2,"featured_media":231635,"comment_status":"","ping_status":"","sticky":false,"template":"","format":"standard","meta":{"footnotes":""},"categories":[2815],"tags":[1111,11,207,1777,674,107,1011,27,811,1307,12,25,517,1947,210],"class_list":{"0":"post-231634","1":"post","2":"type-post","3":"status-publish","4":"format-standard","5":"has-post-thumbnail","7":"category-lille","8":"tag-actu","9":"tag-actualites","10":"tag-cyclisme","11":"tag-eu","12":"tag-europe","13":"tag-fil-info","14":"tag-fr","15":"tag-france","16":"tag-hauts-de-france","17":"tag-lille","18":"tag-news","19":"tag-republique-francaise","20":"tag-sport","21":"tag-sport-national","22":"tag-tour-de-france"},"share_on_mastodon":{"url":"https:\/\/pubeurope.com\/@fr\/114809438445408148","error":""},"_links":{"self":[{"href":"https:\/\/www.europesays.com\/fr\/wp-json\/wp\/v2\/posts\/231634","targetHints":{"allow":["GET"]}}],"collection":[{"href":"https:\/\/www.europesays.com\/fr\/wp-json\/wp\/v2\/posts"}],"about":[{"href":"https:\/\/www.europesays.com\/fr\/wp-json\/wp\/v2\/types\/post"}],"author":[{"embeddable":true,"href":"https:\/\/www.europesays.com\/fr\/wp-json\/wp\/v2\/users\/2"}],"replies":[{"embeddable":true,"href":"https:\/\/www.europesays.com\/fr\/wp-json\/wp\/v2\/comments?post=231634"}],"version-history":[{"count":0,"href":"https:\/\/www.europesays.com\/fr\/wp-json\/wp\/v2\/posts\/231634\/revisions"}],"wp:featuredmedia":[{"embeddable":true,"href":"https:\/\/www.europesays.com\/fr\/wp-json\/wp\/v2\/media\/231635"}],"wp:attachment":[{"href":"https:\/\/www.europesays.com\/fr\/wp-json\/wp\/v2\/media?parent=231634"}],"wp:term":[{"taxonomy":"category","embeddable":true,"href":"https:\/\/www.europesays.com\/fr\/wp-json\/wp\/v2\/categories?post=231634"},{"taxonomy":"post_tag","embeddable":true,"href":"https:\/\/www.europesays.com\/fr\/wp-json\/wp\/v2\/tags?post=231634"}],"curies":[{"name":"wp","href":"https:\/\/api.w.org\/{rel}","templated":true}]}}