{"id":231639,"date":"2025-07-07T01:51:12","date_gmt":"2025-07-07T01:51:12","guid":{"rendered":"https:\/\/www.europesays.com\/fr\/231639\/"},"modified":"2025-07-07T01:51:12","modified_gmt":"2025-07-07T01:51:12","slug":"leconomie-solidaire-un-acteur-majeur-de-la-fraternite","status":"publish","type":"post","link":"https:\/\/www.europesays.com\/fr\/231639\/","title":{"rendered":"L&rsquo;\u00e9conomie solidaire, un acteur majeur de la fraternit\u00e9&#8230;"},"content":{"rendered":"<p>Tous les mois, retrouvez sur Lyon Demain, l\u2019\u00e9dito de Bernard Devert, pr\u00e9sident fondateur d\u2019Habitat et Humanisme<\/p>\n<p>Chaque mois,\u00a0<strong>Bernard Devert<\/strong>, pr\u00e9sident-fondateur d\u2019<strong><a href=\"https:\/\/www.habitat-humanisme.org\/\" target=\"_blank\" rel=\"noreferrer noopener\">Habitat et Humanisme<\/a><\/strong>, nous fait part de sa r\u00e9flexion sur la soci\u00e9t\u00e9 qui nous entoure. Avec son lot d\u2019espoir et d\u2019inqui\u00e9tude\u2026 Son \u00e9dito, en ce mois de juillet 2025, s\u2019intitule : \u00ab\u00a0L\u2019\u00e9conomie solidaire, un acteur majeur de la fraternit\u00e9\u2026\u00a0\u00bb<\/p>\n<p>Ecoutez l\u2019\u00e9dito<\/p>\n<p>\u00ab\u00a0La soci\u00e9t\u00e9 va mal. Mal pour consentir \u00e0 trop d\u2019iniquit\u00e9s, mal pour laisser au \u00ab\u00a0bord du monde\u00a0\u00bb les plus vuln\u00e9rables. Ensemble, nous refusons de nous inscrire dans une indiff\u00e9rence qui ne peut que banaliser le malheur et ajouter du cynisme \u00e0 ce drame.<\/p>\n<p>Alors, que faire\u00a0?<\/p>\n<p>Se plaindre, g\u00e9mir, voire s\u2019indigner, mais qu\u2019est-ce que cela change\u00a0? Vous, comme nous, ne voulons pas nous prot\u00e9ger par des lamentations, ces murs qui encerclent le fatalisme si nourricier de la mis\u00e8re.<\/p>\n<p>Assez\u00a0! L\u00e9zardons ces murs et m\u00eame, trouvons l\u2019audace de les \u00e9crouler. Comment, en rejoignant l\u2019\u00e9conomie solidaire.<\/p>\n<p>Le barom\u00e8tre de cette nouvelle \u00e9conomie, publi\u00e9 ce 25 juin par le journal La Croix en concertation avec FAIR \u2013 collectif de la finance \u00e0 impact social au service d\u2019un monde plus juste \u2013 souligne que cette \u00e9pargne a progress\u00e9 en 2024 de 7%. Son encours global au 31 d\u00e9cembre 2024 est de 29,4 milliards d\u2019euros.<\/p>\n<p>Si le barom\u00e8tre est au beau fixe quant \u00e0 l\u2019int\u00e9r\u00eat que suscite la finance solidaire, il faut imm\u00e9diatement ajouter qu\u2019une grande marge de progression est n\u00e9cessaire pour parvenir \u00e0 une m\u00e9t\u00e9o financi\u00e8re nous \u00e9loignant des nuages de la pauvret\u00e9\u00a0; ils sont encore bien noirs et denses.<\/p>\n<p>Ne boudons pas \u00ab\u00a0l\u2019ensoleillement\u00a0\u00bb que suscite cette \u00e9conomie r\u00e9paratrice du tissu social et innovatrice. L\u2019iniquit\u00e9 ne se r\u00e9duira que si nous parvenons \u00e0 mettre en \u0153uvre de nouveaux paradigmes, pour changer et faire changer.<\/p>\n<p>Sans la finance solidaire, dont Habitat &amp; Humanisme est l\u2019un des pionniers, pour \u00eatre en t\u00eate des grandes fonci\u00e8res solidaires, comme le souligne La Croix, jamais l\u2019association n\u2019aurait pu b\u00e2tir ces logements en c\u0153ur de ville \u00e0 destination des plus fragiles. Un acte de soin redonnant vigueur \u00e0 la fraternit\u00e9.<\/p>\n<p>Sans cette \u00e9conomie solidaire, jamais nous n\u2019aurions pu mettre en \u0153uvre un p\u00f4le m\u00e9dico-social \u00e0 l\u2019attention des personnes en souffrance sociale, qui plus est, confront\u00e9es \u00e0 la d\u00e9pendance physique ou psychique. Loin d\u2019\u00eatre une anecdote, cette branche d\u2019activit\u00e9 est actuellement en France la 4\u00e8me\u00a0dans le champ non lucratif.<\/p>\n<p>Sans cette \u00e9conomie solidaire, nous ne pourrions envisager des projets novateurs comme celui qui se construit en concertation avec de grands h\u00f4pitaux, les Hospices Civils de Lyon, le Centre L\u00e9on B\u00e9rard aux fins de faciliter la sortie des personnes hospitalis\u00e9es. Nombre d\u2019entre elles, en raison de leur isolement \u2013 ce cancer social \u2013 ne peuvent pas b\u00e9n\u00e9ficier de soins \u00e0 domicile lorsqu\u2019elles sont touch\u00e9es par de s\u00e9v\u00e8res pathologies. Que dire pour celles qui n\u2019ont pas de toits ou vivent dans des logements indignes.<\/p>\n<p>Difficile d\u2019accepter que le soin ne soit pas suivi d\u2019un prendre soin. L\u2019\u00e9conomie sociale et solidaire y participe.<\/p>\n<p>Il ne faut pas que de l\u2019argent, mais il en faut\u00a0! Il ne tombe pas du ciel, mais le ciel \u2013 entendons le Royaume du C\u0153ur \u2013 ne nous fait-il pas descendre de nos \u00ab\u00a0Olympes\u00a0\u00bb pour aller vers ceux qui d\u00e9sesp\u00e8rent de trouver une trajectoire leur permettant de sortir des \u00ab\u00a0enfer-mements\u00bb.<\/p>\n<p>Donner du prix \u00e0 cette \u00e9conomie, c\u2019est privil\u00e9gier la fraternit\u00e9. Dans son ouvrage \u00ab\u00a0Le moment fraternit\u00e9\u00a0\u00bb, R\u00e9gis Debray dit qu\u2019elle est une vieille cousine qui fait tapisserie. Invitons-la pour qu\u2019elle fasse quelques pas de danse.<\/p>\n<p>C\u2019est aussi pour tous, faire danser la vie\u00a0\u00bb.<\/p>\n<p>Ecoutez aussi : <a href=\"https:\/\/www.lyondemain.fr\/guerre-et-paix-bernard-devert\/\" target=\"_blank\" rel=\"noreferrer noopener\">\u00ab\u00a0Guerre et Paix\u00a0\u00bb Bernard Devert<\/a><\/p>\n<p><img fetchpriority=\"high\" decoding=\"async\" width=\"1200\" height=\"675\" src=\"https:\/\/www.europesays.com\/fr\/wp-content\/uploads\/2025\/07\/fraternite-Bernard-Devert.jpg\" alt=\"fraternit\u00e9 Bernard Devert\" class=\"wp-image-250361\"  \/>Bernard Devert<br \/>\nJ\u2019aime \u00e7a\u00a0:<\/p>\n<p>J\u2019aime chargement\u2026<\/p>\n<p><a class=\"sd-link-color\"\/><\/p>\n<p>\n\tArticles similaires\n<\/p>\n<p>\t\t\t\t<img decoding=\"async\" src=\"https:\/\/www.europesays.com\/fr\/wp-content\/uploads\/2025\/07\/1751853072_433_7866158698e17e8ed633c05e8f8e7fe5d9e057ad78661c4dc34e413abb6b9f19\" alt=\"G\u00e9rald Bouchon\"\/><\/p>\n<p>Pionnier des radios libres, passionn\u00e9 de radio, journaliste et dirigeant de m\u00e9dias \u00e9co-responsables..<\/p>\n","protected":false},"excerpt":{"rendered":"Tous les mois, retrouvez sur Lyon Demain, l\u2019\u00e9dito de Bernard Devert, pr\u00e9sident fondateur d\u2019Habitat et Humanisme Chaque mois,\u00a0Bernard&hellip;\n","protected":false},"author":2,"featured_media":231640,"comment_status":"","ping_status":"","sticky":false,"template":"","format":"standard","meta":{"footnotes":""},"categories":[1889],"tags":[1111,11,2430,21236,37063,2518,1777,674,1011,27,37064,21237,2428,12,25],"class_list":{"0":"post-231639","1":"post","2":"type-post","3":"status-publish","4":"format-standard","5":"has-post-thumbnail","7":"category-lyon","8":"tag-actu","9":"tag-actualites","10":"tag-auvergne-rhone-alpes","11":"tag-bernard-devert","12":"tag-economie-sociale-et-solidaire","13":"tag-edito","14":"tag-eu","15":"tag-europe","16":"tag-fr","17":"tag-france","18":"tag-fraternite","19":"tag-habitat-et-humanisme","20":"tag-lyon","21":"tag-news","22":"tag-republique-francaise"},"share_on_mastodon":{"url":"https:\/\/pubeurope.com\/@fr\/114809450292037003","error":""},"_links":{"self":[{"href":"https:\/\/www.europesays.com\/fr\/wp-json\/wp\/v2\/posts\/231639","targetHints":{"allow":["GET"]}}],"collection":[{"href":"https:\/\/www.europesays.com\/fr\/wp-json\/wp\/v2\/posts"}],"about":[{"href":"https:\/\/www.europesays.com\/fr\/wp-json\/wp\/v2\/types\/post"}],"author":[{"embeddable":true,"href":"https:\/\/www.europesays.com\/fr\/wp-json\/wp\/v2\/users\/2"}],"replies":[{"embeddable":true,"href":"https:\/\/www.europesays.com\/fr\/wp-json\/wp\/v2\/comments?post=231639"}],"version-history":[{"count":0,"href":"https:\/\/www.europesays.com\/fr\/wp-json\/wp\/v2\/posts\/231639\/revisions"}],"wp:featuredmedia":[{"embeddable":true,"href":"https:\/\/www.europesays.com\/fr\/wp-json\/wp\/v2\/media\/231640"}],"wp:attachment":[{"href":"https:\/\/www.europesays.com\/fr\/wp-json\/wp\/v2\/media?parent=231639"}],"wp:term":[{"taxonomy":"category","embeddable":true,"href":"https:\/\/www.europesays.com\/fr\/wp-json\/wp\/v2\/categories?post=231639"},{"taxonomy":"post_tag","embeddable":true,"href":"https:\/\/www.europesays.com\/fr\/wp-json\/wp\/v2\/tags?post=231639"}],"curies":[{"name":"wp","href":"https:\/\/api.w.org\/{rel}","templated":true}]}}