{"id":231641,"date":"2025-07-07T01:52:21","date_gmt":"2025-07-07T01:52:21","guid":{"rendered":"https:\/\/www.europesays.com\/fr\/231641\/"},"modified":"2025-07-07T01:52:21","modified_gmt":"2025-07-07T01:52:21","slug":"quatre-voitures-en-fourriere-une-pluie-de-pv","status":"publish","type":"post","link":"https:\/\/www.europesays.com\/fr\/231641\/","title":{"rendered":"quatre voitures en fourri\u00e8re, une pluie de PV"},"content":{"rendered":"<p>Ce vendredi 4\u00a0juillet, \u00e0 Saint-Genis-Laval, des verbalisations ont \u00e9t\u00e9 dress\u00e9es en raison du comportement dangereux de certains invit\u00e9s lors d\u2019un cort\u00e8ge de mariage, qui n\u2019ont pas tenu compte de la charte sign\u00e9e par les mari\u00e9s visant \u00e0 garantir le respect du code de la route et de la tranquillit\u00e9 publique.<\/p>\n<p>Ces faits \u00ab\u00a0inadmissibles\u00a0\u00bb ont \u00e9t\u00e9 rapport\u00e9s par la maire de la commune, Maryl\u00e8ne Millet (UDI).<\/p>\n<p>  Du mat\u00e9riel pyrotechnique saisi<\/p>\n<p>Mobilis\u00e9e sur place, la police municipale a verbalis\u00e9 19 v\u00e9hicules pour exc\u00e8s de vitesse, deux pour stationnement g\u00eanant l\u2019acc\u00e8s ou le d\u00e9gagement, et un pour stationnement sur une place r\u00e9serv\u00e9e aux personnes handicap\u00e9es.<\/p>\n<p>\u00c9galement pr\u00e9sente, la gendarmerie a verbalis\u00e9 quatre v\u00e9hicules et mis en fourri\u00e8re quatre grosses cylindr\u00e9es. Une fus\u00e9e de d\u00e9tresse, mat\u00e9riel dangereux et pyrotechnique, a par ailleurs \u00e9t\u00e9 retir\u00e9e \u00e0 un invit\u00e9\u2026<\/p>\n<p>\u00ab\u00a0Nous avons inaugur\u00e9 d\u00e9but 2025 un centre de supervision urbain (CSU), qui permet de suivre les cort\u00e8ges gr\u00e2ce aux 75 cam\u00e9ras de surveillance de la commune, ce qui facilite le relev\u00e9 des infractions et le traitement des dossiers de s\u00e9curit\u00e9\u00a0\u00bb, a r\u00e9agi aupr\u00e8s du Progr\u00e8s Maryl\u00e8ne Millet.<\/p>\n","protected":false},"excerpt":{"rendered":"Ce vendredi 4\u00a0juillet, \u00e0 Saint-Genis-Laval, des verbalisations ont \u00e9t\u00e9 dress\u00e9es en raison du comportement dangereux de certains invit\u00e9s&hellip;\n","protected":false},"author":2,"featured_media":231642,"comment_status":"","ping_status":"","sticky":false,"template":"","format":"standard","meta":{"footnotes":""},"categories":[1889],"tags":[1111,11,2430,271,272,3154,1777,674,274,107,1011,27,2428,1930,12,25,2429,5151,5152,104],"class_list":{"0":"post-231641","1":"post","2":"type-post","3":"status-publish","4":"format-standard","5":"has-post-thumbnail","7":"category-lyon","8":"tag-actu","9":"tag-actualites","10":"tag-auvergne-rhone-alpes","11":"tag-crime","12":"tag-delit-et-contravention","13":"tag-edition-sud-lyonnais","14":"tag-eu","15":"tag-europe","16":"tag-faits-divers-justice","17":"tag-fil-info","18":"tag-fr","19":"tag-france","20":"tag-lyon","21":"tag-mariage","22":"tag-news","23":"tag-republique-francaise","24":"tag-rhone","25":"tag-saint-genis-laval","26":"tag-saint-genis-laval-ville","27":"tag-societe"},"share_on_mastodon":{"url":"https:\/\/pubeurope.com\/@fr\/114809454147596599","error":""},"_links":{"self":[{"href":"https:\/\/www.europesays.com\/fr\/wp-json\/wp\/v2\/posts\/231641","targetHints":{"allow":["GET"]}}],"collection":[{"href":"https:\/\/www.europesays.com\/fr\/wp-json\/wp\/v2\/posts"}],"about":[{"href":"https:\/\/www.europesays.com\/fr\/wp-json\/wp\/v2\/types\/post"}],"author":[{"embeddable":true,"href":"https:\/\/www.europesays.com\/fr\/wp-json\/wp\/v2\/users\/2"}],"replies":[{"embeddable":true,"href":"https:\/\/www.europesays.com\/fr\/wp-json\/wp\/v2\/comments?post=231641"}],"version-history":[{"count":0,"href":"https:\/\/www.europesays.com\/fr\/wp-json\/wp\/v2\/posts\/231641\/revisions"}],"wp:featuredmedia":[{"embeddable":true,"href":"https:\/\/www.europesays.com\/fr\/wp-json\/wp\/v2\/media\/231642"}],"wp:attachment":[{"href":"https:\/\/www.europesays.com\/fr\/wp-json\/wp\/v2\/media?parent=231641"}],"wp:term":[{"taxonomy":"category","embeddable":true,"href":"https:\/\/www.europesays.com\/fr\/wp-json\/wp\/v2\/categories?post=231641"},{"taxonomy":"post_tag","embeddable":true,"href":"https:\/\/www.europesays.com\/fr\/wp-json\/wp\/v2\/tags?post=231641"}],"curies":[{"name":"wp","href":"https:\/\/api.w.org\/{rel}","templated":true}]}}