{"id":231651,"date":"2025-07-07T01:59:11","date_gmt":"2025-07-07T01:59:11","guid":{"rendered":"https:\/\/www.europesays.com\/fr\/231651\/"},"modified":"2025-07-07T01:59:11","modified_gmt":"2025-07-07T01:59:11","slug":"guerre-en-ukraine-les-dessous-de-loperation-dronocide-menee-contre-la-russie","status":"publish","type":"post","link":"https:\/\/www.europesays.com\/fr\/231651\/","title":{"rendered":"Guerre en Ukraine : les dessous de l&rsquo;op\u00e9ration \u00ab\u00a0Dronocide\u00a0\u00bb men\u00e9e contre la Russie"},"content":{"rendered":"<ul class=\"jsx-862013697 ArticleChapo__List\">\n<li class=\"jsx-862013697 ArticleChapo__List_Item flex\">Les forces ukrainiennes affirment mener une campagne coordonn\u00e9e en Russie.<\/li>\n<li class=\"jsx-862013697 ArticleChapo__List_Item flex\">Son arm\u00e9e aurait frapp\u00e9 42 positions de drones russes.<\/li>\n<li class=\"jsx-862013697 ArticleChapo__List_Item flex\">On revient sur les dessous de cette op\u00e9ration secr\u00e8te baptis\u00e9e \u00ab\u00a0Dronocide\u00a0\u00bb.<\/li>\n<\/ul>\n<p><a href=\"https:\/\/www.tf1info.fr\/actualite\/invasion-de-l-ukraine-par-la-russie-une-guerre-qui-dure-12951\/\" rel=\"noopener\" class=\"jsx-484472199 Link jsx-1428418400 jsx-554215408\" target=\"_blank\"><\/p>\n<p style=\"font-weight:400\" class=\"jsx-1837267516\">Suivez la couverture compl\u00e8te<\/p>\n<p style=\"font-weight:800\" class=\"jsx-1837267516\">Ukraine : 4\u1d49 ann\u00e9e de guerre<\/p>\n<p><\/a><\/p>\n<p data-module=\"article-paragraph\" class=\"jsx-3046738180 Paragraph\">L&rsquo;invasion russe en Ukraine illustre chaque jour un peu plus \u00e0 quel point les drones changent la mani\u00e8re de faire la guerre. Ces a\u00e9ronefs t\u00e9l\u00e9guid\u00e9s capables des pires d\u00e9g\u00e2ts derri\u00e8re la ligne de front sont partout, et servent aux arm\u00e9es des deux camps pour se harceler mutuellement.\u00a0<\/p>\n<p data-module=\"article-paragraph\" class=\"jsx-3046738180 Paragraph Paragraph__End\">Raison pour laquelle les forces arm\u00e9es ukrainiennes ont annonc\u00e9 ce jeudi 3 juillet avoir lanc\u00e9 une campagne de frappes coordonn\u00e9es en territoire russe. Baptis\u00e9e \u00ab\u00a0Dronocide\u00a0\u00bb, cette op\u00e9ration secr\u00e8te a pour objectif de mettre hors d&rsquo;\u00e9tat de nuire <a href=\"https:\/\/www.tf1info.fr\/international\/guerre-en-ukraine-le-defi-des-drones-russes-a-fibre-optique-2345001.html\" target=\"_blank\" rel=\"noopener\">les op\u00e9rateurs russes (nouvelle fen\u00eatre)<\/a> autour de Zaporijia.<\/p>\n<p>Un mois \u00ab\u00a0pour tout an\u00e9antir\u00a0\u00bb<\/p>\n<p data-module=\"article-paragraph\" class=\"jsx-3046738180 Paragraph\">D&rsquo;apr\u00e8s les informations <a href=\"https:\/\/gur.gov.ua\/en\/content\/dronotsyd-kompleksna-operatsiia-zi-znyshchennia-pozytsii-rosiiskykh-operatoriv-bpla\" target=\"_blank\" rel=\"nofollow noopener\">communiqu\u00e9es par le minist\u00e8re  (nouvelle fen\u00eatre)<\/a>de la D\u00e9fense ukrainien, cette campagne a \u00e9t\u00e9 men\u00e9e pendant pr\u00e8s d&rsquo;un mois par cinq sous-divisions, dont deux groupes de tir. Sous le commandement de l&rsquo;arm\u00e9e de l&rsquo;Air, elles ont uni leurs forces pour mener \u00e0 bien l&rsquo;op\u00e9ration \u00ab\u00a0Dronocide\u00a0\u00bb et se concentrer sur des cibles \u00ab\u00a0hautement prioritaires\u00a0\u00bb <a href=\"https:\/\/www.tf1info.fr\/international\/reportage-document-lci-ukraine-au-coeur-des-tranchees-du-front-de-zaporijia-2339948.html\" target=\"_blank\" rel=\"noopener\">le long du front de Zaporijia (nouvelle fen\u00eatre)<\/a>. Dans un premier temps, cela a permis d&rsquo;identifier 90 positions et lieux de r\u00e9sidence des op\u00e9rateurs de drones russes, utilis\u00e9s \u00e0 la fois pour des missions de reconnaissance que pour des attaques.<\/p>\n<p data-module=\"article-paragraph\" class=\"jsx-3046738180 Paragraph\">\u00a0<\/p>\n<p data-module=\"article-paragraph\" class=\"jsx-3046738180 Paragraph Paragraph__End\">Les frappes men\u00e9es de mani\u00e8re coordonn\u00e9es ont ensuite permis de d\u00e9truire ou endommager \u00ab\u00a042 cibles\u00a0\u00bb, poursuit le communiqu\u00e9. Dans une vid\u00e9o publi\u00e9e sur le compte YouTube du minist\u00e8re de la D\u00e9fense, on peut voir <a href=\"https:\/\/www.tf1info.fr\/international\/video-guerre-ukraine-russie-faire-decoller-les-f16-depuis-des-voies-rapides-la-tactique-ukrainienne-pour-se-jouer-des-forces-russes-2316967.html\" target=\"_blank\" rel=\"noopener\">un avion de chasse  (nouvelle fen\u00eatre)<\/a>larguer des bombes sur plusieurs bases ennemies. Un mois \u00ab\u00a0pour tout an\u00e9antir\u00a0\u00bb, se f\u00e9licitent les renseignements du minist\u00e8re de la D\u00e9fense.<\/p>\n<p><a href=\"https:\/\/www.tf1info.fr\/economie\/guerre-en-ukraine-un-savoir-faire-tres-clair-pourquoi-renault-pourrait-produire-des-drones-2375771.html\" rel=\"noopener\" class=\"jsx-3308031228 Link flex\" target=\"_blank\"><img decoding=\"async\" src=\"https:\/\/www.europesays.com\/fr\/wp-content\/uploads\/2025\/07\/tf1-jt-20h-renault-1735d3-0@1x.jpeg\" alt=\"Le groupe automobile Renault pourrait fabriquer prochainement des drones sur le sol ukrainien.\" loading=\"lazy\" importance=\"low\" fetchpriority=\"low\" class=\"\" aria-hidden=\"true\"\/><\/p>\n<p class=\"jsx-3657663356 ReadMoreArticle__Title\">Lire aussi<\/p>\n<p class=\"jsx-3657663356\">\u00ab\u00a0Un savoir-faire tr\u00e8s clair\u00a0\u00bb : pourquoi Renault pourrait produire des drones en Ukraine<\/p>\n<p><\/a><\/p>\n<p data-module=\"article-paragraph\" class=\"jsx-3046738180 Paragraph\">Une annonce qui arrive dans un contexte particulier. \u00a0Alors que les n\u00e9gociations de paix sont au point mort, la Russie montre qu&rsquo;elle est en \u00e9tat de marche. Tr\u00e8s r\u00e9cemment, dans la nuit de jeudi \u00e0 vendredi, elle a ainsi lanc\u00e9 sur son voisin 550 drones et missiles, principalement en direction de Kiev. Face \u00e0 cette mont\u00e9e en intensit\u00e9, l&rsquo;aviation ukrainienne multiplie les op\u00e9rations offensives en territoire ennemi.\u00a0<\/p>\n<p data-module=\"article-paragraph\" class=\"jsx-3046738180 Paragraph Paragraph__End\">D&rsquo;apr\u00e8s le m\u00e9dia local Dialog.UA, des drones \u00ab\u00a0Beaver\u00a0\u00bb auraient abattu un avion de combat Su-30 d\u00e9but juillet et frapp\u00e9 un syst\u00e8me antia\u00e9rien Pantsir en Crim\u00e9e. L&rsquo;\u00e9tat-major ukrainien a par ailleurs rapport\u00e9 avoir touch\u00e9 ce vendredi une usine \u00ab\u00a0importante\u00a0\u00bb dans la r\u00e9gion de Moscou, qui produit des missiles pour les drones de fabrication iranienne Shahed. Des succ\u00e8s devenus n\u00e9cessaires pour Kiev \u00e0 l&rsquo;heure o\u00f9 le pays s&rsquo;appr\u00eate \u00e0 un \u00e9t\u00e9 de tous les dangers.<\/p>\n<p>Felicia SIDERIS<\/p>\n","protected":false},"excerpt":{"rendered":"Les forces ukrainiennes affirment mener une campagne coordonn\u00e9e en Russie. Son arm\u00e9e aurait frapp\u00e9 42 positions de drones&hellip;\n","protected":false},"author":2,"featured_media":231652,"comment_status":"","ping_status":"","sticky":false,"template":"","format":"standard","meta":{"footnotes":""},"categories":[1591],"tags":[1111,11,1921,5925,1887,1922,12,1885,1886,132,220,1917,133,1920],"class_list":{"0":"post-231651","1":"post","2":"type-post","3":"status-publish","4":"format-standard","5":"has-post-thumbnail","7":"category-russie","8":"tag-actu","9":"tag-actualites","10":"tag-article-video","11":"tag-conflits-et-guerre","12":"tag-federation-de-russie","13":"tag-info","14":"tag-news","15":"tag-russia","16":"tag-russian-federation","17":"tag-russie","18":"tag-ukraine","19":"tag-ukraine-4-annee-de-guerre","20":"tag-video","21":"tag-video-international"},"share_on_mastodon":{"url":"https:\/\/pubeurope.com\/@fr\/114809481776751847","error":""},"_links":{"self":[{"href":"https:\/\/www.europesays.com\/fr\/wp-json\/wp\/v2\/posts\/231651","targetHints":{"allow":["GET"]}}],"collection":[{"href":"https:\/\/www.europesays.com\/fr\/wp-json\/wp\/v2\/posts"}],"about":[{"href":"https:\/\/www.europesays.com\/fr\/wp-json\/wp\/v2\/types\/post"}],"author":[{"embeddable":true,"href":"https:\/\/www.europesays.com\/fr\/wp-json\/wp\/v2\/users\/2"}],"replies":[{"embeddable":true,"href":"https:\/\/www.europesays.com\/fr\/wp-json\/wp\/v2\/comments?post=231651"}],"version-history":[{"count":0,"href":"https:\/\/www.europesays.com\/fr\/wp-json\/wp\/v2\/posts\/231651\/revisions"}],"wp:featuredmedia":[{"embeddable":true,"href":"https:\/\/www.europesays.com\/fr\/wp-json\/wp\/v2\/media\/231652"}],"wp:attachment":[{"href":"https:\/\/www.europesays.com\/fr\/wp-json\/wp\/v2\/media?parent=231651"}],"wp:term":[{"taxonomy":"category","embeddable":true,"href":"https:\/\/www.europesays.com\/fr\/wp-json\/wp\/v2\/categories?post=231651"},{"taxonomy":"post_tag","embeddable":true,"href":"https:\/\/www.europesays.com\/fr\/wp-json\/wp\/v2\/tags?post=231651"}],"curies":[{"name":"wp","href":"https:\/\/api.w.org\/{rel}","templated":true}]}}