{"id":231653,"date":"2025-07-07T02:00:13","date_gmt":"2025-07-07T02:00:13","guid":{"rendered":"https:\/\/www.europesays.com\/fr\/231653\/"},"modified":"2025-07-07T02:00:13","modified_gmt":"2025-07-07T02:00:13","slug":"inexorable-avancee-des-troupes-russes-et-renforcement-de-la-cooperation-franco-britannique-2","status":"publish","type":"post","link":"https:\/\/www.europesays.com\/fr\/231653\/","title":{"rendered":"Inexorable avanc\u00e9e des troupes russes et renforcement de la coop\u00e9ration franco-britannique"},"content":{"rendered":"<p><strong>Recap&rsquo; &#8211; \u00ab\u00a020 Minutes\u00a0\u00bb fait le point pour vous tous les soirs sur le conflit en Ukraine. Ce dimanche, la Russie a revendiqu\u00e9 la prise de deux nouvelles localit\u00e9s<\/strong><\/p>\n<p>Vous avez rat\u00e9 les derniers \u00e9v\u00e9nements sur la <a href=\"https:\/\/www.20minutes.fr\/monde\/ukraine\/?at_medium=RSS%20feed&amp;at_campaign=ynews&amp;utm_source=yahoo&amp;utm_medium=rss&amp;utm_campaign=news_feed&amp;utm_content=in_article_link\" rel=\"nofollow noopener\" target=\"_blank\" data-ylk=\"slk:guerre en Ukraine;elm:context_link;itc:0;sec:content-canvas\" class=\"link \">guerre en Ukraine<\/a>\u00a0? 20 Minutes fait le point pour vous tous les soirs. Voici l\u2019essentiel de ce dimanche 6\u00a0juillet, 1.230e jour du conflit.<\/p>\n<p>Le fait du jour<\/p>\n<p>La <a href=\"https:\/\/www.20minutes.fr\/monde\/ukraine\/4161532-20250704-guerre-ukraine-2025-vraiment-celui-tous-dangers-kiev?at_medium=RSS%20feed&amp;at_campaign=ynews&amp;utm_source=yahoo&amp;utm_medium=rss&amp;utm_campaign=news_feed&amp;utm_content=in_article_link\" rel=\"nofollow noopener\" target=\"_blank\" data-ylk=\"slk:Russie a revendiqu\u00e9 ce dimanche la prise de deux nouvelles localit\u00e9s;elm:context_link;itc:0;sec:content-canvas\" class=\"link \">Russie a revendiqu\u00e9 ce dimanche la prise de deux nouvelles localit\u00e9s<\/a> dans l\u2019est et le nord-est de l\u2019Ukraine. Selon le rapport quotidien du minist\u00e8re russe de la D\u00e9fense, les troupes de Moscou ont captur\u00e9 le village de Piddoubn\u00e9 dans la r\u00e9gion orientale de Donetsk, une localit\u00e9 situ\u00e9e \u00e0 l\u2019ouest de la ville de Kourakhov\u00e9, d\u00e9j\u00e0 prise par les Russes en d\u00e9cembre\u00a02024.<\/p>\n<p>Dans la r\u00e9gion de Kharkiv (nord-est), l\u2019arm\u00e9e russe a revendiqu\u00e9 la prise de la localit\u00e9 de Sobolivka, dans une zone o\u00f9 les positions n\u2019avaient pas boug\u00e9 depuis des mois.<\/p>\n<p>La d\u00e9claration du jour<\/p>\n<blockquote class=\"caas-blockquote\">\n<p>\u00ab\u00a0La guerre \u00e0 tr\u00e8s grande \u00e9chelle est depuis retourn\u00e9e sur le continent europ\u00e9en\u00a0\u00bb<\/p>\n<\/blockquote>\n<p>Emmanuel Macron est attendu mardi au Royaume-Uni pour une visite d\u2019Etat de trois jours dont une large partie sera consacr\u00e9e aux conflits aux portes de l&rsquo;Europe. La France et le Royaume-Uni, <a href=\"https:\/\/www.20minutes.fr\/monde\/ukraine\/4151944-20250507-pourquoi-guerre-nucleaire-presque-impossible-europe?at_medium=RSS%20feed&amp;at_campaign=ynews&amp;utm_source=yahoo&amp;utm_medium=rss&amp;utm_campaign=news_feed&amp;utm_content=in_article_link\" rel=\"nofollow noopener\" target=\"_blank\" data-ylk=\"slk:les deux seuls pays en Europe dot\u00e9s de l\u2019arme nucl\u00e9aire;elm:context_link;itc:0;sec:content-canvas\" class=\"link \">les deux seuls pays en Europe dot\u00e9s de l\u2019arme nucl\u00e9aire<\/a>, vont notamment renforcer leur coop\u00e9ration en mati\u00e8re de d\u00e9fense, notamment pour adapter ces accords \u00e0 la situation g\u00e9opolitique actuelle.<\/p>\n<p>Emmanuel Macron a d\u00e9velopp\u00e9 aussi une relation \u00e9troite avec Keir Starmer, notamment sur l\u2019Ukraine. \u00ab\u00a0J\u2019ai une relation personnelle tr\u00e8s forte avec lui, comme avec le pr\u00e9sident Trump\u00a0\u00bb, a confi\u00e9 jeudi le Premier ministre lors d\u2019une conf\u00e9rence de presse. Tous deux \u0153uv(&#8230;)<\/p>\n<p><a href=\"https:\/\/www.20minutes.fr\/monde\/russie\/4162204-20250706-guerre-ukraine-inexorable-avancee-troupes-russes-cooperation-franco-britannique?at_medium=RSS%20feed&amp;at_campaign=ynews&amp;utm_source=yahoo&amp;utm_medium=rss&amp;utm_campaign=news_feed&amp;utm_content=read_more_link&quot;\" rel=\"nofollow noopener\" target=\"_blank\" data-ylk=\"slk:Lire la suite sur 20minutes;elm:context_link;itc:0;sec:content-canvas\" class=\"link \">Lire la suite sur 20minutes<\/a><\/p>\n<p>\u00c0 lire aussi :<br \/><a href=\"https:\/\/www.20minutes.fr\/monde\/ukraine\/4158460-20250613-guerre-ukraine-russes-progressent-terrain-ukraine-pleure-morts?at_medium=RSS%20feed&amp;at_campaign=ynews&amp;utm_source=yahoo&amp;utm_medium=rss&amp;utm_campaign=news_feed&amp;utm_content=related_content_link\" rel=\"nofollow noopener\" target=\"_blank\" data-ylk=\"slk:Guerre en Ukraine\u00a0: Les Russes progressent sur le terrain, l\u2019Ukraine pleure ses morts;elm:context_link;itc:0;sec:content-canvas\" class=\"link \">Guerre en Ukraine\u00a0: Les Russes progressent sur le terrain, l\u2019Ukraine pleure ses morts<\/a><br \/><a href=\"https:\/\/www.20minutes.fr\/monde\/ukraine\/4159674-20250620-guerre-ukraine-toute-ukraine-poutine-menace-emparer-soumy?at_medium=RSS%20feed&amp;at_campaign=ynews&amp;utm_source=yahoo&amp;utm_medium=rss&amp;utm_campaign=news_feed&amp;utm_content=related_content_link\" rel=\"nofollow noopener\" target=\"_blank\" data-ylk=\"slk:Guerre en Ukraine\u00a0: \u00ab\u00a0Toute l\u2019Ukraine est n\u00f4tre\u00a0\u00bb\u2026 Poutine menace de s\u2019emparer de Soumy;elm:context_link;itc:0;sec:content-canvas\" class=\"link \">Guerre en Ukraine\u00a0: \u00ab\u00a0Toute l\u2019Ukraine est n\u00f4tre\u00a0\u00bb\u2026 Poutine menace de s\u2019emparer de Soumy<\/a><\/p>\n","protected":false},"excerpt":{"rendered":"Recap&rsquo; &#8211; \u00ab\u00a020 Minutes\u00a0\u00bb fait le point pour vous tous les soirs sur le conflit en Ukraine. Ce&hellip;\n","protected":false},"author":2,"featured_media":231654,"comment_status":"","ping_status":"","sticky":false,"template":"","format":"standard","meta":{"footnotes":""},"categories":[1590],"tags":[642,11,1777,674,5493,37066,37065,12,220],"class_list":{"0":"post-231653","1":"post","2":"type-post","3":"status-publish","4":"format-standard","5":"has-post-thumbnail","7":"category-ukraine","8":"tag-20-minutes","9":"tag-actualites","10":"tag-eu","11":"tag-europe","12":"tag-lukraine","13":"tag-la-prise","14":"tag-ministere-russe-de-la-defense","15":"tag-news","16":"tag-ukraine"},"share_on_mastodon":{"url":"https:\/\/pubeurope.com\/@fr\/114809485913444400","error":""},"_links":{"self":[{"href":"https:\/\/www.europesays.com\/fr\/wp-json\/wp\/v2\/posts\/231653","targetHints":{"allow":["GET"]}}],"collection":[{"href":"https:\/\/www.europesays.com\/fr\/wp-json\/wp\/v2\/posts"}],"about":[{"href":"https:\/\/www.europesays.com\/fr\/wp-json\/wp\/v2\/types\/post"}],"author":[{"embeddable":true,"href":"https:\/\/www.europesays.com\/fr\/wp-json\/wp\/v2\/users\/2"}],"replies":[{"embeddable":true,"href":"https:\/\/www.europesays.com\/fr\/wp-json\/wp\/v2\/comments?post=231653"}],"version-history":[{"count":0,"href":"https:\/\/www.europesays.com\/fr\/wp-json\/wp\/v2\/posts\/231653\/revisions"}],"wp:featuredmedia":[{"embeddable":true,"href":"https:\/\/www.europesays.com\/fr\/wp-json\/wp\/v2\/media\/231654"}],"wp:attachment":[{"href":"https:\/\/www.europesays.com\/fr\/wp-json\/wp\/v2\/media?parent=231653"}],"wp:term":[{"taxonomy":"category","embeddable":true,"href":"https:\/\/www.europesays.com\/fr\/wp-json\/wp\/v2\/categories?post=231653"},{"taxonomy":"post_tag","embeddable":true,"href":"https:\/\/www.europesays.com\/fr\/wp-json\/wp\/v2\/tags?post=231653"}],"curies":[{"name":"wp","href":"https:\/\/api.w.org\/{rel}","templated":true}]}}