{"id":231659,"date":"2025-07-07T02:03:10","date_gmt":"2025-07-07T02:03:10","guid":{"rendered":"https:\/\/www.europesays.com\/fr\/231659\/"},"modified":"2025-07-07T02:03:10","modified_gmt":"2025-07-07T02:03:10","slug":"percutes-par-une-voiture-des-freres-jumeaux-de-23-ans-tues-a-trottinette","status":"publish","type":"post","link":"https:\/\/www.europesays.com\/fr\/231659\/","title":{"rendered":"Percut\u00e9s par une voiture, des fr\u00e8res jumeaux de 23 ans tu\u00e9s \u00e0 trottinette"},"content":{"rendered":"<p>Un drame s\u2019est produit dans la nuit de samedi \u00e0 dimanche \u00e0 Francfort-sur-le-Main. Deux jeunes hommes de 23 ans sont morts et un autre a \u00e9t\u00e9 gri\u00e8vement bless\u00e9 apr\u00e8s qu\u2019une voiture a <a href=\"https:\/\/www.20minutes.fr\/dossier\/accident_de_la_route\" target=\"_blank\" class=\"color-ultramarine c-link\" rel=\"noopener\">percut\u00e9 deux trottinettes<\/a> \u00e9lectriques dans cette ville de l\u2019ouest de l\u2019<a href=\"https:\/\/www.20minutes.fr\/dossier\/allemagne\" target=\"_blank\" class=\"color-ultramarine c-link\" rel=\"noopener\">Allemagne<\/a>.<\/p>\n<p>Selon les autorit\u00e9s, le conducteur, \u00e2g\u00e9 de 23 ans, a quitt\u00e9 pour une raison encore inconnue la chauss\u00e9e pour monter sur une piste cyclable, o\u00f9 il a d\u2019abord heurt\u00e9 une premi\u00e8re trottinette \u00e9lectrique transportant deux hommes du m\u00eame \u00e2ge.<\/p>\n<p>Le conducteur en fuite avant de se rendre<\/p>\n<p>L\u2019un est d\u00e9c\u00e9d\u00e9 sur place, son fr\u00e8re jumeau est mort plus tard \u00e0 l\u2019h\u00f4pital. Une deuxi\u00e8me trottinette \u00e9lectrique, conduite par un homme de 27 ans, a \u00e9galement \u00e9t\u00e9 percut\u00e9e et tra\u00een\u00e9e sur plusieurs m\u00e8tres. Le jeune homme a \u00e9t\u00e9 hospitalis\u00e9 dans un \u00e9tat grave.<\/p>\n<\/p>\n<p>Le conducteur de la voiture avait pris la fuite avant de se rendre \u00e0 la police peu apr\u00e8s les faits.<\/p>\n","protected":false},"excerpt":{"rendered":"Un drame s\u2019est produit dans la nuit de samedi \u00e0 dimanche \u00e0 Francfort-sur-le-Main. Deux jeunes hommes de 23&hellip;\n","protected":false},"author":2,"featured_media":231660,"comment_status":"","ping_status":"","sticky":false,"template":"","format":"standard","meta":{"footnotes":""},"categories":[1587],"tags":[119,4376,47,11,672,1804,1805,1803,1777,674,118,1801,74,12,1802,6960,133],"class_list":{"0":"post-231659","1":"post","2":"type-post","3":"status-publish","4":"format-standard","5":"has-post-thumbnail","7":"category-allemagne","8":"tag-accident","9":"tag-accident-de-la-route","10":"tag-actualite","11":"tag-actualites","12":"tag-allemagne","13":"tag-bundesrepublik-deutschland","14":"tag-de","15":"tag-deutschland","16":"tag-eu","17":"tag-europe","18":"tag-faits-divers","19":"tag-germany","20":"tag-monde","21":"tag-news","22":"tag-republique-federale-dallemagne","23":"tag-trottinette-electrique","24":"tag-video"},"share_on_mastodon":{"url":"https:\/\/pubeurope.com\/@fr\/114809497425361353","error":""},"_links":{"self":[{"href":"https:\/\/www.europesays.com\/fr\/wp-json\/wp\/v2\/posts\/231659","targetHints":{"allow":["GET"]}}],"collection":[{"href":"https:\/\/www.europesays.com\/fr\/wp-json\/wp\/v2\/posts"}],"about":[{"href":"https:\/\/www.europesays.com\/fr\/wp-json\/wp\/v2\/types\/post"}],"author":[{"embeddable":true,"href":"https:\/\/www.europesays.com\/fr\/wp-json\/wp\/v2\/users\/2"}],"replies":[{"embeddable":true,"href":"https:\/\/www.europesays.com\/fr\/wp-json\/wp\/v2\/comments?post=231659"}],"version-history":[{"count":0,"href":"https:\/\/www.europesays.com\/fr\/wp-json\/wp\/v2\/posts\/231659\/revisions"}],"wp:featuredmedia":[{"embeddable":true,"href":"https:\/\/www.europesays.com\/fr\/wp-json\/wp\/v2\/media\/231660"}],"wp:attachment":[{"href":"https:\/\/www.europesays.com\/fr\/wp-json\/wp\/v2\/media?parent=231659"}],"wp:term":[{"taxonomy":"category","embeddable":true,"href":"https:\/\/www.europesays.com\/fr\/wp-json\/wp\/v2\/categories?post=231659"},{"taxonomy":"post_tag","embeddable":true,"href":"https:\/\/www.europesays.com\/fr\/wp-json\/wp\/v2\/tags?post=231659"}],"curies":[{"name":"wp","href":"https:\/\/api.w.org\/{rel}","templated":true}]}}