{"id":231672,"date":"2025-07-07T02:10:15","date_gmt":"2025-07-07T02:10:15","guid":{"rendered":"https:\/\/www.europesays.com\/fr\/231672\/"},"modified":"2025-07-07T02:10:15","modified_gmt":"2025-07-07T02:10:15","slug":"les-minots-apprennent-els-rudiments-du-beach-volley","status":"publish","type":"post","link":"https:\/\/www.europesays.com\/fr\/231672\/","title":{"rendered":"Les minots apprennent els rudiments du beach volley"},"content":{"rendered":"<p data-pm-slice=\"1 1 []\">Mardi 1\u1d49\u02b3 juillet, l\u2019ASG Volley organisait une journ\u00e9e d\u00e9couverte destin\u00e9e aux \u00e9coliers g\u00e9r\u00f4mois et xonrup\u00e9ens. C\u2019est sur les terrains de beach du quai du Locle que l\u2019\u00e9v\u00e9nement a d\u00e9but\u00e9 sous un soleil \u00e9clatant. Durant la matin\u00e9e, une cinquantaine d\u2019enfants ont pu s\u2019initier aux gestes \u00e9l\u00e9mentaires du volley-ball \u00e0 travers diff\u00e9rents ateliers anim\u00e9s par des membres du club. La passe, la manchette, le smash, le service et la mobilit\u00e9 n\u2019ont d\u00e9sormais plus de secret pour les CM1 et CM2 de l\u2019\u00e9cole Marie Curie et de Xonrupt. \u00c0 l\u2019issue de ces animations, ils ont pu recevoir une petite collation et des petits lots, bienvenus alors que la chaleur commen\u00e7ait \u00e0 devenir intense.<\/p>\n<p>L\u2019apr\u00e8s-midi caniculaire annonc\u00e9e ainsi que l\u2019orage \u00e0 la pause de midi ont malheureusement pouss\u00e9 les enseignants et les organisateurs \u00e0 ne pas poursuivre par mesure de s\u00e9curit\u00e9 pour les \u00e9l\u00e8ves des autres \u00e9coles initialement pr\u00e9vus l\u2019apr\u00e8s-midi. Ce n\u2019est que partie remise, car le club entend poursuivre annuellement cette journ\u00e9e au profit des \u00e9coliers. En effet, cette initiation avait d\u00e9j\u00e0 lieu il y a quelques ann\u00e9es en ouverture du \u201cTournoi de Beach Volley\u201d de G\u00e9rardmer. Merci \u00e0 la ville de G\u00e9rardmer de nous avoir mis \u00e0 disposition les terrains.<\/p>\n<p><a href=\"https:\/\/vosgesinfo.fr\/app\/uploads\/sites\/6\/2025\/07\/scolaire-beach-volley-1.jpg\" data-slb-active=\"1\" data-slb-asset=\"74400925\" data-slb-internal=\"0\" data-slb-group=\"slb\" rel=\"nofollow noopener\" target=\"_blank\"><img decoding=\"async\" loading=\"lazy\" class=\"aligncenter size-large wp-image-80240\" src=\"https:\/\/www.europesays.com\/fr\/wp-content\/uploads\/2025\/07\/scolaire-beach-volley-1-1024x600.jpg\" alt=\"\" width=\"1024\" height=\"600\"  \/><\/a><\/p>\n","protected":false},"excerpt":{"rendered":"Mardi 1\u1d49\u02b3 juillet, l\u2019ASG Volley organisait une journ\u00e9e d\u00e9couverte destin\u00e9e aux \u00e9coliers g\u00e9r\u00f4mois et xonrup\u00e9ens. C\u2019est sur les&hellip;\n","protected":false},"author":2,"featured_media":231673,"comment_status":"","ping_status":"","sticky":false,"template":"","format":"standard","meta":{"footnotes":""},"categories":[1417],"tags":[27306,1011,27,60,1470,1469],"class_list":{"0":"post-231672","1":"post","2":"type-post","3":"status-publish","4":"format-standard","5":"has-post-thumbnail","7":"category-volley","8":"tag-beach-volley","9":"tag-fr","10":"tag-france","11":"tag-sports","12":"tag-volley","13":"tag-volleyball"},"share_on_mastodon":{"url":"https:\/\/pubeurope.com\/@fr\/114809525015132967","error":""},"_links":{"self":[{"href":"https:\/\/www.europesays.com\/fr\/wp-json\/wp\/v2\/posts\/231672","targetHints":{"allow":["GET"]}}],"collection":[{"href":"https:\/\/www.europesays.com\/fr\/wp-json\/wp\/v2\/posts"}],"about":[{"href":"https:\/\/www.europesays.com\/fr\/wp-json\/wp\/v2\/types\/post"}],"author":[{"embeddable":true,"href":"https:\/\/www.europesays.com\/fr\/wp-json\/wp\/v2\/users\/2"}],"replies":[{"embeddable":true,"href":"https:\/\/www.europesays.com\/fr\/wp-json\/wp\/v2\/comments?post=231672"}],"version-history":[{"count":0,"href":"https:\/\/www.europesays.com\/fr\/wp-json\/wp\/v2\/posts\/231672\/revisions"}],"wp:featuredmedia":[{"embeddable":true,"href":"https:\/\/www.europesays.com\/fr\/wp-json\/wp\/v2\/media\/231673"}],"wp:attachment":[{"href":"https:\/\/www.europesays.com\/fr\/wp-json\/wp\/v2\/media?parent=231672"}],"wp:term":[{"taxonomy":"category","embeddable":true,"href":"https:\/\/www.europesays.com\/fr\/wp-json\/wp\/v2\/categories?post=231672"},{"taxonomy":"post_tag","embeddable":true,"href":"https:\/\/www.europesays.com\/fr\/wp-json\/wp\/v2\/tags?post=231672"}],"curies":[{"name":"wp","href":"https:\/\/api.w.org\/{rel}","templated":true}]}}