{"id":231674,"date":"2025-07-07T02:11:22","date_gmt":"2025-07-07T02:11:22","guid":{"rendered":"https:\/\/www.europesays.com\/fr\/231674\/"},"modified":"2025-07-07T02:11:22","modified_gmt":"2025-07-07T02:11:22","slug":"ugo-mola-regle-encore-ses-comptes-dans-laffaire-jaminet-cette-fois-ci","status":"publish","type":"post","link":"https:\/\/www.europesays.com\/fr\/231674\/","title":{"rendered":"Ugo Mola r\u00e8gle encore ses comptes, dans l&rsquo;affaire Jaminet cette fois-ci !"},"content":{"rendered":"<p>Le Stade-Toulousain a \u00e9t\u00e9 condamn\u00e9 \u00e0 payer une amende de 1,3 million d\u2019euros \u00e0 la Ligue Nationale de Rugby pour avoir tent\u00e9 de contourner le Salary Cap lors du recrutement de Melvyn Jaminet \u00e0 Perpignan.<\/p>\n<p>Suite \u00e0 cette annonce, certains pr\u00e9sidents et observateurs n\u2019ont pas manqu\u00e9 de critiquer le club de la Ville Rose.<\/p>\n<p>Lors d\u2019un entretien accord\u00e9 \u00e0 <a href=\"https:\/\/www.rugbyrama.fr\/2025\/07\/03\/top-14-entretien-exclusif-ugo-mola-toulouse-tu-ne-fais-pas-un-triple-avec-des-mecs-normaux-12803416.php\" rel=\"nofollow noopener\" target=\"_blank\">Midi Olympique<\/a>, le manager Toulousain Ugo Mola a souhait\u00e9 r\u00e9gler ses comptes.<\/p>\n<p>Il a notamment apport\u00e9 son soutien \u00e0 son pr\u00e9sident Didier Lacroix.<\/p>\n<p><strong>A lire ci-dessous :<\/strong><\/p>\n<p>Ce qui a pos\u00e9 probl\u00e8me, ce sont les amalgames et les interpr\u00e9tations. Que des gens de l\u2019ext\u00e9rieur ou des supporters s\u2019expriment sans avoir saisi la complexit\u00e9 de l\u2019affaire, \u00e7a ne m\u2019a jamais trop d\u00e9rang\u00e9. Ce qui est plus g\u00eanant, c\u2019est l\u2019interpr\u00e9tation de certains pr\u00e9sidents qui y sont quand m\u00eame all\u00e9s all\u00e8grement, en remettant en cause la probit\u00e9 de Didier. Et Dieu sait que \u00e7a, \u00e7a me para\u00eet compliqu\u00e9\u2026 Didier a \u00e9t\u00e9 \u00e9norm\u00e9ment affect\u00e9 par cette histoire, il a \u00e9t\u00e9 secou\u00e9, en interne et \u00e0 l\u2019ext\u00e9rieur. On l\u2019a tous mal v\u00e9cu. <\/p>\n<p>Si l\u2019erreur est av\u00e9r\u00e9e dans certains secteurs, il faut \u00e9videmment l\u2019accepter et la r\u00e9gler. Il n\u2019emp\u00eache que beaucoup d\u2019interpr\u00e9tations ont \u00e9t\u00e9 avanc\u00e9es sans qu\u2019elles soient r\u00e9elles. L\u2019avenir nous permettra peut-\u00eatre de juger un peu mieux les choses, m\u00eame si on a vraiment senti \u2013 et Didier l\u2019a exprim\u00e9 \u2013 qu\u2019on \u00e9tait dans le viseur de beaucoup. <\/p>\n<p>Et que, plut\u00f4t que de chercher \u00e0 progresser, le plus simple pour certains \u00e9tait d\u2019essayer de nous tuer\u2026 Face \u00e0 ceci, notre seul mode d\u2019expression valable et n\u00e9cessaire, c\u2019\u00e9tait le terrain. Le reste, il n\u2019\u00e9chappe \u00e0 personne que ce n\u2019est ni mes affaires, ni mon r\u00f4le.<\/p>\n<p>En finale, au 33-33 \u00e0 la 80e, je peux vous assurer que notre karma n\u2019\u00e9tait pas des plus flamboyants\u00a0(sourire). Oui, \u00e0 un moment, j\u2019ai presque pens\u00e9 que ce n\u2019\u00e9tait pas pour nous. Qu\u2019il fallait que cette saison se termine et passer \u00e0 autre chose.<\/p>\n","protected":false},"excerpt":{"rendered":"Le Stade-Toulousain a \u00e9t\u00e9 condamn\u00e9 \u00e0 payer une amende de 1,3 million d\u2019euros \u00e0 la Ligue Nationale de&hellip;\n","protected":false},"author":2,"featured_media":231675,"comment_status":"","ping_status":"","sticky":false,"template":"","format":"standard","meta":{"footnotes":""},"categories":[1416],"tags":[1011,27,479,1468,60],"class_list":{"0":"post-231674","1":"post","2":"type-post","3":"status-publish","4":"format-standard","5":"has-post-thumbnail","7":"category-rugby","8":"tag-fr","9":"tag-france","10":"tag-rugby","11":"tag-rugby-football","12":"tag-sports"},"share_on_mastodon":{"url":"https:\/\/pubeurope.com\/@fr\/114809529055158641","error":""},"_links":{"self":[{"href":"https:\/\/www.europesays.com\/fr\/wp-json\/wp\/v2\/posts\/231674","targetHints":{"allow":["GET"]}}],"collection":[{"href":"https:\/\/www.europesays.com\/fr\/wp-json\/wp\/v2\/posts"}],"about":[{"href":"https:\/\/www.europesays.com\/fr\/wp-json\/wp\/v2\/types\/post"}],"author":[{"embeddable":true,"href":"https:\/\/www.europesays.com\/fr\/wp-json\/wp\/v2\/users\/2"}],"replies":[{"embeddable":true,"href":"https:\/\/www.europesays.com\/fr\/wp-json\/wp\/v2\/comments?post=231674"}],"version-history":[{"count":0,"href":"https:\/\/www.europesays.com\/fr\/wp-json\/wp\/v2\/posts\/231674\/revisions"}],"wp:featuredmedia":[{"embeddable":true,"href":"https:\/\/www.europesays.com\/fr\/wp-json\/wp\/v2\/media\/231675"}],"wp:attachment":[{"href":"https:\/\/www.europesays.com\/fr\/wp-json\/wp\/v2\/media?parent=231674"}],"wp:term":[{"taxonomy":"category","embeddable":true,"href":"https:\/\/www.europesays.com\/fr\/wp-json\/wp\/v2\/categories?post=231674"},{"taxonomy":"post_tag","embeddable":true,"href":"https:\/\/www.europesays.com\/fr\/wp-json\/wp\/v2\/tags?post=231674"}],"curies":[{"name":"wp","href":"https:\/\/api.w.org\/{rel}","templated":true}]}}