{"id":231690,"date":"2025-07-07T02:21:21","date_gmt":"2025-07-07T02:21:21","guid":{"rendered":"https:\/\/www.europesays.com\/fr\/231690\/"},"modified":"2025-07-07T02:21:21","modified_gmt":"2025-07-07T02:21:21","slug":"avant-blood-of-my-blood-les-fans-reclament-cet-autre-spin-off","status":"publish","type":"post","link":"https:\/\/www.europesays.com\/fr\/231690\/","title":{"rendered":"Avant Blood of my Blood, les fans r\u00e9clament cet autre spin-off"},"content":{"rendered":"<p>Alors que les fans d&rsquo;Outlander d\u00e9couvriront bient\u00f4t le spin-off Blood of my Blood, ils r\u00e9clament \u00e0 la production un autre projet de s\u00e9rie d\u00e9riv\u00e9e, qui a longtemps aliment\u00e9 les rumeurs, centr\u00e9 sur l&rsquo;un des personnages de la saga de Diana Gabaldon. <\/p>\n<p>Plus que quelques jours \u00e0 patienter avant de d\u00e9couvrir <a href=\"https:\/\/www.programme-tv.net\/news\/series-tv\/377024-outlander-avant-la-saison-8-voici-la-date-de-sortie-du-spin-off-blood-of-my-blood\/\" data-api-deeplink=\"teleloisirs:\/\/news\/377024\" target=\"_blank\" rel=\"noopener\">Blood of my Blood, le pr\u00e9quel d&rsquo;Outlander qui sortira le 8 ao\u00fbt aux Etats-Unis<\/a> et d\u00e8s le lendemain en France sur la plateforme HBO Max. Alors qu&rsquo;ils n&rsquo;ont pas encore vu le moindre \u00e9pisode de <a href=\"https:\/\/www.programme-tv.net\/news\/series-tv\/307465-outlander-blood-of-my-blood-date-de-sortie-casting-intrigue-toutes-les-infos-sur-la-serie-a-venir\/\" data-api-deeplink=\"teleloisirs:\/\/news\/307465\" target=\"_blank\" rel=\"noopener\">Blood of my Blood<\/a>, dans lequel ils pourront retrouver certains de leurs <a href=\"https:\/\/www.programme-tv.net\/news\/series-tv\/351755-outlander-ces-personnages-adores-des-fans-seront-dans-le-spin-off\/\" data-api-deeplink=\"teleloisirs:\/\/news\/351755\" target=\"_blank\" rel=\"noopener\">personnages ador\u00e9s<\/a>, les fans pensent d\u00e9j\u00e0 \u00e0 la suite ! Ou plut\u00f4t \u00e0 un autre spin-off, centr\u00e9 sur l&rsquo;un de leurs personnages pr\u00e9f\u00e9r\u00e9s. \u00ab\u00a0J&rsquo;ai besoin d&rsquo;une s\u00e9rie d\u00e9riv\u00e9e sur Lord John Grey\u00a0\u00bb, \u00e9crit ainsi un fan sur un forum de Reddit d\u00e9di\u00e9 \u00e0 la s\u00e9rie. \u00ab\u00a0Chaque fois que je vois une interview ou un article \u00e0 ce sujet, je suis tellement enthousiaste. Je pr\u00e9f\u00e9rerais une s\u00e9rie d\u00e9riv\u00e9e sur Lord John plut\u00f4t qu&rsquo;un pr\u00e9quel. Que quelqu&rsquo;un se lance dans ce projet, s&rsquo;il vous pla\u00eet !!!\u00a0\u00bb, ajoute-t-il. Et visiblement, cette id\u00e9e fait son chemin aupr\u00e8s des autres gr\u00e2ce \u00e0 la popularit\u00e9 du personnage de <a href=\"https:\/\/www.programme-tv.net\/news\/series-tv\/367042-outlander-saison-7-episode-12-lord-john-grey-est-il-mort-ce-que-les-livres-nous-apprennent-sur-la-suite-spoilers\/\" data-api-deeplink=\"teleloisirs:\/\/news\/367042\" target=\"_blank\" rel=\"noopener\">Lord John Grey<\/a>. \u00ab\u00a0C&rsquo;est mon personnage pr\u00e9f\u00e9r\u00e9 dans l&rsquo;univers Outlander et David Berry est mon acteur pr\u00e9f\u00e9r\u00e9\u00a0\u00bb, s&rsquo;enthousiasme ainsi l&rsquo;un d&rsquo;eux.<\/p>\n<p>                        Lord John Grey, un personnage important dans l&rsquo;univers d&rsquo;Outlander<\/p>\n<p>\u00ab\u00a0Lord John Grey est un personnage incroyable\u00a0\u00bb, peut-on lire encore. Pour rappel, Lord John Grey est un vieil ami de Jamie Fraser et il est secr\u00e8tement amoureux du highlander. Le soldat et diplomate anglais est au c\u0153ur d\u2019une s\u00e9rie de romans, \u00e9crits, eux aussi, par Diana Gabaldon. \u00ab\u00a0Je viens de terminer la s\u00e9rie de livres Lord John Grey. Elle est g\u00e9niale. J&rsquo;adorerais la voir \u00e0 la t\u00e9l\u00e9vision\u00a0\u00bb, \u00e9crit justement un autre fan. \u00ab\u00a0Je serais tellement plus enthousiaste que pour le prequel actuel ! J&rsquo;ADORE l&rsquo;histoire de Lord John Grey !!!\u00a0\u00bb, confie un internaute, tandis qu&rsquo;un autre \u00e9crit : \u00ab\u00a0Je m&rsquo;abonnerais \u00e0 Starz au prix fort pour regarder cette s\u00e9rie si elle voyait le jour\u00a0\u00bb.<\/p>\n<p>Ce spin-off d&rsquo;Outlander sur Lord John Grey verra-t-il le jour ?<\/p>\n<p>\u00ab\u00a0Je pense que ce serait une id\u00e9e originale pour la t\u00e9l\u00e9vision, car je ne connais pas d&rsquo;autres s\u00e9ries historiques traitant des homosexuels \u00e0 cette \u00e9poque\u00a0\u00bb, estime un autre. Mais, concr\u00e8tement, ce nouveau spin-off serait-il possible ? Certains fans en doutent&#8230; \u00ab\u00a0Selon Diana Gabaldon, Sony n&rsquo;a pas donn\u00e9 son feu vert car le potentiel d&rsquo;audience n&rsquo;\u00e9tait pas au rendez-vous \u00e0 l&rsquo;\u00e9poque\u00a0\u00bb, croit savoir l&rsquo;un d&rsquo;eux. \u00ab\u00a0Je pense aussi que si le prequel [Blood of my Blood] ne marche pas, Sony r\u00e9fl\u00e9chira \u00e0 deux fois avant de se lancer dans d&rsquo;autres projets Outlander. Je ne sais pas non plus qui d\u00e9tient les droits des livres de Lord John Grey\u00a0\u00bb, ajoute un autre. Avant m\u00eame la sortie de la saison 1, <a href=\"https:\/\/www.programme-tv.net\/news\/series-tv\/381788-outlander-excellente-nouvelle-pour-les-fans-avant-meme-la-sortie-de-blood-of-my-blood\/\" data-api-deeplink=\"teleloisirs:\/\/news\/381788\" target=\"_blank\" rel=\"noopener\">Outlander : Blood of my Blood vient d&rsquo;\u00eatre renouvel\u00e9e pour une saison 2, <\/a>dont le tournage vient de d\u00e9marrer.<\/p>\n<p>Article \u00e9crit en collaboration avec 6Medias<\/p>\n","protected":false},"excerpt":{"rendered":"Alors que les fans d&rsquo;Outlander d\u00e9couvriront bient\u00f4t le spin-off Blood of my Blood, ils r\u00e9clament \u00e0 la production&hellip;\n","protected":false},"author":2,"featured_media":231691,"comment_status":"","ping_status":"","sticky":false,"template":"","format":"standard","meta":{"footnotes":""},"categories":[1356],"tags":[244,58,59,1011,27,5371,127,37068,1722,129,252,1364],"class_list":{"0":"post-231690","1":"post","2":"type-post","3":"status-publish","4":"format-standard","5":"has-post-thumbnail","7":"category-television","8":"tag-commentaire","9":"tag-divertissement","10":"tag-entertainment","11":"tag-fr","12":"tag-france","13":"tag-hbo-max","14":"tag-netflix","15":"tag-outlander-blood-of-my-blood","16":"tag-pub-streaming-netflix","17":"tag-svod","18":"tag-television","19":"tag-tv"},"share_on_mastodon":{"url":"https:\/\/pubeurope.com\/@fr\/114809568298895755","error":""},"_links":{"self":[{"href":"https:\/\/www.europesays.com\/fr\/wp-json\/wp\/v2\/posts\/231690","targetHints":{"allow":["GET"]}}],"collection":[{"href":"https:\/\/www.europesays.com\/fr\/wp-json\/wp\/v2\/posts"}],"about":[{"href":"https:\/\/www.europesays.com\/fr\/wp-json\/wp\/v2\/types\/post"}],"author":[{"embeddable":true,"href":"https:\/\/www.europesays.com\/fr\/wp-json\/wp\/v2\/users\/2"}],"replies":[{"embeddable":true,"href":"https:\/\/www.europesays.com\/fr\/wp-json\/wp\/v2\/comments?post=231690"}],"version-history":[{"count":0,"href":"https:\/\/www.europesays.com\/fr\/wp-json\/wp\/v2\/posts\/231690\/revisions"}],"wp:featuredmedia":[{"embeddable":true,"href":"https:\/\/www.europesays.com\/fr\/wp-json\/wp\/v2\/media\/231691"}],"wp:attachment":[{"href":"https:\/\/www.europesays.com\/fr\/wp-json\/wp\/v2\/media?parent=231690"}],"wp:term":[{"taxonomy":"category","embeddable":true,"href":"https:\/\/www.europesays.com\/fr\/wp-json\/wp\/v2\/categories?post=231690"},{"taxonomy":"post_tag","embeddable":true,"href":"https:\/\/www.europesays.com\/fr\/wp-json\/wp\/v2\/tags?post=231690"}],"curies":[{"name":"wp","href":"https:\/\/api.w.org\/{rel}","templated":true}]}}