{"id":231696,"date":"2025-07-07T02:26:13","date_gmt":"2025-07-07T02:26:13","guid":{"rendered":"https:\/\/www.europesays.com\/fr\/231696\/"},"modified":"2025-07-07T02:26:13","modified_gmt":"2025-07-07T02:26:13","slug":"classement-general-et-resultats-apres-la-2e-etape","status":"publish","type":"post","link":"https:\/\/www.europesays.com\/fr\/231696\/","title":{"rendered":"Classement g\u00e9n\u00e9ral et r\u00e9sultats apr\u00e8s la 2e \u00e9tape"},"content":{"rendered":"<p>Au lendemain de la victoire au sprint de Jasper Philipsen (Alpecin-Deceuninck), les coureurs avaient rendez-vous pour la plus longue \u00e9tape de cette \u00e9dition du <a href=\"https:\/\/www.20minutes.fr\/sport\/cyclisme\/4162179-20250706-tour-france-2025-plus-million-spectateurs-bord-routes-samedi\" class=\"color-ultramarine c-link\" target=\"_blank\" rel=\"noopener\">Tour de France<\/a>, entre Lauwin-Planque et <a href=\"https:\/\/www.20minutes.fr\/dossier\/boulogne-sur-mer\" class=\"color-ultramarine c-link\" target=\"_blank\" rel=\"noopener\">Boulogne-sur-Mer<\/a>. Au terme de 209 kilom\u00e8tres, dont plusieurs roul\u00e9s sous la pluie, c&rsquo;est Mathieu van der Poel (Alpecin-Deceuninck) qui s&rsquo;est impos\u00e9, devant Tadej Pogacar (UAE Team Emirates) et <a href=\"https:\/\/www.20minutes.fr\/sport\/jonas-vingegaard\/\" class=\"color-ultramarine c-link\" target=\"_blank\" rel=\"noopener\">Jonas Vingegaard<\/a> (Visma | Lease a Bike). Le N\u00e9erlandais a remport\u00e9 le sprint final devant ses deux principaux concurrents.<\/p>\n<p>Un final entre monstres<\/p>\n<p>Mathieu Van der Poel (Alpecin-Deceuninck) a du domin\u00e9 les d\u00e9bats dans les derniers m\u00e8tres avant l&rsquo;arriv\u00e9e \u00e0 Boulogne-sur-Mer. Les deux derni\u00e8res bosses ont permis au N\u00e9erlandais de se mettre en position id\u00e9ale, apr\u00e8s avoir r\u00e9sist\u00e9 aux assauts des Fran\u00e7ais K\u00e9vin Vauquelin (Ark\u00e9a-B &amp; B Hotels) et Romain Gr\u00e9goire (Groupama-FDJ). Sur le dernier sprint, Van del Poel s&rsquo;est montr\u00e9 plus puissant que Tadej Pogacar, pourtant bien emmen\u00e9 par sa team UAE-XRG, et Jonas Vingegaard (Visma-Lease a Bike), en embuscade \u00e0 la 3e place.<\/p>\n<p>Van der Poel prend le Maillot Jaune \u00e0 son co\u00e9quipier Jasper Philipsen. Les puncheurs fran\u00e7ais se sont bien montr\u00e9s, avec la 4e place de Gr\u00e9goire, la 5e pour Julian Alaphilippe (Tudor) et la 7e pour Aur\u00e9lien Paret-Peintre (Decathlon-AG2R La Mondiale). <\/p>\n<p class=\"mb-xxl@xs color-ultramarine font-weight-semi-bold@xs font-source-serif-pro heading-s@xs\">L\u2019acc\u00e8s \u00e0 ce contenu a \u00e9t\u00e9 bloqu\u00e9 afin de respecter votre choix de consentement<\/p>\n<p class=\"mb-m@xs text-l@xs\">En cliquant sur\u00ab J\u2019accepte \u00bb, vous acceptez le d\u00e9p\u00f4t de cookies par des services externes et aurez ainsi acc\u00e8s aux contenus de nos partenaires.<\/p>\n<p class=\"mb-xl@xs text-s@xs\">Plus d\u2019informations sur la page<a href=\"https:\/\/www.20minutes.fr\/gestion-cookies\" class=\"mx-xxs@xs color-ultramarine\" target=\"_blank\" rel=\"noopener\">Politique de gestion des cookies<\/a><\/p>\n<p>J\u2019accepteLe classement de la 2e \u00e9tape du Tour de France 2025<\/p>\n<ol>\n<li>Mathieu Van der Poel &#8211; Alpecin-Deceuninck 04h45&rsquo;41\u00a0\u00bb<\/li>\n<li>Tadej Pogacar &#8211; UAE Team Emirates \u00e0 0&Prime;<\/li>\n<li>Jonas Vingegaard &#8211; Visma Lease a Bike \u00e0 0&Prime;<\/li>\n<li>Romain Gr\u00e9goire &#8211; Groupama-FDJ \u00e0 0&Prime;<\/li>\n<li>Julian Alaphilippe &#8211; Tudor \u00e0 0&Prime;<\/li>\n<li>Oscar Onley &#8211; Picnic PostNL \u00e0 0&Prime;<\/li>\n<li>Aur\u00e9lien Paret-Peintre &#8211; Decathlon AG2R La Mondiale \u00e0 0&Prime;<\/li>\n<li>Kevin Vauquelin &#8211; Ark\u00e9a &#8211; B&amp;B Hotels \u00e0 0&Prime;<\/li>\n<li>Simone Velasco &#8211; XDS Astana \u00e0 0&Prime;<\/li>\n<li>Jenno Berckmoes &#8211; Lotto \u00e0 0&Prime;<\/li>\n<li>Alexandre Delettre &#8211; TotalEnergies \u00e0 0&Prime;<\/li>\n<li>Enric Mas &#8211; Movistar \u00e0 0&Prime;<\/li>\n<li>Santiago Buitrago &#8211; Bahrain Victorious \u00e0 0&Prime;<\/li>\n<li>Marc Hirschi &#8211; Tudor \u00e0 0&Prime;<\/li>\n<li>Jo\u00e3o Almeida &#8211; UAE Team Emirates \u00e0 0&Prime;<\/li>\n<li>Guillaume Martin-Guyonnet &#8211; Groupama-FDJ \u00e0 0&Prime;<\/li>\n<li>Remco Evenepoel &#8211; Soudal &#8211; Quick Step \u00e0 0&Prime;<\/li>\n<li>Matteo Jorgenson &#8211; Visma Lease a Bike \u00e0 0&Prime;<\/li>\n<li>Neilson Powless &#8211; EF Education &#8211; Easy Post \u00e0 0&Prime;<\/li>\n<li>Emanuel Buchmann &#8211; Cofidis \u00e0 0&Prime;<\/li>\n<li>Felix Gall &#8211; Decathlon AG2R La Mondiale \u00e0 0&Prime;<\/li>\n<li>Primoz Roglic &#8211; RedBull &#8211; Bora-Hansgrohe \u00e0 0&Prime;<\/li>\n<li>Mattias Skjelmose Jensen &#8211; Lidl &#8211; Trek \u00e0 0&Prime;<\/li>\n<li>Florian Lipowitz &#8211; RedBull &#8211; Bora-Hansgrohe \u00e0 0&Prime;<\/li>\n<li>Alexey Lutsenko &#8211; Israel &#8211; Premier Tech \u00e0 0&Prime;<\/li>\n<li>Quentin Pacher &#8211; Groupama-FDJ \u00e0 0&Prime;<\/li>\n<li>Jasper Philipsen &#8211; Alpecin-Deceuninck \u00e0 31\u00a0\u00bb<\/li>\n<li>Joseph Blackmore &#8211; Israel &#8211; Premier Tech \u00e0 31\u00a0\u00bb<\/li>\n<li>Harold Tejada &#8211; XDS Astana \u00e0 31\u00a0\u00bb<\/li>\n<li>Cl\u00e9ment Berthet &#8211; Decathlon AG2R La Mondiale \u00e0 31\u00a0\u00bb<\/li>\n<\/ol>\n<p>Le classement g\u00e9n\u00e9ral apr\u00e8s 2 \u00e9tapes du Tour de France 2025<\/p>\n<ol>\n<li>Mathieu Van der Poel &#8211; Alpecin-Deceuninck 08h38&rsquo;42\u00a0\u00bb<\/li>\n<li>Tadej Pogacar &#8211; UAE Team Emirates \u00e0 04\u00a0\u00bb<\/li>\n<li>Jonas Vingegaard &#8211; Visma Lease a Bike \u00e0 06\u00a0\u00bb<\/li>\n<li>Kevin Vauquelin &#8211; Ark\u00e9a &#8211; B&amp;B Hotels \u00e0 10\u00a0\u00bb<\/li>\n<li>Matteo Jorgenson &#8211; Visma Lease a Bike \u00e0 10\u00a0\u00bb<\/li>\n<li>Enric Mas &#8211; Movistar \u00e0 10\u00a0\u00bb<\/li>\n<li>Jasper Philipsen &#8211; Alpecin-Deceuninck \u00e0 31\u00a0\u00bb<\/li>\n<li>Joseph Blackmore &#8211; Israel &#8211; Premier Tech \u00e0 41\u00a0\u00bb<\/li>\n<li>Tobias Halland Johannessen &#8211; Uno-X Mobility \u00e0 41\u00a0\u00bb<\/li>\n<li>Ben O&rsquo;Connor &#8211; Jayco AlUla \u00e0 41\u00a0\u00bb<\/li>\n<li>Neilson Powless &#8211; EF Education &#8211; Easy Post \u00e0 49\u00a0\u00bb<\/li>\n<li>Aur\u00e9lien Paret-Peintre &#8211; Decathlon AG2R La Mondiale \u00e0 49\u00a0\u00bb<\/li>\n<li>Jo\u00e3o Almeida &#8211; UAE Team Emirates \u00e0 49\u00a0\u00bb<\/li>\n<li>Emanuel Buchmann &#8211; Cofidis \u00e0 49\u00a0\u00bb<\/li>\n<li>Mattias Skjelmose Jensen &#8211; Lidl &#8211; Trek \u00e0 49\u00a0\u00bb<\/li>\n<li>Oscar Onley &#8211; Picnic PostNL \u00e0 49\u00a0\u00bb<\/li>\n<li>Santiago Buitrago &#8211; Bahrain Victorious \u00e0 49\u00a0\u00bb<\/li>\n<li>Remco Evenepoel &#8211; Soudal &#8211; Quick Step \u00e0 49\u00a0\u00bb<\/li>\n<li>Felix Gall &#8211; Decathlon AG2R La Mondiale \u00e0 49\u00a0\u00bb <\/li>\n<li>Guillaume Martin-Guyonnet &#8211; Groupama-FDJ \u00e0 49\u00a0\u00bb<\/li>\n<li>Primoz Roglic &#8211; RedBull &#8211; Bora-Hansgrohe \u00e0 49\u00a0\u00bb<\/li>\n<li>Florian Lipowitz &#8211; RedBull &#8211; Bora-Hansgrohe \u00e0 49\u00a0\u00bb<\/li>\n<li>Alexandre Delettre &#8211; TotalEnergies \u00e0 49\u00a0\u00bb<\/li>\n<li>Jenno Berckmoes &#8211; Lotto \u00e0 49\u00a0\u00bb<\/li>\n<li>Marc Hirschi &#8211; Tudor \u00e0 49\u00a0\u00bb<\/li>\n<\/ol>\n","protected":false},"excerpt":{"rendered":"Au lendemain de la victoire au sprint de Jasper Philipsen (Alpecin-Deceuninck), les coureurs avaient rendez-vous pour la plus&hellip;\n","protected":false},"author":2,"featured_media":231697,"comment_status":"","ping_status":"","sticky":false,"template":"","format":"standard","meta":{"footnotes":""},"categories":[9],"tags":[207,1011,27,4385,517,60,1138,210],"class_list":{"0":"post-231696","1":"post","2":"type-post","3":"status-publish","4":"format-standard","5":"has-post-thumbnail","7":"category-sports","8":"tag-cyclisme","9":"tag-fr","10":"tag-france","11":"tag-mathieu-van-der-poel","12":"tag-sport","13":"tag-sports","14":"tag-tadej-pogacar","15":"tag-tour-de-france"},"share_on_mastodon":{"url":"https:\/\/pubeurope.com\/@fr\/114809587868036331","error":""},"_links":{"self":[{"href":"https:\/\/www.europesays.com\/fr\/wp-json\/wp\/v2\/posts\/231696","targetHints":{"allow":["GET"]}}],"collection":[{"href":"https:\/\/www.europesays.com\/fr\/wp-json\/wp\/v2\/posts"}],"about":[{"href":"https:\/\/www.europesays.com\/fr\/wp-json\/wp\/v2\/types\/post"}],"author":[{"embeddable":true,"href":"https:\/\/www.europesays.com\/fr\/wp-json\/wp\/v2\/users\/2"}],"replies":[{"embeddable":true,"href":"https:\/\/www.europesays.com\/fr\/wp-json\/wp\/v2\/comments?post=231696"}],"version-history":[{"count":0,"href":"https:\/\/www.europesays.com\/fr\/wp-json\/wp\/v2\/posts\/231696\/revisions"}],"wp:featuredmedia":[{"embeddable":true,"href":"https:\/\/www.europesays.com\/fr\/wp-json\/wp\/v2\/media\/231697"}],"wp:attachment":[{"href":"https:\/\/www.europesays.com\/fr\/wp-json\/wp\/v2\/media?parent=231696"}],"wp:term":[{"taxonomy":"category","embeddable":true,"href":"https:\/\/www.europesays.com\/fr\/wp-json\/wp\/v2\/categories?post=231696"},{"taxonomy":"post_tag","embeddable":true,"href":"https:\/\/www.europesays.com\/fr\/wp-json\/wp\/v2\/tags?post=231696"}],"curies":[{"name":"wp","href":"https:\/\/api.w.org\/{rel}","templated":true}]}}