{"id":231698,"date":"2025-07-07T02:27:12","date_gmt":"2025-07-07T02:27:12","guid":{"rendered":"https:\/\/www.europesays.com\/fr\/231698\/"},"modified":"2025-07-07T02:27:12","modified_gmt":"2025-07-07T02:27:12","slug":"harcelement-et-racisme-a-secret-story-le-patron-de-tf1-prend-la-parole-et-hausse-le-ton","status":"publish","type":"post","link":"https:\/\/www.europesays.com\/fr\/231698\/","title":{"rendered":"Harc\u00e8lement et racisme \u00e0 \u00ab\u00a0Secret Story\u00a0\u00bb ? Le patron de TF1 prend la parole et hausse le ton"},"content":{"rendered":"<p>      R\u00e9sum\u00e9<\/p>\n<p>Suite \u00e0 des accusations de harc\u00e8lement et racisme \u00e0 Secret Story, la production a r\u00e9agi tandis que le directeur de TF1 appelle \u00e0 la responsabilit\u00e9 des t\u00e9l\u00e9spectateurs, malgr\u00e9 des audiences record.<\/p>\n<p>        Sommaire<\/p>\n<p><strong>La tension est mont\u00e9e d&rsquo;un cran \u00e0 Secret Story<\/strong> il y a quelques jours. Et la sortie de Marianne ce jeudi l&rsquo;a peut-\u00eatre fait redescendre. En effet, depuis deux semaines, de nombreux fans du programme pointent du doigt <strong>des situations pr\u00e9sum\u00e9es de harc\u00e8lement<\/strong> au sein de la maison des secrets. Ils ciblent \u00e9galement des propos possiblement \u00e0 connotation raciste, <a href=\"https:\/\/www.public.fr\/cest-vraiment-lunaire-a-peine-sortie-marianne-secret-story-brise-le-silence-sur-les-accusations-de-racisme\" target=\"_blank\" rel=\"noopener\">que Marianne a totalement d\u00e9mentis<\/a> dans une interview post-sortie&#8230;<\/p>\n<p>Toutefois, face \u00e0 la col\u00e8re des t\u00e9l\u00e9spectateurs de Secret Story, qui n&rsquo;avait de cesse de s&rsquo;amplifier, la production a d\u00fb s\u00e9vir. <strong>La semaine derni\u00e8re, tous les candidats ont \u00e9t\u00e9 convoqu\u00e9s individuellement<\/strong> au confessionnel, et ont \u00e9t\u00e9 inform\u00e9s des accusations les visant. <a href=\"https:\/\/www.public.fr\/si-necessaire-une-exclusion-romy-de-secret-story-harcelee-prise-de-parole-historique-de-la-production\" target=\"_blank\" rel=\"noopener\">Une prise de parole par la productrice<\/a>, Val\u00e9rie Jaunard, a ensuite \u00e9t\u00e9 faite dans le salon. Celle-ci les a avertis que des d\u00e9bordements nouveaux ne seraient pas tol\u00e9r\u00e9s, et pourraient \u00eatre sanctionn\u00e9s par <strong>une exclusion d\u00e9finitive de l&rsquo;aventure<\/strong>.<\/p>\n<p>Pour le patron, les t\u00e9l\u00e9spectateurs de \u00ab\u00a0Secret Story\u00a0\u00bb sont le probl\u00e8me<\/p>\n<p>Mais que pense <strong>Ara Aprikian<\/strong> de tout cela ? Dans une interview accord\u00e9e au Parisien, le directeur g\u00e9n\u00e9ral de TF1 a donn\u00e9 son avis&#8230; Mais plut\u00f4t que de reconna\u00eetre des maladresses dans Secret Story, la direction a pr\u00e9f\u00e9r\u00e9 <strong>jeter l&rsquo;opprobre sur&#8230; les t\u00e9l\u00e9spectateurs<\/strong> !<\/p>\n<p>\u00ab\u00a0Une attention particuli\u00e8re, oui, comme tous les programmes ayant <strong>une forte r\u00e9sonance sur les r\u00e9seaux sociaux<\/strong>. Il faut \u00eatre capable de ma\u00eetriser ce qu\u2019il s\u2019y dit et passe, sans oublier de rappeler les r\u00e8gles aux uns et aux autres quand cela est n\u00e9cessaire. Il faut \u00e9galement <strong>rappeler aux commentateurs qu\u2019ils ont eux aussi une responsabilit\u00e9<\/strong> vis-\u00e0-vis des pol\u00e9miques qu\u2019ils g\u00e9n\u00e8rent ou alimentent sur la Toile\u00a0\u00bb a ainsi d\u00e9clar\u00e9 le patron au sujet des propos de Marianne, <a href=\"https:\/\/vsd.fr\/82190-secret-story-des-photos-de-pimprenelle-avant-la-reconstruction-faciale-retrouvees\/\" target=\"_blank\" rel=\"noopener\">Pimprenelle<\/a> ou encore Constance visant Romy et Anita dans Secret Story.<\/p>\n<p>Malgr\u00e9 cette pol\u00e9mique, <strong>les audiences de Secret Story sont au beau fixe<\/strong>. L&rsquo;\u00e9mission a m\u00eame r\u00e9alis\u00e9 un record historique sur les cibles prioritaires pour un prime de TFX la semaine derni\u00e8re. Elle est parvenue \u00e0 r\u00e9unir (\u00e0 J+7 en audience consolid\u00e9e) <strong>16% des FRDA-50 et 28% des 15\/34 ans<\/strong>. Des scores exceptionnels, \u00e9galement confort\u00e9s par ceux des quotidiennes. De quoi pousser la cha\u00eene \u00e0 commander une nouvelle saison ? Rien n&rsquo;est moins s\u00fbr. La finale de Secret Story est attendue d\u00e9but ao\u00fbt.<\/p>\n<p>      Mentionn\u00e9s dans cet article<\/p>\n<p>\u00c0 lire aussi<\/p>\n","protected":false},"excerpt":{"rendered":"R\u00e9sum\u00e9 Suite \u00e0 des accusations de harc\u00e8lement et racisme \u00e0 Secret Story, la production a r\u00e9agi tandis que&hellip;\n","protected":false},"author":2,"featured_media":231699,"comment_status":"","ping_status":"","sticky":false,"template":"","format":"standard","meta":{"footnotes":""},"categories":[8],"tags":[37069,5410,58,59,1011,27,3668,10162,29901,199],"class_list":{"0":"post-231698","1":"post","2":"type-post","3":"status-publish","4":"format-standard","5":"has-post-thumbnail","7":"category-divertissement","8":"tag-ara-aprikian","9":"tag-christophe-beaugrand","10":"tag-divertissement","11":"tag-entertainment","12":"tag-fr","13":"tag-france","14":"tag-harcelement","15":"tag-racisme","16":"tag-secret-story","17":"tag-tf1"},"share_on_mastodon":{"url":"https:\/\/pubeurope.com\/@fr\/114809591768201706","error":""},"_links":{"self":[{"href":"https:\/\/www.europesays.com\/fr\/wp-json\/wp\/v2\/posts\/231698","targetHints":{"allow":["GET"]}}],"collection":[{"href":"https:\/\/www.europesays.com\/fr\/wp-json\/wp\/v2\/posts"}],"about":[{"href":"https:\/\/www.europesays.com\/fr\/wp-json\/wp\/v2\/types\/post"}],"author":[{"embeddable":true,"href":"https:\/\/www.europesays.com\/fr\/wp-json\/wp\/v2\/users\/2"}],"replies":[{"embeddable":true,"href":"https:\/\/www.europesays.com\/fr\/wp-json\/wp\/v2\/comments?post=231698"}],"version-history":[{"count":0,"href":"https:\/\/www.europesays.com\/fr\/wp-json\/wp\/v2\/posts\/231698\/revisions"}],"wp:featuredmedia":[{"embeddable":true,"href":"https:\/\/www.europesays.com\/fr\/wp-json\/wp\/v2\/media\/231699"}],"wp:attachment":[{"href":"https:\/\/www.europesays.com\/fr\/wp-json\/wp\/v2\/media?parent=231698"}],"wp:term":[{"taxonomy":"category","embeddable":true,"href":"https:\/\/www.europesays.com\/fr\/wp-json\/wp\/v2\/categories?post=231698"},{"taxonomy":"post_tag","embeddable":true,"href":"https:\/\/www.europesays.com\/fr\/wp-json\/wp\/v2\/tags?post=231698"}],"curies":[{"name":"wp","href":"https:\/\/api.w.org\/{rel}","templated":true}]}}