{"id":231702,"date":"2025-07-07T02:29:11","date_gmt":"2025-07-07T02:29:11","guid":{"rendered":"https:\/\/www.europesays.com\/fr\/231702\/"},"modified":"2025-07-07T02:29:11","modified_gmt":"2025-07-07T02:29:11","slug":"changement-de-ton-moins-de-reunions-deux-mois-apres-son-arrivee-comment-bernard-fontana-transforme-edf","status":"publish","type":"post","link":"https:\/\/www.europesays.com\/fr\/231702\/","title":{"rendered":"\u00abChangement de ton\u00bb, moins de r\u00e9unions\u2026 Deux mois apr\u00e8s son arriv\u00e9e, comment Bernard Fontana transforme EDF"},"content":{"rendered":"<p><strong>D\u00c9CRYPTAGE &#8211;<\/strong> Le PDG, en poste depuis le 1er\u00a0avril, d\u00e9ploie peu \u00e0 peu ses m\u00e9thodes dans l\u2019entreprise. La course \u00e0 l\u2019efficacit\u00e9 et au gain de temps est lanc\u00e9e.<\/p>\n<p class=\"fig-paragraph\">Faut-il y voir la patte du nouveau PDG\u00a0? Depuis l\u2019arriv\u00e9e de\u00a0<a href=\"http:\/\/www.lefigaro.fr\/flash-eco\/priorite-au-nucleaire-moins-de-renouvelables-bernard-fontana-le-futur-pdg-d-edf-dresse-sa-feuille-de-route-20250430\" data-fig-type=\"NewsFlash\" data-gtm-custom-categorie=\"navigation\" data-gtm-custom-action=\"crossclick\" data-gtm-custom-label=\"Contextuel\" data-gtm-event=\"customEventSPE\" data-fig-domain=\"LEFIGARO\" target=\"_blank\" rel=\"noopener\">Bernard Fontana<\/a>\u00a0\u00e0 la t\u00eate d\u2019<a href=\"https:\/\/www.lefigaro.fr\/tag\/EDF\" target=\"_blank\" rel=\"noopener\" data-gtm-custom-categorie=\"navigation\" data-gtm-custom-action=\"crossclick\" data-gtm-custom-label=\"Contextuel\" data-gtm-event=\"customEventSPE\">EDF<\/a>, le 1er\u00a0avril, un accord sur le financement du programme du nouveau nucl\u00e9aire portant sur<a href=\"http:\/\/www.lefigaro.fr\/economie\/financement-des-epr-petits-reacteurs-du-futur-approvisionnement-en-uranium-macron-accelere-sur-le-nucleaire-20250317\" data-fig-type=\"Article\" data-gtm-custom-categorie=\"navigation\" data-gtm-custom-action=\"crossclick\" data-gtm-custom-label=\"Contextuel\" data-gtm-event=\"customEventSPE\" data-fig-domain=\"LEFIGARO\" target=\"_blank\" rel=\"noopener\">\u00a0six EPR\u00a02<\/a>\u00a0a \u00e9t\u00e9 trouv\u00e9 avec l\u2019\u00c9tat. Parall\u00e8lement, deux accords majeurs ont \u00e9t\u00e9 sign\u00e9s avec des industriels,\u00a0<a href=\"http:\/\/www.lefigaro.fr\/societes\/edf-signe-enfin-un-contrat-avec-un-grand-industriel-aluminium-dunkerque-20250515\" data-fig-type=\"Article\" data-gtm-custom-categorie=\"navigation\" data-gtm-custom-action=\"crossclick\" data-gtm-custom-label=\"Contextuel\" data-gtm-event=\"customEventSPE\" data-fig-domain=\"LEFIGARO\" target=\"_blank\" rel=\"noopener\">Aluminium Dunkerque<\/a>\u00a0et le sid\u00e9rurgiste italien\u00a0<a href=\"http:\/\/www.lefigaro.fr\/flash-eco\/electricite-edf-signe-une-proposition-de-contrat-a-10-ou-15-ans-avec-l-acieriste-italien-marcegaglia-20250624\" data-fig-type=\"NewsFlash\" data-gtm-custom-categorie=\"navigation\" data-gtm-custom-action=\"crossclick\" data-gtm-custom-label=\"Contextuel\" data-gtm-event=\"customEventSPE\" data-fig-domain=\"LEFIGARO\" target=\"_blank\" rel=\"noopener\">Marcegaglia<\/a>\u00a0pour son site de Fos (Bouches-du-Rh\u00f4ne). Ces contrats \u00e0 long terme d\u2019approvisionnement en \u00e9lectricit\u00e9 \u00e9taient r\u00e9clam\u00e9s \u00e0 cor et \u00e0 cri par le gouvernement. Les tensions autour de ce sujet ont d\u2019ailleurs contribu\u00e9 \u00e0 la chute de\u00a0<a href=\"http:\/\/www.lefigaro.fr\/economie\/les-verites-de-luc-remont-au-figaro-apres-sa-brutale-eviction-de-la-direction-d-edf-20250323\" data-fig-type=\"Article\" data-gtm-custom-categorie=\"navigation\" data-gtm-custom-action=\"crossclick\" data-gtm-custom-label=\"Contextuel\" data-gtm-event=\"customEventSPE\" data-fig-domain=\"LEFIGARO\" target=\"_blank\" rel=\"noopener\">Luc R\u00e9mont<\/a>, le pr\u00e9c\u00e9dent PDG de l\u2019\u00e9lectricien. D\u00e9sormais, l\u2019heure est \u00e0 l\u2019apaisement des relations entre le groupe et son unique actionnaire, l\u2019\u00c9tat, ainsi qu\u2019entre le groupe et ses grands clients.<\/p>\n<p class=\"fig-premium-paywall__infos\">\n        Cet article est r\u00e9serv\u00e9 aux abonn\u00e9s.        Il vous reste 88% \u00e0 d\u00e9couvrir.\n    <\/p>\n<p>                <img  data- alt=\"Le Figaro\" class=\"fig-img--complete fig-img\"\/><\/p>\n<p class=\"fig-premium-paywall__title\">Vous avez envie de lire la suite ?<\/p>\n<p class=\"fig-premium-paywall__subtitle\">D\u00e9bloquez tous les articles imm\u00e9diatement.<\/p>\n<p class=\"fig-premium-paywall__connect\">\n                D\u00e9j\u00e0 abonn\u00e9\u00a0?                <a class=\"fig-premium-paywall__connect-link\" href=\"https:\/\/connect.lefigaro.fr\/login?client=horizon_web&amp;type=main&amp;redirect_uri=https%3A%2F%2Fwww.lefigaro.fr%2Fsocietes%2Fchangement-de-ton-moins-de-reunions-deux-mois-apres-son-arrivee-comment-bernard-fontana-transforme-edf-20250706\" data-js-gtm=\"{&quot;customCategorie&quot;: &quot;conversion&quot;, &quot;customAction&quot;: &quot;before_Landing_Connexion_paywall_manuel&quot;, &quot;customLabel&quot;: &quot;bGVmaWdhcm8uZnJfXzFmMDU3NWFhLWQ2OWEtNjNlYy1hZTMyLWI5OTgyNDBlODAwMl9fQXJ0aWNsZQ==_\u00abChangement de ton\u00bb, moins de r\u00e9unions\u2026 Deux mois apr\u00e8s son arriv\u00e9e, comment Bernard Fontana transforme EDF_2727&quot;, &quot;customIDSPE&quot;: &quot;bGVmaWdhcm8uZnJfXzFmMDU3NWFhLWQ2OWEtNjNlYy1hZTMyLWI5OTgyNDBlODAwMl9fQXJ0aWNsZQ==&quot;, &quot;event&quot;: &quot;customEventSPE&quot;}\" target=\"_blank\" rel=\"noopener\"><br \/>\n                    Connectez-vous<br \/>\n                <\/a>\n            <\/p>\n","protected":false},"excerpt":{"rendered":"D\u00c9CRYPTAGE &#8211; Le PDG, en poste depuis le 1er\u00a0avril, d\u00e9ploie peu \u00e0 peu ses m\u00e9thodes dans l\u2019entreprise. La&hellip;\n","protected":false},"author":2,"featured_media":231703,"comment_status":"","ping_status":"","sticky":false,"template":"","format":"standard","meta":{"footnotes":""},"categories":[6],"tags":[37070,35,33,34,1647,1011,27],"class_list":{"0":"post-231702","1":"post","2":"type-post","3":"status-publish","4":"format-standard","5":"has-post-thumbnail","7":"category-economie","8":"tag-bernard-fontana","9":"tag-business","10":"tag-economie","11":"tag-economy","12":"tag-edf","13":"tag-fr","14":"tag-france"},"share_on_mastodon":{"url":"https:\/\/pubeurope.com\/@fr\/114809599703277284","error":""},"_links":{"self":[{"href":"https:\/\/www.europesays.com\/fr\/wp-json\/wp\/v2\/posts\/231702","targetHints":{"allow":["GET"]}}],"collection":[{"href":"https:\/\/www.europesays.com\/fr\/wp-json\/wp\/v2\/posts"}],"about":[{"href":"https:\/\/www.europesays.com\/fr\/wp-json\/wp\/v2\/types\/post"}],"author":[{"embeddable":true,"href":"https:\/\/www.europesays.com\/fr\/wp-json\/wp\/v2\/users\/2"}],"replies":[{"embeddable":true,"href":"https:\/\/www.europesays.com\/fr\/wp-json\/wp\/v2\/comments?post=231702"}],"version-history":[{"count":0,"href":"https:\/\/www.europesays.com\/fr\/wp-json\/wp\/v2\/posts\/231702\/revisions"}],"wp:featuredmedia":[{"embeddable":true,"href":"https:\/\/www.europesays.com\/fr\/wp-json\/wp\/v2\/media\/231703"}],"wp:attachment":[{"href":"https:\/\/www.europesays.com\/fr\/wp-json\/wp\/v2\/media?parent=231702"}],"wp:term":[{"taxonomy":"category","embeddable":true,"href":"https:\/\/www.europesays.com\/fr\/wp-json\/wp\/v2\/categories?post=231702"},{"taxonomy":"post_tag","embeddable":true,"href":"https:\/\/www.europesays.com\/fr\/wp-json\/wp\/v2\/tags?post=231702"}],"curies":[{"name":"wp","href":"https:\/\/api.w.org\/{rel}","templated":true}]}}