{"id":231713,"date":"2025-07-07T02:38:15","date_gmt":"2025-07-07T02:38:15","guid":{"rendered":"https:\/\/www.europesays.com\/fr\/231713\/"},"modified":"2025-07-07T02:38:15","modified_gmt":"2025-07-07T02:38:15","slug":"toulon-sur-arroux-a-52-ans-yannick-perrin-a-fait-de-son-reve-de-peinture-une-realite","status":"publish","type":"post","link":"https:\/\/www.europesays.com\/fr\/231713\/","title":{"rendered":"Toulon-sur-Arroux. \u00c0 52 ans, Yannick Perrin a fait de son r\u00eave de peinture une r\u00e9alit\u00e9"},"content":{"rendered":"<p>En 2008, avec trois ou quatre couleurs, Yannick Perrin, originaire de Gueugnon et petit fr\u00e8re de la romanci\u00e8re\u00a0\u00e0 succ\u00e8s <a href=\"https:\/\/www.lejsl.com\/p\/valerie-perrin\" target=\"_blank\" rel=\"noopener\">Val\u00e9rie Perrin<\/a>, a commenc\u00e9 \u00e0 peindre sur une toile d\u2019un format moyen. \u00ab\u00a0La d\u00e9couverte de l\u2019acrylique est exaltante\u00a0\u00bb, confie-t-il. \u00ab\u00a0Cette passion naissante me permet d\u2019explorer le mouvement abstrait en peignant tr\u00e8s vite sur de grands formats.\u00a0\u00bb<\/p>\n<p>De mani\u00e8re inconsciente, presque cathartique, son tableau repr\u00e9sente les lignes d\u2019un terrain de foot. \u00ab\u00a0Un ami m\u2019en a fait prendre conscience. Je ne l\u2019avais m\u00eame pas remarqu\u00e9. C\u2019est le seul tableau que je n\u2019ai pas gard\u00e9. Mon chien l\u2019a d\u00e9chiquet\u00e9.\u00a0\u00bb<\/p>\n<p>La batterie pour \u00e9vacuer les ann\u00e9es de foot<\/p>\n<p>Son p\u00e8re, Yvan, est venu s\u2019installer en Sa\u00f4ne-et-Loire, quittant les Vosges pour devenir joueur professionnel au FC Gueugnon. N\u00e9 \u00e0 Paray-le-Monial, Yannick Perrin, aujourd\u2019hui \u00e2g\u00e9 de 52 ans, a eu envie d\u2019oublier ces ann\u00e9es de foot. \u00ab\u00a0Je n\u2019aimais pas la mentalit\u00e9 de ce&#8230;<\/p>\n","protected":false},"excerpt":{"rendered":"En 2008, avec trois ou quatre couleurs, Yannick Perrin, originaire de Gueugnon et petit fr\u00e8re de la romanci\u00e8re\u00a0\u00e0&hellip;\n","protected":false},"author":2,"featured_media":231714,"comment_status":"","ping_status":"","sticky":false,"template":"","format":"standard","meta":{"footnotes":""},"categories":[9619],"tags":[1111,11,1687,12568,1777,674,2271,107,1011,27,14000,12,882,25,6003,2310,13999],"class_list":{"0":"post-231713","1":"post","2":"type-post","3":"status-publish","4":"format-standard","5":"has-post-thumbnail","7":"category-toulon","8":"tag-actu","9":"tag-actualites","10":"tag-culture-loisirs","11":"tag-edition-montceau-les-mines","12":"tag-eu","13":"tag-europe","14":"tag-exposition-arts-plastiques","15":"tag-fil-info","16":"tag-fr","17":"tag-france","18":"tag-montceau-les-mines-bassin","19":"tag-news","20":"tag-provence-alpes-cote-dazur","21":"tag-republique-francaise","22":"tag-saone-et-loire","23":"tag-toulon","24":"tag-toulon-sur-arroux"},"share_on_mastodon":{"url":"https:\/\/pubeurope.com\/@fr\/114809635009923593","error":""},"_links":{"self":[{"href":"https:\/\/www.europesays.com\/fr\/wp-json\/wp\/v2\/posts\/231713","targetHints":{"allow":["GET"]}}],"collection":[{"href":"https:\/\/www.europesays.com\/fr\/wp-json\/wp\/v2\/posts"}],"about":[{"href":"https:\/\/www.europesays.com\/fr\/wp-json\/wp\/v2\/types\/post"}],"author":[{"embeddable":true,"href":"https:\/\/www.europesays.com\/fr\/wp-json\/wp\/v2\/users\/2"}],"replies":[{"embeddable":true,"href":"https:\/\/www.europesays.com\/fr\/wp-json\/wp\/v2\/comments?post=231713"}],"version-history":[{"count":0,"href":"https:\/\/www.europesays.com\/fr\/wp-json\/wp\/v2\/posts\/231713\/revisions"}],"wp:featuredmedia":[{"embeddable":true,"href":"https:\/\/www.europesays.com\/fr\/wp-json\/wp\/v2\/media\/231714"}],"wp:attachment":[{"href":"https:\/\/www.europesays.com\/fr\/wp-json\/wp\/v2\/media?parent=231713"}],"wp:term":[{"taxonomy":"category","embeddable":true,"href":"https:\/\/www.europesays.com\/fr\/wp-json\/wp\/v2\/categories?post=231713"},{"taxonomy":"post_tag","embeddable":true,"href":"https:\/\/www.europesays.com\/fr\/wp-json\/wp\/v2\/tags?post=231713"}],"curies":[{"name":"wp","href":"https:\/\/api.w.org\/{rel}","templated":true}]}}