{"id":231730,"date":"2025-07-07T02:56:18","date_gmt":"2025-07-07T02:56:18","guid":{"rendered":"https:\/\/www.europesays.com\/fr\/231730\/"},"modified":"2025-07-07T02:56:18","modified_gmt":"2025-07-07T02:56:18","slug":"en-plein-concert-dj-snake-clame-son-envie-de-racheter-les-girondins-de-bordeaux-france-girondins-de-bordeaux","status":"publish","type":"post","link":"https:\/\/www.europesays.com\/fr\/231730\/","title":{"rendered":"En plein concert, DJ Snake clame son envie de racheter les Girondins de Bordeaux &#8211; France &#8211; Girondins de Bordeaux"},"content":{"rendered":"<p><a target=\"_blank\" href=\"https:\/\/www.sofoot.com\/breves\/bordeaux-oliver-kahn-renonce-a-reprendre-les-girondins-au-vu-des-informations-financieres-operationnelles-et-juridiques\" rel=\"noopener nofollow\">D\u2019Oliver Kahn<\/a> \u00e0 DJ Snake, il n\u2019y a qu\u2019un pas.<\/p>\n<p>Invit\u00e9 \u00e0 se produire sur la sc\u00e8ne du festival Garorock \u00e0 Marmande tard dans la soir\u00e9e de ce samedi, <strong>DJ Snake a \u00e9veill\u00e9 la curiosit\u00e9 de bon nombre de fans de football pr\u00e9sents dans le public<\/strong>. Durant son set, le DJ parisien a pris le micro et l\u00e2ch\u00e9 cette petite bombe : \u00ab\u202fJ\u2019aimerais vraiment racheter les Girondins de Bordeaux si possible. Parce qu\u2019on a besoin des Girondins de Bordeaux en Ligue 1, c\u2019est un club l\u00e9gendaire. Je ne sais pas ce qui a merd\u00e9 mais bon\u2026 Respect aux Girondins de Bordeaux.\u00a0\u00bb<\/p>\n<p>Vraie envie ou lubie inenvisageable ? L\u2019avenir nous le dira, mais m\u00eame les gros sous du DJ n\u2019emp\u00eacheraient pas les Girondins de d\u00e9marrer la saison prochaine en National 2\u2026<\/p>\n<p>\t\t\t\t\t\t\t\t\t\t<a class=\"lien-connexe\" href=\"https:\/\/www.sofoot.com\/articles\/lol-envoye-en-ligue-2-par-la-dncg-un-seisme-plusieurs-repliques\" rel=\"nofollow noopener\" target=\"_blank\">OL\u202f: un s\u00e9isme, plusieurs r\u00e9pliques<\/a>\t\t\t\t\t<\/p>\n","protected":false},"excerpt":{"rendered":"D\u2019Oliver Kahn \u00e0 DJ Snake, il n\u2019y a qu\u2019un pas. Invit\u00e9 \u00e0 se produire sur la sc\u00e8ne du&hellip;\n","protected":false},"author":2,"featured_media":231731,"comment_status":"","ping_status":"","sticky":false,"template":"","format":"standard","meta":{"footnotes":""},"categories":[2817],"tags":[1111,47,11,61,1997,69,65,64,1777,674,63,1011,27,68,66,12,62,2219,70,25,67],"class_list":{"0":"post-231730","1":"post","2":"type-post","3":"status-publish","4":"format-standard","5":"has-post-thumbnail","7":"category-bordeaux","8":"tag-actu","9":"tag-actualite","10":"tag-actualites","11":"tag-actus-football","12":"tag-bordeaux","13":"tag-bundesliga","14":"tag-championnats-europeens","15":"tag-equipe-de-france","16":"tag-eu","17":"tag-europe","18":"tag-football","19":"tag-fr","20":"tag-france","21":"tag-ligua","22":"tag-ligue-1","23":"tag-news","24":"tag-news-foot","25":"tag-nouvelle-aquitaine","26":"tag-premier-league","27":"tag-republique-francaise","28":"tag-serie-a"},"share_on_mastodon":{"url":"https:\/\/pubeurope.com\/@fr\/114809705834559698","error":""},"_links":{"self":[{"href":"https:\/\/www.europesays.com\/fr\/wp-json\/wp\/v2\/posts\/231730","targetHints":{"allow":["GET"]}}],"collection":[{"href":"https:\/\/www.europesays.com\/fr\/wp-json\/wp\/v2\/posts"}],"about":[{"href":"https:\/\/www.europesays.com\/fr\/wp-json\/wp\/v2\/types\/post"}],"author":[{"embeddable":true,"href":"https:\/\/www.europesays.com\/fr\/wp-json\/wp\/v2\/users\/2"}],"replies":[{"embeddable":true,"href":"https:\/\/www.europesays.com\/fr\/wp-json\/wp\/v2\/comments?post=231730"}],"version-history":[{"count":0,"href":"https:\/\/www.europesays.com\/fr\/wp-json\/wp\/v2\/posts\/231730\/revisions"}],"wp:featuredmedia":[{"embeddable":true,"href":"https:\/\/www.europesays.com\/fr\/wp-json\/wp\/v2\/media\/231731"}],"wp:attachment":[{"href":"https:\/\/www.europesays.com\/fr\/wp-json\/wp\/v2\/media?parent=231730"}],"wp:term":[{"taxonomy":"category","embeddable":true,"href":"https:\/\/www.europesays.com\/fr\/wp-json\/wp\/v2\/categories?post=231730"},{"taxonomy":"post_tag","embeddable":true,"href":"https:\/\/www.europesays.com\/fr\/wp-json\/wp\/v2\/tags?post=231730"}],"curies":[{"name":"wp","href":"https:\/\/api.w.org\/{rel}","templated":true}]}}