{"id":231732,"date":"2025-07-07T02:57:19","date_gmt":"2025-07-07T02:57:19","guid":{"rendered":"https:\/\/www.europesays.com\/fr\/231732\/"},"modified":"2025-07-07T02:57:19","modified_gmt":"2025-07-07T02:57:19","slug":"bigflo-et-oli-invitent-1200-eleves-de-leur-ancien-lycee-au-rose-festival","status":"publish","type":"post","link":"https:\/\/www.europesays.com\/fr\/231732\/","title":{"rendered":"Bigflo et Oli invitent 1200 \u00e9l\u00e8ves de leur ancien lyc\u00e9e au Rose Festival"},"content":{"rendered":"<p>            Par<br \/>\n        <strong><br \/>\n            <a href=\"https:\/\/actu.fr\/auteur\/gabriel-kenedi\" title=\"Consulter tous les articles de Gabriel Kenedi\" target=\"_blank\" rel=\"noopener\">Gabriel Kenedi<\/a><br \/>\n        <\/strong><\/p>\n<p>        Publi\u00e9 le<\/p>\n<p>            4 juil. 2025 \u00e0 13h14        <\/p>\n<p>Ils n\u2019oublient pas d\u2019o\u00f9 ils viennent !<strong> Bigflo et Oli<\/strong> ont annonc\u00e9 ce vendredi 4 juillet qu\u2019ils invitaient les 1200 \u00e9l\u00e8ves du lyc\u00e9e Saint-Sernin de Toulouse \u00e0 venir d\u00e9couvrir le Rose Festival.\u00a0<\/p>\n<p>1200 \u00e9l\u00e8ves invit\u00e9s<\/p>\n<p class=\" wall-content\">Les deux rappeurs, par ailleurs co-fondateurs du <a href=\"https:\/\/actu.fr\/occitanie\/toulouse_31555\/toulouse-deux-poids-lourds-du-rap-francais-rejoignent-l-affiche-2025-du-rose-festival_62556443.html\" target=\"_blank\" rel=\"noopener\">Rose Festival,<\/a> ont donc fait preuve de g\u00e9n\u00e9rosit\u00e9 en invitant tous les \u00e9l\u00e8ves actuellement scolaris\u00e9s au lyc\u00e9e Saint-Sernin (ils sont tout de m\u00eame 1200 !) \u00e0 venir au <strong>Rose Festival.<\/strong> Les lyc\u00e9ens iront donc au MEETT gratuitement le dimanche 31 ao\u00fbt et pourront assister aux concerts de Pierre Garnier, SDM, Luidji, Ril\u00e8s ou encore Bon Entendeur !\u00a0<\/p>\n<p>\u00ab\u00a0On l\u2019avait promis !\u2019<\/p>\n<p class=\" wall-content\">\u00ab\u00a0On vous l\u2019avait promis !\u00a0\u00bb, ont expliqu\u00e9 <a href=\"https:\/\/www.instagram.com\/stories\/rose.festival\/3668544474362964656?igsh=czhuYnN2ZnRld2N3\" target=\"_blank\" rel=\"noopener\">en story Instagram<\/a> Bigflo et Oli via le compte du Rose Festival, qui ont expliqu\u00e9 avoir offert 1200 places. Les deux Toulousains avaient en effet \u00e9t\u00e9 <strong>honor\u00e9s par leur ancien lyc\u00e9e<\/strong> \u00e0 la fin du mois d\u2019avril.<\/p>\n<p class=\" wall-content\">Depuis cette ann\u00e9e scolaire, les deux rappeurs ont en effet donn\u00e9 leur nom \u00e0 un tout nouveau lieu\u2009:<strong> l\u2019agora Bigflo et Oli<\/strong>. Un endroit d\u00e9di\u00e9 au spectacle o\u00f9 les lyc\u00e9ens organisent r\u00e9guli\u00e8rement des concerts en ext\u00e9rieur ou des pi\u00e8ces de th\u00e9\u00e2tre.\u00a0<\/p>\n<p>Vid\u00e9os : en ce moment sur ActuDes retrouvailles \u00e9mouvantes<\/p>\n<p class=\" wall-content\">\u00ab\u00a0Cette plaque-l\u00e0, au-del\u00e0 de ce bout de m\u00e9tal, \u00e7a repr\u00e9sente quelque chose de limite plus grand et plus fort qu\u2019un disque d\u2019or, de platine ou de diamant qu\u2019on a pu avoir\u00a0\u00bb, avait r\u00e9agi, \u00e9mu, Olivio Ordonez (plus connu sous le nom d\u2019Oli).\u00a0 \u00ab\u00a0J\u2019\u00e9tais le mec du CDI et aujourd\u2019hui, il y a mon nom ici, on a rempli le Stadium plusieurs fois\u00a0\u00bb, rench\u00e9rissait son grand fr\u00e8re, Florian.\u00a0<\/p>\n<p class=\" wall-content\">Les deux frangins ajoutaient : \u00ab\u00a0Si nous, on a r\u00e9ussi alors qu\u2019on n\u2019avait rien de plus, vous pouvez le faire. C\u2019est un lyc\u00e9e qui a accueilli des grands artistes, donc j\u2019esp\u00e8re qu\u2019un jour, on enl\u00e8vera cette plaque agora Bigflo et Oli pour mettre une plaque avec le nom de l\u2019un ou l\u2019une d\u2019entre vous\u00a0\u00bb.\u00a0<\/p>\n<p class=\" wall-content\"><a href=\"https:\/\/www.instagram.com\/reel\/DI_0BTusE5m\/embed\" title=\"Ouvrir le lien sur Instagram\" target=\"_blank\" rel=\"noopener\">Visualiser le contenu sur Instagram<\/a><\/p>\n<p>Pas une premi\u00e8re<\/p>\n<p class=\" wall-content\">Pour l\u2019anecdote, Bigflo et Oli avaient d\u00e9j\u00e0 fait preuve de g\u00e9n\u00e9rosit\u00e9 envers leur ancien lyc\u00e9e : en 2018, ils avaient d\u00e9j\u00e0 invit\u00e9 tous les \u00e9l\u00e8ves du lyc\u00e9e au Z\u00e9nith de Toulouse. Un joli clin d\u2019\u0153il !<\/p>\n<p class=\" wall-content\">Suivez toute l\u2019actualit\u00e9 de vos villes et m\u00e9dias favoris en vous inscrivant \u00e0 <a href=\"https:\/\/moncompte.actu.fr\" title=\"D\u00e9couvez Mon Actu\" rel=\"nofollow noopener\" data-trk=\"{&quot;cta&quot;:{&quot;action&quot;:&quot;https:\\\/\\\/moncompte.actu.fr&quot;,&quot;category&quot;:&quot;mon compte&quot;,&quot;from&quot;:&quot;article footer&quot;,&quot;name&quot;:&quot;Mon actu&quot;,&quot;type&quot;:&quot;cta&quot;}}\" target=\"_blank\">Mon Actu<\/a>.<\/p>\n<p>                    <script async src=\"\/\/www.instagram.com\/embed.js\"><\/script><\/p>\n","protected":false},"excerpt":{"rendered":"Par Gabriel Kenedi Publi\u00e9 le 4 juil. 2025 \u00e0 13h14 Ils n\u2019oublient pas d\u2019o\u00f9 ils viennent ! Bigflo&hellip;\n","protected":false},"author":2,"featured_media":231733,"comment_status":"","ping_status":"","sticky":false,"template":"","format":"standard","meta":{"footnotes":""},"categories":[2816],"tags":[1111,11,7642,1777,674,1011,27,1652,12,2680,25,2312],"class_list":{"0":"post-231732","1":"post","2":"type-post","3":"status-publish","4":"format-standard","5":"has-post-thumbnail","7":"category-toulouse","8":"tag-actu","9":"tag-actualites","10":"tag-bigflo-et-oli","11":"tag-eu","12":"tag-europe","13":"tag-fr","14":"tag-france","15":"tag-loisirs-culture","16":"tag-news","17":"tag-occitanie","18":"tag-republique-francaise","19":"tag-toulouse"},"share_on_mastodon":{"url":"https:\/\/pubeurope.com\/@fr\/114809709746224669","error":""},"_links":{"self":[{"href":"https:\/\/www.europesays.com\/fr\/wp-json\/wp\/v2\/posts\/231732","targetHints":{"allow":["GET"]}}],"collection":[{"href":"https:\/\/www.europesays.com\/fr\/wp-json\/wp\/v2\/posts"}],"about":[{"href":"https:\/\/www.europesays.com\/fr\/wp-json\/wp\/v2\/types\/post"}],"author":[{"embeddable":true,"href":"https:\/\/www.europesays.com\/fr\/wp-json\/wp\/v2\/users\/2"}],"replies":[{"embeddable":true,"href":"https:\/\/www.europesays.com\/fr\/wp-json\/wp\/v2\/comments?post=231732"}],"version-history":[{"count":0,"href":"https:\/\/www.europesays.com\/fr\/wp-json\/wp\/v2\/posts\/231732\/revisions"}],"wp:featuredmedia":[{"embeddable":true,"href":"https:\/\/www.europesays.com\/fr\/wp-json\/wp\/v2\/media\/231733"}],"wp:attachment":[{"href":"https:\/\/www.europesays.com\/fr\/wp-json\/wp\/v2\/media?parent=231732"}],"wp:term":[{"taxonomy":"category","embeddable":true,"href":"https:\/\/www.europesays.com\/fr\/wp-json\/wp\/v2\/categories?post=231732"},{"taxonomy":"post_tag","embeddable":true,"href":"https:\/\/www.europesays.com\/fr\/wp-json\/wp\/v2\/tags?post=231732"}],"curies":[{"name":"wp","href":"https:\/\/api.w.org\/{rel}","templated":true}]}}