{"id":231742,"date":"2025-07-07T03:02:13","date_gmt":"2025-07-07T03:02:13","guid":{"rendered":"https:\/\/www.europesays.com\/fr\/231742\/"},"modified":"2025-07-07T03:02:13","modified_gmt":"2025-07-07T03:02:13","slug":"un-jugement-attendu-par-toute-une-ville","status":"publish","type":"post","link":"https:\/\/www.europesays.com\/fr\/231742\/","title":{"rendered":"un jugement attendu par toute une ville"},"content":{"rendered":"<p>Qui de l&rsquo;adjoint au maire, de l&rsquo;expert, du syndic ou des copropri\u00e9taires a commis une \u00e9ventuelle faute p\u00e9nale ? De l&rsquo;avis de tous, le d\u00e9bat juridique est extr\u00eamement complexe et le pr\u00e9sident Pascal Gand, qui doit rendre sa d\u00e9cision \u00e0 partir de 10H00, pourrait prendre un temps significatif pour expliquer une d\u00e9cision murie pendant sept mois.<\/p>\n<p>\u00ab\u00a0Le tribunal a une grande responsabilit\u00e9, mais qu&rsquo;il soit s\u00fbr que nous, les familles, on croit dans leur travail, on croit dans leur conscience\u00a0\u00bb, dit \u00e0 l&rsquo;AFP Liliana Lalonde, m\u00e8re de Julien Lalonde, mort \u00e0 30 ans dans ce drame avec sept autres locataires du 65 rue d&rsquo;Aubagne, en plein centre-ville.<\/p>\n<p>Elle esp\u00e8re \u00ab\u00a0un message fort, \u00e0 savoir des punitions, des condamnations qui puissent les faire r\u00e9fl\u00e9chir et surtout les convaincre qu&rsquo;ils ne peuvent plus continuer (comme avant). Parce qu&rsquo;\u00e0 mes yeux ils sont tous responsables, \u00e0 diff\u00e9rents degr\u00e9s, mais tous responsables\u00a0\u00bb.<\/p>\n<p>Le proc\u00e8s, qui s&rsquo;est tenu pendant un mois et demi \u00e0 l&rsquo;automne, \u00e9tait bien plus qu&rsquo;une simple affaire judiciaire et la \u00ab\u00a0salle des proc\u00e8s hors normes\u00a0\u00bb avait accueilli toute la col\u00e8re et la tristesse de la ville.<\/p>\n<p>Au fil des audiences, les larmes avaient abondamment coul\u00e9 face aux r\u00e9cits des parcours lumineux ou caboss\u00e9s des victimes. Notamment \u00e0 l&rsquo;\u00e9vocation du petit El Amine, fils d&rsquo;Ouloume Sa\u00efd Hassani, \u00ab\u00a0parti le matin avec son cartable et le soir, plus de maman, plus de v\u00eatements, plus rien\u00a0\u00bb.<\/p>\n<p>Les d\u00e9bats ont permis d&rsquo;\u00e9tablir que les effondrements des num\u00e9ros 63 (vide) et 65 \u00e9taient in\u00e9luctables vu l&rsquo;\u00e9tat du b\u00e2ti. Mais aucune mise \u00e0 l&rsquo;abri des locataires du 65 n&rsquo;avait \u00e9t\u00e9 d\u00e9cid\u00e9e et les travaux entrepris s&rsquo;\u00e9taient av\u00e9r\u00e9s inefficaces voire contreproductifs.<\/p>\n<p>L&rsquo;instruction avait renvoy\u00e9 devant le tribunal quatre personnes: Julien Ruas, adjoint du maire LR de l&rsquo;\u00e9poque Jean-Claude Gaudin, l&rsquo;architecte Richard Carta qui avait expertis\u00e9 l&rsquo;immeuble moins de trois semaines avant son effondrement, et deux personnes morales, le syndic du 65, le cabinet Liautard, et le bailleur social propri\u00e9taire du num\u00e9ro 63, laiss\u00e9 \u00e0 l&rsquo;\u00e9tat de ruine par Marseille Habitat.<\/p>\n<p>Insuffisant pour certaines parties civiles qui avaient cit\u00e9 \u00e0 compara\u00eetre une douzaine de personnes suppl\u00e9mentaires, dont des copropri\u00e9taires.<\/p>\n<p><img alt=\"Des pompiers inspectent un immeuble de la rue d'Aubagne, apr\u00e8s l'effondrement de deux immeubles plus t\u00f4t dans la semaine, le 8 novembre 2018 \u00e0 Marseille\" loading=\"lazy\" decoding=\"async\" data-nimg=\"fill\" class=\" TwicCore_img__i9TC1 undefined  undefined\" style=\"position:absolute;height:100%;width:100%;left:0;top:0;right:0;bottom:0;color:transparent;background-size:cover;background-position:50% 50%;background-repeat:no-repeat;background-image:url(&quot;data:image\/svg+xml;charset=utf-8,%3Csvg xmlns='http:\/\/www.w3.org\/2000\/svg' %3E%3Cfilter id='b' color-interpolation-filters='sRGB'%3E%3CfeGaussianBlur stdDeviation='20'\/%3E%3CfeColorMatrix values='1 0 0 0 0 0 1 0 0 0 0 0 1 0 0 0 0 0 100 -1' result='s'\/%3E%3CfeFlood x='0' y='0' width='100%25' height='100%25'\/%3E%3CfeComposite operator='out' in='s'\/%3E%3CfeComposite in2='SourceGraphic'\/%3E%3CfeGaussianBlur stdDeviation='20'\/%3E%3C\/filter%3E%3Cimage width='100%25' height='100%25' x='0' y='0' preserveAspectRatio='none' style='filter: url(%23b);' href='https:\/\/pictures.laprovence.com\/cdn-cgi\/image\/blur=250\/media\/afp\/d73a7e56294a87fd5843918d9db4d331e0967b07.jpg'\/%3E%3C\/svg%3E&quot;)\"   src=\"https:\/\/www.europesays.com\/fr\/wp-content\/uploads\/2025\/07\/d73a7e56294a87fd5843918d9db4d331e0967b07.jpg\"\/>Des pompiers inspectent un immeuble de la rue d&rsquo;Aubagne, apr\u00e8s l&rsquo;effondrement de deux immeubles plus t\u00f4t dans la semaine, le 8 novembre 2018 \u00e0 Marseille PHOTO AFP \/ GERARD JULIEN<\/p>\n<p>Au final, 16 personnes morales et physiques ont \u00e9t\u00e9 jug\u00e9es pour diff\u00e9rents d\u00e9lits, notamment homicide involontaire par violation manifestement d\u00e9lib\u00e9r\u00e9e d&rsquo;une obligation de s\u00e9curit\u00e9, cinq ans de prison maximum, et soumission de personnes vuln\u00e9rables dont au moins un mineur \u00e0 des conditions d&rsquo;h\u00e9bergement indigne, jusqu&rsquo;\u00e0 dix ans d&#8217;emprisonnement.<\/p>\n<p>&#8211; Quid des copropri\u00e9taires ? &#8211;<\/p>\n<p>Le tribunal va-t-il condamner les propri\u00e9taires, qui n&rsquo;avaient pas \u00e9t\u00e9 poursuivis par le juge d&rsquo;instruction ? <\/p>\n<p>Le procureur, Michel Sastre, avait suivi les parties civiles sur ce point, estimant que les copropri\u00e9taires avaient bien \u00ab\u00a0connaissance des probl\u00e8mes structurels de l&rsquo;immeuble\u00a0\u00bb mais avaient \u00ab\u00a0jou\u00e9 la montre\u00a0\u00bb pour \u00ab\u00a0d\u00e9penser le plus tard et le moins possible\u00a0\u00bb.<\/p>\n<p>Il avait m\u00eame requis \u00e0 l&rsquo;encontre de Xavier Cachard, \u00e9lu r\u00e9gional qui avait au moment des faits la double casquette de propri\u00e9taire et avocat du syndic, la peine la plus lourde: cinq ans de prison dont trois ferme.<\/p>\n<p>Des peines significatives avaient aussi \u00e9t\u00e9 r\u00e9clam\u00e9es contre Richard Carta, l&rsquo;expert-architecte (trois ans de prison dont deux ferme) et Julien Ruas (trois ans de prison), seul \u00e9lu municipal poursuivi dans cette affaire qui avait jet\u00e9 une lumi\u00e8re crue sur l&rsquo;inaction de l&rsquo;\u00e9quipe de Jean-Claude Gaudin, dont le parti perdra la mairie deux ans plus tard face \u00e0 une coalition gauche-\u00e9cologistes-soci\u00e9t\u00e9 civile.<\/p>\n<p><img alt=\"Photo prise le 17 octobre 2024 du lieu des effondrements de 2018 rue d'Aubagne, \u00e0 Marseile\" loading=\"lazy\" decoding=\"async\" data-nimg=\"fill\" class=\" TwicCore_img__i9TC1 undefined  undefined\" style=\"position:absolute;height:100%;width:100%;left:0;top:0;right:0;bottom:0;color:transparent;background-size:cover;background-position:50% 50%;background-repeat:no-repeat;background-image:url(&quot;data:image\/svg+xml;charset=utf-8,%3Csvg xmlns='http:\/\/www.w3.org\/2000\/svg' %3E%3Cfilter id='b' color-interpolation-filters='sRGB'%3E%3CfeGaussianBlur stdDeviation='20'\/%3E%3CfeColorMatrix values='1 0 0 0 0 0 1 0 0 0 0 0 1 0 0 0 0 0 100 -1' result='s'\/%3E%3CfeFlood x='0' y='0' width='100%25' height='100%25'\/%3E%3CfeComposite operator='out' in='s'\/%3E%3CfeComposite in2='SourceGraphic'\/%3E%3CfeGaussianBlur stdDeviation='20'\/%3E%3C\/filter%3E%3Cimage width='100%25' height='100%25' x='0' y='0' preserveAspectRatio='none' style='filter: url(%23b);' href='https:\/\/pictures.laprovence.com\/cdn-cgi\/image\/blur=250\/media\/afp\/69eea6547112a6a2314b3ae830546f8e2c71d28e.jpg'\/%3E%3C\/svg%3E&quot;)\"   src=\"https:\/\/www.europesays.com\/fr\/wp-content\/uploads\/2025\/07\/69eea6547112a6a2314b3ae830546f8e2c71d28e.jpg\"\/>Photo prise le 17 octobre 2024 du lieu des effondrements de 2018 rue d&rsquo;Aubagne, \u00e0 Marseile PHOTO AFP \/ MIGUEL MEDINA<\/p>\n<p>Durant les d\u00e9bats, les pr\u00e9venus avaient contest\u00e9 en bloc, les avocats plaidant des relaxes en cascade. <\/p>\n<p>Julien Ruas, charg\u00e9 de la pr\u00e9vention de la gestion des risques urbains, avait dit refuser \u00ab\u00a0d&rsquo;endosser toutes les responsabilit\u00e9s de la mairie de Marseille\u00a0\u00bb.<\/p>\n<p>A Marseille, o\u00f9 l&rsquo;habitat indigne prosp\u00e8re sur la pr\u00e9carit\u00e9, ces d\u00e9cisions comptent. Depuis le drame, la justice de la deuxi\u00e8me ville de France n&rsquo;h\u00e9site d&rsquo;ailleurs plus \u00e0 envoyer les marchands de sommeil en prison, comme en mars le propri\u00e9taire d&rsquo;une trentaine de studios insalubres dans une ex-r\u00e9sidence universitaire.<\/p>\n","protected":false},"excerpt":{"rendered":"Qui de l&rsquo;adjoint au maire, de l&rsquo;expert, du syndic ou des copropri\u00e9taires a commis une \u00e9ventuelle faute p\u00e9nale&hellip;\n","protected":false},"author":2,"featured_media":231743,"comment_status":"","ping_status":"","sticky":false,"template":"","format":"standard","meta":{"footnotes":""},"categories":[2814],"tags":[17,1111,11,10653,16742,36908,1777,674,1011,27,329,6372,884,12,5912,882,25,3640],"class_list":{"0":"post-231742","1":"post","2":"type-post","3":"status-publish","4":"format-standard","5":"has-post-thumbnail","7":"category-marseille","8":"tag-17","9":"tag-actu","10":"tag-actualites","11":"tag-attendu","12":"tag-daubagne","13":"tag-effondrements","14":"tag-eu","15":"tag-europe","16":"tag-fr","17":"tag-france","18":"tag-france-monde","19":"tag-jugement","20":"tag-marseille","21":"tag-news","22":"tag-par","23":"tag-provence-alpes-cote-dazur","24":"tag-republique-francaise","25":"tag-rue"},"share_on_mastodon":{"url":"https:\/\/pubeurope.com\/@fr\/114809729479731993","error":""},"_links":{"self":[{"href":"https:\/\/www.europesays.com\/fr\/wp-json\/wp\/v2\/posts\/231742","targetHints":{"allow":["GET"]}}],"collection":[{"href":"https:\/\/www.europesays.com\/fr\/wp-json\/wp\/v2\/posts"}],"about":[{"href":"https:\/\/www.europesays.com\/fr\/wp-json\/wp\/v2\/types\/post"}],"author":[{"embeddable":true,"href":"https:\/\/www.europesays.com\/fr\/wp-json\/wp\/v2\/users\/2"}],"replies":[{"embeddable":true,"href":"https:\/\/www.europesays.com\/fr\/wp-json\/wp\/v2\/comments?post=231742"}],"version-history":[{"count":0,"href":"https:\/\/www.europesays.com\/fr\/wp-json\/wp\/v2\/posts\/231742\/revisions"}],"wp:featuredmedia":[{"embeddable":true,"href":"https:\/\/www.europesays.com\/fr\/wp-json\/wp\/v2\/media\/231743"}],"wp:attachment":[{"href":"https:\/\/www.europesays.com\/fr\/wp-json\/wp\/v2\/media?parent=231742"}],"wp:term":[{"taxonomy":"category","embeddable":true,"href":"https:\/\/www.europesays.com\/fr\/wp-json\/wp\/v2\/categories?post=231742"},{"taxonomy":"post_tag","embeddable":true,"href":"https:\/\/www.europesays.com\/fr\/wp-json\/wp\/v2\/tags?post=231742"}],"curies":[{"name":"wp","href":"https:\/\/api.w.org\/{rel}","templated":true}]}}