{"id":231749,"date":"2025-07-07T03:08:17","date_gmt":"2025-07-07T03:08:17","guid":{"rendered":"https:\/\/www.europesays.com\/fr\/231749\/"},"modified":"2025-07-07T03:08:17","modified_gmt":"2025-07-07T03:08:17","slug":"les-temporalites-croisees-de-louverture-des-baignades-en-seine","status":"publish","type":"post","link":"https:\/\/www.europesays.com\/fr\/231749\/","title":{"rendered":"Les temporalit\u00e9s crois\u00e9es de l\u2019ouverture des baignades en Seine\u00a0"},"content":{"rendered":"<p>                        Les temporalit\u00e9s crois\u00e9es de l\u2019ouverture des baignades en Seine\u00a0<\/p>\n<p class=\"byline author vcard\">Par    <a href=\"https:\/\/aoc.media\/auteur\/benoit-hachetaoc-media\/\" title=\"Articles par Beno\u00eet Hachet\" class=\"author url fn\" rel=\"author noopener\" target=\"_blank\">Beno\u00eet Hachet<\/a><\/p>\n<p>Ce samedi 5 juillet 2025, trois sites de baignades accessibles \u00e0 toutes et tous ont ouvert dans la capitale (\u00e0 Bercy, au Bras Marie et Grenelle). Il y a un an, d\u00e9j\u00e0, les JO de Paris 2024 avaient r\u00e9activ\u00e9 le narratif de la possibilit\u00e9 d\u2019une baignade grand public dans les eaux de la Seine \u2013 une pratique qui s\u2019inscrit dans une histoire longue et qui mobilise aujourd\u2019hui des temporalit\u00e9s multiples.<\/p>\n<p class=\"first-paragraph\">On se souvient de la promesse \u2013 non tenue \u2013 de Jacques Chirac qui annon\u00e7ait en 1988 qu\u2019il se baignerait dans la Seine avant la fin de son mandat de maire. Si ni Jean Tiberi, ni Bertrand Delano\u00eb ne s\u2019y sont baign\u00e9s non plus, Anne Hidalgo s\u2019est immerg\u00e9e au Bras Marie le 17 juillet 2024, quelques jours avant l\u2019ouverture des Jeux Olympiques.<\/p>\n<p><a href=\"https:\/\/www.printempsdeshumanites.fr\/fr\/appel-a-propositions-2026\" target=\"_blank\" rel=\"noopener\"><img fetchpriority=\"high\" decoding=\"async\" class=\"wp-image-250090 size-full\" src=\"https:\/\/www.europesays.com\/fr\/wp-content\/uploads\/2025\/07\/PDH-AOC-AppelProjets.jpg\" alt=\"\" width=\"300\" height=\"250\"\/><\/a>publicit\u00e9<\/p>\n<p>Les \u00e9preuves de triathlon et de marathon aquatique ont pu se tenir dans le fleuve pour les olympiens, et un an apr\u00e8s, le 5 juillet 2025, ouvrent trois sites de baignades dans la capitale accessibles \u00e0 toutes et tous, \u00e0 Bercy, au Bras Marie et Grenelle. La lecture temporelle de cet \u00e9v\u00e9nement est le plus souvent r\u00e9duite aux lin\u00e9aments d\u2019une action politique acc\u00e9l\u00e9r\u00e9e sous la contrainte d\u2019un m\u00e9ga-\u00e9v\u00e9nement plan\u00e9taire, or elle ne s\u2019y r\u00e9sume pas. En m\u2019appuyant sur des propositions d\u00e9velopp\u00e9es dans <a href=\"https:\/\/www.dunod.com\/sciences-humaines-et-sociales\/sociologie-temporalites\" target=\"_blank\" rel=\"noopener\">Sociologie des temporalit\u00e9s<\/a>, je propose ici une analyse crois\u00e9e des \u00e9chelles temporelles en jeu.<\/p>\n<p>L\u2019h\u00e9ritage olympique\u00a0de la Seine : penser le pass\u00e9 du futur<\/p>\n<p>D\u2019abord r\u00e9ticente \u00e0 organiser les JOP \u00e0 Paris, la maire s\u2019y est r\u00e9solue apr\u00e8s les attentats de 2015 qui ont conduit son \u00e9quipe \u00e0 s\u2019appuyer sur un \u00e9v\u00e9nement f\u00e9d\u00e9rateur. La candidature a \u00e9t\u00e9 d\u00e9pos\u00e9e aupr\u00e8s du CIO en juin 2015. Le cadre temporel est strict, la ville candidate a alors deux ans pour pr\u00e9senter son projet dont une partie a trait \u00e0 l\u2019h\u00e9ritage olympique, qui est une forme temporelle singuli\u00e8re puisqu\u2019elle consiste \u00e0 pr\u00e9voir aujourd\u2019hui l\u2019usage futur de sites sportifs d\u00e9di\u00e9s aux JOP encore \u00e0 l\u2019\u00e9tat de projet. Il s\u2019agit de penser \u00e0 long terme, au-del\u00e0 de l\u2019\u00e9v\u00e9nement, ce que sera le pass\u00e9 dans le futur, ou ce qu\u2019il restera des Jeux Olympiques et Paralympiques pour les territoires d\u2019accueil et les populations locales et d\u2019\u00e9viter la construction d\u2019\u00ab\u00a0\u00e9l\u00e9phants blancs\u00a0\u00bb, tr\u00e8s vite abandonn\u00e9s ensuite, comme la piscine olympique des jeux de Rio en 2016. Le dossier pr\u00e9par\u00e9 par Paris \u00e9tait ainsi \u00e9conome en nouvelles constructions et envisageait la transformation du village des athl\u00e8t<\/p>\n<p class=\"author_name\">\n                <a href=\"https:\/\/aoc.media\/auteur\/benoit-hachetaoc-media\/\" target=\"_blank\" rel=\"noopener\">Beno\u00eet Hachet<\/a>\n            <\/p>\n<p class=\"author_func\">\n                Sociologue, Enseignant \u00e0 l&rsquo;EHESS            <\/p>\n<p>        Rayonnages<br \/>\n        <a href=\"https:\/\/aoc.media\/tag\/ecologie\/\" target=\"_blank\" rel=\"noopener\">\u00c9cologie<\/a>\u00a0<a href=\"https:\/\/aoc.media\/tag\/sport\/\" target=\"_blank\" rel=\"noopener\">Sport<\/a>    <\/p>\n","protected":false},"excerpt":{"rendered":"Les temporalit\u00e9s crois\u00e9es de l\u2019ouverture des baignades en Seine\u00a0 Par Beno\u00eet Hachet Ce samedi 5 juillet 2025, trois&hellip;\n","protected":false},"author":2,"featured_media":231750,"comment_status":"","ping_status":"","sticky":false,"template":"","format":"standard","meta":{"footnotes":""},"categories":[1888],"tags":[1111,1928,11,1927,1129,51,1777,674,1011,27,12,1926,626,1925,25,517],"class_list":{"0":"post-231749","1":"post","2":"type-post","3":"status-publish","4":"format-standard","5":"has-post-thumbnail","7":"category-paris","8":"tag-actu","9":"tag-actu-paris","10":"tag-actualites","11":"tag-actualites-paris","12":"tag-climat","13":"tag-ecologie","14":"tag-eu","15":"tag-europe","16":"tag-fr","17":"tag-france","18":"tag-news","19":"tag-news-paris","20":"tag-paris","21":"tag-paris-news","22":"tag-republique-francaise","23":"tag-sport"},"share_on_mastodon":{"url":"https:\/\/pubeurope.com\/@fr\/114809753312605503","error":""},"_links":{"self":[{"href":"https:\/\/www.europesays.com\/fr\/wp-json\/wp\/v2\/posts\/231749","targetHints":{"allow":["GET"]}}],"collection":[{"href":"https:\/\/www.europesays.com\/fr\/wp-json\/wp\/v2\/posts"}],"about":[{"href":"https:\/\/www.europesays.com\/fr\/wp-json\/wp\/v2\/types\/post"}],"author":[{"embeddable":true,"href":"https:\/\/www.europesays.com\/fr\/wp-json\/wp\/v2\/users\/2"}],"replies":[{"embeddable":true,"href":"https:\/\/www.europesays.com\/fr\/wp-json\/wp\/v2\/comments?post=231749"}],"version-history":[{"count":0,"href":"https:\/\/www.europesays.com\/fr\/wp-json\/wp\/v2\/posts\/231749\/revisions"}],"wp:featuredmedia":[{"embeddable":true,"href":"https:\/\/www.europesays.com\/fr\/wp-json\/wp\/v2\/media\/231750"}],"wp:attachment":[{"href":"https:\/\/www.europesays.com\/fr\/wp-json\/wp\/v2\/media?parent=231749"}],"wp:term":[{"taxonomy":"category","embeddable":true,"href":"https:\/\/www.europesays.com\/fr\/wp-json\/wp\/v2\/categories?post=231749"},{"taxonomy":"post_tag","embeddable":true,"href":"https:\/\/www.europesays.com\/fr\/wp-json\/wp\/v2\/tags?post=231749"}],"curies":[{"name":"wp","href":"https:\/\/api.w.org\/{rel}","templated":true}]}}